{"id":30479,"date":"2023-08-20T17:39:45","date_gmt":"2023-08-20T20:39:45","guid":{"rendered":"https:\/\/wpa.wscom.com.br\/?p=918874"},"modified":"2023-08-20T17:39:45","modified_gmt":"2023-08-20T20:39:45","slug":"preta-gil-diz-que-teve-utero-retirado-em-cirurgia-de-cancer-no-intestino-um-dia-de-cada-vez","status":"publish","type":"post","link":"https:\/\/sindaopcpb.org.br\/index.php\/2023\/08\/20\/preta-gil-diz-que-teve-utero-retirado-em-cirurgia-de-cancer-no-intestino-um-dia-de-cada-vez\/","title":{"rendered":"Preta Gil diz que teve \u00fatero retirado em cirurgia de c\u00e2ncer no intestino: \u2018Um dia de cada vez\u2019"},"content":{"rendered":"<p>A cantora Preta Gil publicou neste domingo (20), em suas redes sociais, uma foto no quarto do Hospital S\u00edrio-Liban\u00eas, na Zona Sul de S\u00e3o Paulo, onde se recupera da cirurgia para remo\u00e7\u00e3o de um tumor no intestino, realizada na \u00faltima quarta-feira (16).<\/p>\n<p>Ela contou que al\u00e9m do tumor, os m\u00e9dicos tamb\u00e9m retiraram o seu \u00fatero. O procedimento \u00e9 conhecido como histerectomia total. Segundo a artista, a cirurgia foi extensa e complexa e demorou mais de 14 horas.<\/p>\n<p>&#8220;Agora \u00e9 um dia de cada vez!!! Hoje j\u00e1 consegui sentar e sigo aqui lutando. J\u00e1 Deus tudo certo!!!<img decoding=\"async\" src=\"https:\/\/s.w.org\/images\/core\/emoji\/13.0.1\/72x72\/1f90d.png\" alt=\"\ud83e\udd0d\" class=\"wp-smiley\" style=\"height: 1em; max-height: 1em;\" title=\"\"><img decoding=\"async\" src=\"https:\/\/s.w.org\/images\/core\/emoji\/13.0.1\/72x72\/2728.png\" alt=\"\u2728\" class=\"wp-smiley\" style=\"height: 1em; max-height: 1em;\" title=\"\">&#8221;, disse a cantora.<\/p>\n<div id=\"chunk-s149\">\n<div class=\"mc-column content-text active-extra-styles \" data-block-type=\"unstyled\" data-block-weight=\"46\" data-block-id=\"7\">\n<p class=\"content-text__container \" data-track-category=\"Link no Texto\" data-track-links=\"\">O \u00faltimo boletim m\u00e9dico de Preta Gil foi divulgado pelo hospital na quinta-feira (17). Nele, a equipe m\u00e9dica afirmava que a cirurgia havia transcorrido sem intercorr\u00eancias e que cantora estava acordada em &#8220;bom estado geral&#8221; e &#8220;com par\u00e2metros cl\u00ednicos normais&#8221; na Unidade de Terapia Intensiva (UTI).<\/p>\n<\/div>\n<\/div>\n<div id=\"chunk-5jt2i\">\n<div class=\"mc-column content-text active-extra-styles \" data-block-type=\"unstyled\" data-block-weight=\"17\" data-block-id=\"8\">\n<p class=\"content-text__container \" data-track-category=\"Link no Texto\" data-track-links=\"\">Momentos antes do procedimento, Preta publicou no seu perfil que estava calma e confiante nos m\u00e9dicos.<\/p>\n<p data-track-category=\"Link no Texto\" data-track-links=\"\">\n<\/div>\n<\/div>\n<div id=\"chunk-e0gio\">\n<div class=\"row medium-uncollapsed content-media content-photo\" data-block-type=\"backstage-photo\" data-block-id=\"9\">\n<div class=\" mc-column content-media__container\">\n<div class=\"content-media-container glb-skeleton-box\">\n<figure class=\"content-media-figure\"><img decoding=\"async\" class=\"i-amphtml-fill-content i-amphtml-replaced-content\" src=\"https:\/\/s2-g1.glbimg.com\/c6BMcQuDcqUujwdCT1oi0uvfU1s=\/0x0:1170x1187\/984x0\/smart\/filters:strip_icc()\/i.s3.glbimg.com\/v1\/AUTH_59edd422c0c84a879bd37670ae4f538a\/internal_photos\/bs\/2023\/c\/A\/IPN0IRQlSZRR1NTBpiWg\/img-1137.png\" sizes=\"(max-width: 1366px) 648px, 100vw\" srcset=\"https:\/\/s2-g1.glbimg.com\/EV5lQqHFxV51VBG0Z9mj0tJK2mM=\/0x0:1170x1187\/1000x0\/smart\/filters:strip_icc()\/i.s3.glbimg.com\/v1\/AUTH_59edd422c0c84a879bd37670ae4f538a\/internal_photos\/bs\/2023\/c\/A\/IPN0IRQlSZRR1NTBpiWg\/img-1137.png 1000w, https:\/\/s2-g1.glbimg.com\/c6BMcQuDcqUujwdCT1oi0uvfU1s=\/0x0:1170x1187\/984x0\/smart\/filters:strip_icc()\/i.s3.glbimg.com\/v1\/AUTH_59edd422c0c84a879bd37670ae4f538a\/internal_photos\/bs\/2023\/c\/A\/IPN0IRQlSZRR1NTBpiWg\/img-1137.png 984w, https:\/\/s2-g1.glbimg.com\/0AsLEE5XhMlmi2kb_zgu31bCdPg=\/0x0:1170x1187\/640x0\/smart\/filters:strip_icc()\/i.s3.glbimg.com\/v1\/AUTH_59edd422c0c84a879bd37670ae4f538a\/internal_photos\/bs\/2023\/c\/A\/IPN0IRQlSZRR1NTBpiWg\/img-1137.png 640w, https:\/\/s2-g1.glbimg.com\/diKkA4YGc9lv3VbShJRYcK-oSiQ=\/0x0:1170x1187\/600x0\/smart\/filters:strip_icc()\/i.s3.glbimg.com\/v1\/AUTH_59edd422c0c84a879bd37670ae4f538a\/internal_photos\/bs\/2023\/c\/A\/IPN0IRQlSZRR1NTBpiWg\/img-1137.png 600w\" alt=\"Postagem de Flora Gil ap\u00f3s cirurgia de Preta Gil para retirada de tumor \u2014 Foto: Reprodu\u00e7\u00e3o\/Redes Sociais\" title=\"\"><\/figure>\n<\/div>\n<p class=\"content-media__description \"><span style=\"font-size: 8pt;\"><strong>Postagem de Flora Gil ap\u00f3s cirurgia de Preta Gil para retirada de tumor \u2014 Foto: Reprodu\u00e7\u00e3o\/Redes Sociais<\/strong><\/span><\/p>\n<p>&nbsp;<\/p>\n<\/div>\n<\/div>\n<\/div>\n<div id=\"chunk-4vce4\">\n<div class=\"mc-column content-text active-extra-styles \" data-block-type=\"unstyled\" data-block-weight=\"51\" data-block-id=\"10\">\n<p class=\"content-text__container \" data-track-category=\"Link no Texto\" data-track-links=\"\">&#8220;Estou indo agora fazer a cirurgia pra retirar o tumor. Estou aqui cercada de amor, com meu filho Francisco Gil, ao meu lado e tantos amigos e familiares, estou grata e calma, muito confiante nos m\u00e9dicos, j\u00e1 Deus certo, receberei a energia e vibra\u00e7\u00f5es positivas de voc\u00eas, orem por mim&#8221;.<\/p>\n<div id=\"chunk-3hib4\">\n<div class=\"mc-column content-text active-extra-styles \" data-block-type=\"unstyled\" data-block-weight=\"25\" data-block-id=\"14\">\n<p class=\"content-text__container \" data-track-category=\"Link no Texto\" data-track-links=\"\">A postagem recebeu centenas de coment\u00e1rios de famosos, dentre eles, o de Ivete Sangalo. &#8220;Santa Dulce est\u00e1 com vc<img decoding=\"async\" src=\"https:\/\/s.w.org\/images\/core\/emoji\/13.0.1\/72x72\/2764.png\" alt=\"\u2764\" class=\"wp-smiley\" style=\"height: 1em; max-height: 1em;\" title=\"\"> te amo&#8221;, escreveu a cantora.<\/p>\n<p data-track-category=\"Link no Texto\" data-track-links=\"\">\n<\/div>\n<\/div>\n<div id=\"chunk-44rdp\">\n<div class=\"row medium-uncollapsed content-media content-photo\" data-block-type=\"backstage-photo\" data-block-id=\"15\">\n<div class=\" mc-column content-media__container\">\n<div class=\"content-media-container glb-skeleton-box\">\n<figure class=\"content-media-figure\"><img decoding=\"async\" class=\"i-amphtml-fill-content i-amphtml-replaced-content\" src=\"https:\/\/s2-g1.glbimg.com\/dDbh132Bu8EFTf_saeT_OkFaYxI=\/0x0:1169x1298\/984x0\/smart\/filters:strip_icc()\/i.s3.glbimg.com\/v1\/AUTH_59edd422c0c84a879bd37670ae4f538a\/internal_photos\/bs\/2023\/F\/h\/NK3cj1SCWIfqDNAzZTVg\/img-1111.jpg\" sizes=\"(max-width: 1366px) 648px, 100vw\" srcset=\"https:\/\/s2-g1.glbimg.com\/JHpPjRsyOoQ_1mwn4xVq6BVu844=\/0x0:1169x1298\/1000x0\/smart\/filters:strip_icc()\/i.s3.glbimg.com\/v1\/AUTH_59edd422c0c84a879bd37670ae4f538a\/internal_photos\/bs\/2023\/F\/h\/NK3cj1SCWIfqDNAzZTVg\/img-1111.jpg 1000w, https:\/\/s2-g1.glbimg.com\/dDbh132Bu8EFTf_saeT_OkFaYxI=\/0x0:1169x1298\/984x0\/smart\/filters:strip_icc()\/i.s3.glbimg.com\/v1\/AUTH_59edd422c0c84a879bd37670ae4f538a\/internal_photos\/bs\/2023\/F\/h\/NK3cj1SCWIfqDNAzZTVg\/img-1111.jpg 984w, https:\/\/s2-g1.glbimg.com\/CfCW8hiQCVyWtKjUX3QYMczDjc8=\/0x0:1169x1298\/640x0\/smart\/filters:strip_icc()\/i.s3.glbimg.com\/v1\/AUTH_59edd422c0c84a879bd37670ae4f538a\/internal_photos\/bs\/2023\/F\/h\/NK3cj1SCWIfqDNAzZTVg\/img-1111.jpg 640w, https:\/\/s2-g1.glbimg.com\/CXPUCU-QpCzR120tffDBeoAwD50=\/0x0:1169x1298\/600x0\/smart\/filters:strip_icc()\/i.s3.glbimg.com\/v1\/AUTH_59edd422c0c84a879bd37670ae4f538a\/internal_photos\/bs\/2023\/F\/h\/NK3cj1SCWIfqDNAzZTVg\/img-1111.jpg 600w\" alt=\"Preta Gil posta foto com o filho, Francisco Gil, antes de entrar em cirurgia para remo\u00e7\u00e3o de tumor \u2014 Foto: Reprodu\u00e7\u00e3o\/Redes Sociais\" title=\"\"><\/figure>\n<\/div>\n<p class=\"content-media__description \"><span style=\"font-size: 8pt;\"><strong>Preta Gil posta foto com o filho, Francisco Gil, antes de entrar em cirurgia para remo\u00e7\u00e3o de tumor \u2014 Foto: Reprodu\u00e7\u00e3o\/Redes Sociais<\/strong><\/span><\/p>\n<\/div>\n<\/div>\n<\/div>\n<div id=\"chunk-8pgfa\">\n<div class=\"mc-column content-text active-extra-styles\" data-block-type=\"raw\" data-block-weight=\"5\" data-block-id=\"16\">\n<div class=\"content-intertitle\">\n<h2><\/h2>\n<h2>Tratamento contra c\u00e2ncer de intestino<\/h2>\n<\/div>\n<p>No\u00a0dia 10 de janeiro, a cantora Preta Gil recebeu o diagn\u00f3stico de um c\u00e2ncer no intestino.\u00a0Em entrevista ao\u00a0Fant\u00e1stico, em mar\u00e7o,\u00a0ela contou como enfrentou o diagn\u00f3stico e como se sentia.<\/p>\n<p>\u201cEu fui muito resignada. Entendi desde o primeiro momento que a vida estava me dando um sinal de alguma coisa. Nunca achei que isso era algo que ia me derrubar. Entendi que era algo que ia me transformar\u2019, disse.<\/p>\n<div id=\"chunk-cm041\">\n<div class=\"mc-column content-text active-extra-styles \" data-block-type=\"unstyled\" data-block-weight=\"41\" data-block-id=\"21\">\n<p class=\"content-text__container \" data-track-category=\"Link no Texto\" data-track-links=\"\">Preta relembrou que os sintomas come\u00e7aram a aparecer quando estava celebrando a vida do pai, Gilberto Gil, aos 80 anos, em uma turn\u00ea internacional. \u201cPassei mal em dois shows. N\u00e3o consegui fazer um show em Berlim e um show na Inglaterra\u201d.<\/p>\n<\/div>\n<\/div>\n<div id=\"chunk-5c7ed\">\n<div class=\"mc-column content-text active-extra-styles \" data-block-type=\"unstyled\" data-block-weight=\"63\" data-block-id=\"22\">\n<p class=\"content-text__container \" data-track-category=\"Link no Texto\" data-track-links=\"\">\u201cNunca dei tanto valor \u00e0 vida, \u00e0 f\u00e9 que me move. Quero a cada dia honrar ainda mais essa oportunidade de estar viva e de estar me curando. Uma doen\u00e7a que \u00e9 grave, mas que n\u00e3o vai me derrubar, n\u00e3o vai me levar. Eu n\u00e3o vou morrer disso, tenho certeza que vou viver muito e a gente ainda vai celebrar muito\u201d, disse Preta.<\/p>\n<p data-track-category=\"Link no Texto\" data-track-links=\"\">\n<\/div>\n<div id=\"chunk-50o9a\">\n<div class=\"row medium-uncollapsed content-media content-photo\" data-block-type=\"backstage-photo\" data-block-id=\"24\">\n<div class=\" mc-column  content-media__container\">\n<div class=\"content-media-container glb-skeleton-box\">\n<figure class=\"content-media-figure\"><img decoding=\"async\" class=\"i-amphtml-fill-content i-amphtml-replaced-content\" src=\"https:\/\/s2-g1.glbimg.com\/9bpmtTVCQZ4ng3MnP8vLLJEaKdM=\/0x0:640x360\/984x0\/smart\/filters:strip_icc()\/i.s3.glbimg.com\/v1\/AUTH_59edd422c0c84a879bd37670ae4f538a\/internal_photos\/bs\/2023\/j\/A\/cDPA5CQoAnlNAE4yYj0A\/whatsapp-image-2023-03-10-at-21.19.28.jpeg\" sizes=\"(max-width: 1366px) 648px, 100vw\" srcset=\"https:\/\/s2-g1.glbimg.com\/4_HDNlyRn1AXaViTjvPxO3v8Vkg=\/0x0:640x360\/1000x0\/smart\/filters:strip_icc()\/i.s3.glbimg.com\/v1\/AUTH_59edd422c0c84a879bd37670ae4f538a\/internal_photos\/bs\/2023\/j\/A\/cDPA5CQoAnlNAE4yYj0A\/whatsapp-image-2023-03-10-at-21.19.28.jpeg 1000w, https:\/\/s2-g1.glbimg.com\/9bpmtTVCQZ4ng3MnP8vLLJEaKdM=\/0x0:640x360\/984x0\/smart\/filters:strip_icc()\/i.s3.glbimg.com\/v1\/AUTH_59edd422c0c84a879bd37670ae4f538a\/internal_photos\/bs\/2023\/j\/A\/cDPA5CQoAnlNAE4yYj0A\/whatsapp-image-2023-03-10-at-21.19.28.jpeg 984w, https:\/\/s2-g1.glbimg.com\/pKQeuVLfrenHhqAipQ2tzPyqvCE=\/0x0:640x360\/640x0\/smart\/filters:strip_icc()\/i.s3.glbimg.com\/v1\/AUTH_59edd422c0c84a879bd37670ae4f538a\/internal_photos\/bs\/2023\/j\/A\/cDPA5CQoAnlNAE4yYj0A\/whatsapp-image-2023-03-10-at-21.19.28.jpeg 640w, https:\/\/s2-g1.glbimg.com\/CnF7vcYrMhu-hVw3Udn1fweBXhM=\/0x0:640x360\/600x0\/smart\/filters:strip_icc()\/i.s3.glbimg.com\/v1\/AUTH_59edd422c0c84a879bd37670ae4f538a\/internal_photos\/bs\/2023\/j\/A\/cDPA5CQoAnlNAE4yYj0A\/whatsapp-image-2023-03-10-at-21.19.28.jpeg 600w\" alt=\"Maju Coutinho e Preta Gil \u2014 Foto: Reprodu\u00e7\u00e3o\" title=\"\"><\/figure>\n<\/div>\n<p class=\"content-media__description  \"><span style=\"font-size: 8pt;\"><strong>Maju Coutinho e Preta Gil \u2014 Foto: Reprodu\u00e7\u00e3o<\/strong><\/span><\/p>\n<\/div>\n<\/div>\n<\/div>\n<div id=\"chunk-68p7c\">\n<div class=\"block-podcast\"><\/div>\n<\/div>\n<\/div>\n<p>&nbsp;<\/p>\n<\/div>\n<\/div>\n<\/div>\n<\/div>\n<p>O post <a rel=\"nofollow noopener\" href=\"https:\/\/wscom.com.br\/preta-gil-diz-que-teve-utero-retirado-em-cirurgia-de-cancer-no-intestino-um-dia-de-cada-vez\/\" target=\"_blank\">Preta Gil diz que teve \u00fatero retirado em cirurgia de c\u00e2ncer no intestino: &#8216;Um dia de cada vez&#8217;<\/a> apareceu primeiro em <a rel=\"nofollow noopener\" href=\"https:\/\/wscom.com.br\/\" target=\"_blank\">WSCOM<\/a>.<\/p>\n","protected":false},"excerpt":{"rendered":"<p>A cantora Preta Gil publicou neste domingo (20), em suas redes sociais, uma foto no quarto do Hospital S\u00edrio-Liban\u00eas, na Zona Sul de S\u00e3o Paulo, onde se recupera da cirurgia para remo\u00e7\u00e3o de um tumor no intestino, realizada na \u00faltima quarta-feira (16). Ela contou que al\u00e9m do tumor, os m\u00e9dicos tamb\u00e9m retiraram o seu \u00fatero. [\u2026]<\/p>\n<p>O post <a rel=\"nofollow\" href=\"https:\/\/wscom.com.br\/preta-gil-diz-que-teve-utero-retirado-em-cirurgia-de-cancer-no-intestino-um-dia-de-cada-vez\/\">Preta Gil diz que teve \u00fatero retirado em cirurgia de c\u00e2ncer no intestino: \u2018Um dia de cada vez\u2019<\/a> apareceu primeiro em <a rel=\"nofollow\" href=\"https:\/\/wscom.com.br\/\">WSCOM<\/a>.<\/p>\n","protected":false},"author":49,"featured_media":0,"comment_status":"closed","ping_status":"closed","sticky":false,"template":"","format":"standard","meta":{"advgb_blocks_editor_width":"","advgb_blocks_columns_visual_guide":"","footnotes":""},"categories":[7955,1113,436,7956,34,7957,7958],"tags":[35],"class_list":["post-30479","post","type-post","status-publish","format-standard","hentry","category-cancer-no-intestino","category-cantora","category-celebridades","category-filha-de-gilberto-gil","category-g1","category-histerectomia-total","category-preta-gil","tag-g1"],"author_meta":{"display_name":"Cristiane Cavalcante","author_link":"https:\/\/sindaopcpb.org.br\/author\/cristiane-cavalcante\/"},"featured_img":null,"coauthors":[],"tax_additional":{"categories":{"linked":["<a href=\"https:\/\/sindaopcpb.org.br\/cancer-no-intestino\/\" class=\"advgb-post-tax-term\">c\u00e2ncer no intestino<\/a>","<a href=\"https:\/\/sindaopcpb.org.br\/cantora\/\" class=\"advgb-post-tax-term\">cantora<\/a>","<a href=\"https:\/\/sindaopcpb.org.br\/celebridades\/\" class=\"advgb-post-tax-term\">Celebridades<\/a>","<a href=\"https:\/\/sindaopcpb.org.br\/filha-de-gilberto-gil\/\" class=\"advgb-post-tax-term\">filha de Gilberto Gil<\/a>","<a href=\"https:\/\/sindaopcpb.org.br\/g1\/\" class=\"advgb-post-tax-term\">G1<\/a>","<a href=\"https:\/\/sindaopcpb.org.br\/histerectomia-total\/\" class=\"advgb-post-tax-term\">histerectomia total<\/a>","<a href=\"https:\/\/sindaopcpb.org.br\/preta-gil\/\" class=\"advgb-post-tax-term\">preta gil<\/a>"],"unlinked":["<span class=\"advgb-post-tax-term\">c\u00e2ncer no intestino<\/span>","<span class=\"advgb-post-tax-term\">cantora<\/span>","<span class=\"advgb-post-tax-term\">Celebridades<\/span>","<span class=\"advgb-post-tax-term\">filha de Gilberto Gil<\/span>","<span class=\"advgb-post-tax-term\">G1<\/span>","<span class=\"advgb-post-tax-term\">histerectomia total<\/span>","<span class=\"advgb-post-tax-term\">preta gil<\/span>"]},"tags":{"linked":["<a href=\"https:\/\/sindaopcpb.org.br\/preta-gil\/\" class=\"advgb-post-tax-term\">g1<\/a>"],"unlinked":["<span class=\"advgb-post-tax-term\">g1<\/span>"]}},"comment_count":"0","relative_dates":{"created":"Publicado 3 anos atr\u00e1s","modified":"Atualizado 3 anos atr\u00e1s"},"absolute_dates":{"created":"Publicado em 20 de agosto de 2023","modified":"Atualizado em 20 de agosto de 2023"},"absolute_dates_time":{"created":"Publicado em 20 de agosto de 2023 17:39","modified":"Atualizado em 20 de agosto de 2023 17:39"},"featured_img_caption":"","series_order":"","_links":{"self":[{"href":"https:\/\/sindaopcpb.org.br\/index.php\/wp-json\/wp\/v2\/posts\/30479","targetHints":{"allow":["GET"]}}],"collection":[{"href":"https:\/\/sindaopcpb.org.br\/index.php\/wp-json\/wp\/v2\/posts"}],"about":[{"href":"https:\/\/sindaopcpb.org.br\/index.php\/wp-json\/wp\/v2\/types\/post"}],"author":[{"embeddable":true,"href":"https:\/\/sindaopcpb.org.br\/index.php\/wp-json\/wp\/v2\/users\/49"}],"replies":[{"embeddable":true,"href":"https:\/\/sindaopcpb.org.br\/index.php\/wp-json\/wp\/v2\/comments?post=30479"}],"version-history":[{"count":1,"href":"https:\/\/sindaopcpb.org.br\/index.php\/wp-json\/wp\/v2\/posts\/30479\/revisions"}],"predecessor-version":[{"id":30480,"href":"https:\/\/sindaopcpb.org.br\/index.php\/wp-json\/wp\/v2\/posts\/30479\/revisions\/30480"}],"wp:attachment":[{"href":"https:\/\/sindaopcpb.org.br\/index.php\/wp-json\/wp\/v2\/media?parent=30479"}],"wp:term":[{"taxonomy":"category","embeddable":true,"href":"https:\/\/sindaopcpb.org.br\/index.php\/wp-json\/wp\/v2\/categories?post=30479"},{"taxonomy":"post_tag","embeddable":true,"href":"https:\/\/sindaopcpb.org.br\/index.php\/wp-json\/wp\/v2\/tags?post=30479"}],"curies":[{"name":"wp","href":"https:\/\/api.w.org\/{rel}","templated":true}]}}