{"id":30399,"date":"2023-08-20T10:56:56","date_gmt":"2023-08-20T13:56:56","guid":{"rendered":"https:\/\/g1.globo.com\/pb\/paraiba\/noticia\/2023\/08\/20\/cantor-e-baleado-por-garcom-apos-briga-em-quiosque-na-orla-de-joao-pessoa-diz-policia.ghtml"},"modified":"2023-08-20T10:56:56","modified_gmt":"2023-08-20T13:56:56","slug":"cantor-e-baleado-por-garcom-apos-briga-em-quiosque-na-orla-de-joao-pessoa-diz-policia","status":"publish","type":"post","link":"https:\/\/sindaopcpb.org.br\/index.php\/2023\/08\/20\/cantor-e-baleado-por-garcom-apos-briga-em-quiosque-na-orla-de-joao-pessoa-diz-policia\/","title":{"rendered":"Cantor \u00e9 baleado por gar\u00e7om ap\u00f3s briga em quiosque na orla de Jo\u00e3o Pessoa, diz pol\u00edcia"},"content":{"rendered":"   <img src=\"https:\/\/s2.glbimg.com\/dr90Jgo11AooVQ-6nVEm2lc3U1I=\/i.s3.glbimg.com\/v1\/AUTH_59edd422c0c84a879bd37670ae4f538a\/internal_photos\/bs\/2018\/u\/4\/k8kMOrQWWKTqRkRnfTxg\/hospital-de-trauma-de-joao-pessoa.jpg\" \/><br \/>     V\u00edtima e suspeito bebiam com mais dois colegas de trabalho ap\u00f3s o expediente, quando o crime aconteceu. Hospital de Emerg\u00eancia e Trauma de Jo\u00e3o Pessoa\nReprodu\u00e7\u00e3o\/TV Cabo Branco\nUm cantor que se apresenta em um quiosque na orla de Cabo Branco, em Jo\u00e3o Pessoa, foi baleado por um gar\u00e7om que trabalha no mesmo local, na madrugada deste domingo (20). \n\ud83d\udcf1 Compartilhe esta not\u00edcia pelo Whatsapp\nSegundo a Pol\u00edcia Militar, v\u00edtima e suspeito estavam bebendo com mais dois colegas de trabalho ap\u00f3s o expediente. Eles teriam discutido enquanto debatiam se sairiam ou n\u00e3o com o carro do patr\u00e3o.\n\u00c0 PM, a v\u00edtima disse que o suspeito tirou a arma dele e atirou. O gar\u00e7om nega. As outras duas pessoas que estavam no local alegam que n\u00e3o viram o que aconteceu.\nDe acordo com a Pol\u00edcia Civil, o suspeito \u00e9 natural de Ing\u00e1 e trabalha no quiosque h\u00e1 poucos meses. Ele foi levado para a para a Delegacia de Homic\u00eddios.\nA v\u00edtima foi socorrida e encaminhada para o Hospital de Trauma.\nA Pol\u00edcia Civil investiga o caso para entender como o crime aconteceu.\nV\u00eddeos mais assistidos do g1 Para\u00edba  ","protected":false},"excerpt":{"rendered":"<p>        V\u00edtima e suspeito bebiam com mais dois colegas de trabalho ap\u00f3s o expediente, quando o crime aconteceu. Hospital de Emerg\u00eancia e Trauma de Jo\u00e3o Pessoa<br \/>\nReprodu\u00e7\u00e3o\/TV Cabo Branco<br \/>\nUm cantor que se apresenta em um quiosque na orla de Cabo Branco, e&#8230;<\/p>\n","protected":false},"author":2,"featured_media":0,"comment_status":"closed","ping_status":"closed","sticky":false,"template":"","format":"standard","meta":{"advgb_blocks_editor_width":"","advgb_blocks_columns_visual_guide":"","footnotes":""},"categories":[34],"tags":[35],"class_list":["post-30399","post","type-post","status-publish","format-standard","hentry","category-g1","tag-g1"],"author_meta":{"display_name":"g1 &gt; Para\u00edba","author_link":"https:\/\/sindaopcpb.org.br\/author\/g1-paraiba\/"},"featured_img":null,"coauthors":[],"tax_additional":{"categories":{"linked":["<a href=\"https:\/\/sindaopcpb.org.br\/g1\/\" class=\"advgb-post-tax-term\">G1<\/a>"],"unlinked":["<span class=\"advgb-post-tax-term\">G1<\/span>"]},"tags":{"linked":["<a href=\"https:\/\/sindaopcpb.org.br\/g1\/\" class=\"advgb-post-tax-term\">g1<\/a>"],"unlinked":["<span class=\"advgb-post-tax-term\">g1<\/span>"]}},"comment_count":"0","relative_dates":{"created":"Publicado 3 anos atr\u00e1s","modified":"Atualizado 3 anos atr\u00e1s"},"absolute_dates":{"created":"Publicado em 20 de agosto de 2023","modified":"Atualizado em 20 de agosto de 2023"},"absolute_dates_time":{"created":"Publicado em 20 de agosto de 2023 10:56","modified":"Atualizado em 20 de agosto de 2023 10:56"},"featured_img_caption":"","series_order":"","_links":{"self":[{"href":"https:\/\/sindaopcpb.org.br\/index.php\/wp-json\/wp\/v2\/posts\/30399","targetHints":{"allow":["GET"]}}],"collection":[{"href":"https:\/\/sindaopcpb.org.br\/index.php\/wp-json\/wp\/v2\/posts"}],"about":[{"href":"https:\/\/sindaopcpb.org.br\/index.php\/wp-json\/wp\/v2\/types\/post"}],"author":[{"embeddable":true,"href":"https:\/\/sindaopcpb.org.br\/index.php\/wp-json\/wp\/v2\/users\/2"}],"replies":[{"embeddable":true,"href":"https:\/\/sindaopcpb.org.br\/index.php\/wp-json\/wp\/v2\/comments?post=30399"}],"version-history":[{"count":1,"href":"https:\/\/sindaopcpb.org.br\/index.php\/wp-json\/wp\/v2\/posts\/30399\/revisions"}],"predecessor-version":[{"id":30400,"href":"https:\/\/sindaopcpb.org.br\/index.php\/wp-json\/wp\/v2\/posts\/30399\/revisions\/30400"}],"wp:attachment":[{"href":"https:\/\/sindaopcpb.org.br\/index.php\/wp-json\/wp\/v2\/media?parent=30399"}],"wp:term":[{"taxonomy":"category","embeddable":true,"href":"https:\/\/sindaopcpb.org.br\/index.php\/wp-json\/wp\/v2\/categories?post=30399"},{"taxonomy":"post_tag","embeddable":true,"href":"https:\/\/sindaopcpb.org.br\/index.php\/wp-json\/wp\/v2\/tags?post=30399"}],"curies":[{"name":"wp","href":"https:\/\/api.w.org\/{rel}","templated":true}]}}