{"id":30391,"date":"2023-08-20T15:40:02","date_gmt":"2023-08-20T18:40:02","guid":{"rendered":"https:\/\/g1.globo.com\/pb\/paraiba\/noticia\/2023\/08\/20\/mulher-morre-e-outras-pessoas-ficam-feridas-apos-carro-cair-de-viaduto-na-grande-joao-pessoa.ghtml"},"modified":"2023-08-20T15:40:02","modified_gmt":"2023-08-20T18:40:02","slug":"mulher-morre-e-outras-duas-pessoas-ficam-feridas-apos-carro-cair-de-viaduto-na-grande-joao-pessoa","status":"publish","type":"post","link":"https:\/\/sindaopcpb.org.br\/index.php\/2023\/08\/20\/mulher-morre-e-outras-duas-pessoas-ficam-feridas-apos-carro-cair-de-viaduto-na-grande-joao-pessoa\/","title":{"rendered":"Mulher morre e outras duas pessoas ficam feridas ap\u00f3s carro cair de viaduto na Grande Jo\u00e3o Pessoa"},"content":{"rendered":"   <img src=\"https:\/\/s2.glbimg.com\/WxxOcmDb1lxNbzszprvvREXXr7c=\/i.s3.glbimg.com\/v1\/AUTH_59edd422c0c84a879bd37670ae4f538a\/internal_photos\/bs\/2023\/p\/A\/Pqeh6GQsuT4smbYI59RA\/acidente.jpeg\" \/><br \/>     Acidente n\u00e3o envolveu outros ve\u00edculos. Carro em que as v\u00edtimas estavam quebrou a mureta do viaduto e caiu, ficando de cabe\u00e7a para baixo no acostamento da via. Mulher morre e outras duas pessoas ficam feridas ap\u00f3s carro cair de viaduto na Grande Jo\u00e3o Pessoa\nYanka Oliveira\/TV Cabo Branco\nUma mulher morreu e mais duas pessoas ficaram feridas ap\u00f3s o motorista de um carro perder o controle da dire\u00e7\u00e3o e cair de um viaduto em Santa Rita, na Regi\u00e3o Metropolitana de Jo\u00e3o Pessoa. O acidente aconteceu na tarde deste domingo (20).\nUma crian\u00e7a tamb\u00e9m estava no autom\u00f3vel, mas devido ao uso da cadeirinha, n\u00e3o se feriu.\nO acidente n\u00e3o envolveu outros ve\u00edculos. O carro em que as v\u00edtimas estavam quebrou a mureta do viaduto e caiu, ficando de cabe\u00e7a para baixo no acostamento da via.\nUma das passageiras morreu ainda no local do acidente. Ela foi socorrida pela equipe m\u00e9dica em uma ambul\u00e2ncia, mas n\u00e3o resistiu aos ferimentos e nem chegou a ser levada ao hospital.\nEstavam no ve\u00edculo que caiu:\nUma mulher, que morreu;\nUm menino, que n\u00e3o se machucou;\nUm homem, motorista do carro, que n\u00e3o foi levado ao hospital;\nUma mulher, que precisou ser internada.\nA mulher que sobreviveu foi levada ao Hospital de Trauma de Jo\u00e3o Pessoa em estado de sa\u00fade grave e precisou ser intubada.\nUm familiar das v\u00edtimas informou \u00e0 TV Cabo Branco que o motorista e os passageiros do autom\u00f3vel viajavam com destino ao munic\u00edpio de Pilar.\nAinda n\u00e3o \u00e9 poss\u00edvel dizer o que causou o acidente.\n V\u00eddeos mais assistidos do g1 Para\u00edba  ","protected":false},"excerpt":{"rendered":"<p>        Acidente n\u00e3o envolveu outros ve\u00edculos. Carro em que as v\u00edtimas estavam quebrou a mureta do viaduto e caiu, ficando de cabe\u00e7a para baixo no acostamento da via. Mulher morre e outras duas pessoas ficam feridas ap\u00f3s carro cair de viaduto na Grande&#8230;<\/p>\n","protected":false},"author":2,"featured_media":0,"comment_status":"closed","ping_status":"closed","sticky":false,"template":"","format":"standard","meta":{"advgb_blocks_editor_width":"","advgb_blocks_columns_visual_guide":"","footnotes":""},"categories":[34],"tags":[35],"class_list":["post-30391","post","type-post","status-publish","format-standard","hentry","category-g1","tag-g1"],"author_meta":{"display_name":"g1 &gt; Para\u00edba","author_link":"https:\/\/sindaopcpb.org.br\/author\/g1-paraiba\/"},"featured_img":null,"coauthors":[],"tax_additional":{"categories":{"linked":["<a href=\"https:\/\/sindaopcpb.org.br\/g1\/\" class=\"advgb-post-tax-term\">G1<\/a>"],"unlinked":["<span class=\"advgb-post-tax-term\">G1<\/span>"]},"tags":{"linked":["<a href=\"https:\/\/sindaopcpb.org.br\/g1\/\" class=\"advgb-post-tax-term\">g1<\/a>"],"unlinked":["<span class=\"advgb-post-tax-term\">g1<\/span>"]}},"comment_count":"0","relative_dates":{"created":"Publicado 3 anos atr\u00e1s","modified":"Atualizado 3 anos atr\u00e1s"},"absolute_dates":{"created":"Publicado em 20 de agosto de 2023","modified":"Atualizado em 20 de agosto de 2023"},"absolute_dates_time":{"created":"Publicado em 20 de agosto de 2023 15:40","modified":"Atualizado em 20 de agosto de 2023 15:40"},"featured_img_caption":"","series_order":"","_links":{"self":[{"href":"https:\/\/sindaopcpb.org.br\/index.php\/wp-json\/wp\/v2\/posts\/30391","targetHints":{"allow":["GET"]}}],"collection":[{"href":"https:\/\/sindaopcpb.org.br\/index.php\/wp-json\/wp\/v2\/posts"}],"about":[{"href":"https:\/\/sindaopcpb.org.br\/index.php\/wp-json\/wp\/v2\/types\/post"}],"author":[{"embeddable":true,"href":"https:\/\/sindaopcpb.org.br\/index.php\/wp-json\/wp\/v2\/users\/2"}],"replies":[{"embeddable":true,"href":"https:\/\/sindaopcpb.org.br\/index.php\/wp-json\/wp\/v2\/comments?post=30391"}],"version-history":[{"count":1,"href":"https:\/\/sindaopcpb.org.br\/index.php\/wp-json\/wp\/v2\/posts\/30391\/revisions"}],"predecessor-version":[{"id":30392,"href":"https:\/\/sindaopcpb.org.br\/index.php\/wp-json\/wp\/v2\/posts\/30391\/revisions\/30392"}],"wp:attachment":[{"href":"https:\/\/sindaopcpb.org.br\/index.php\/wp-json\/wp\/v2\/media?parent=30391"}],"wp:term":[{"taxonomy":"category","embeddable":true,"href":"https:\/\/sindaopcpb.org.br\/index.php\/wp-json\/wp\/v2\/categories?post=30391"},{"taxonomy":"post_tag","embeddable":true,"href":"https:\/\/sindaopcpb.org.br\/index.php\/wp-json\/wp\/v2\/tags?post=30391"}],"curies":[{"name":"wp","href":"https:\/\/api.w.org\/{rel}","templated":true}]}}