{"id":30374,"date":"2023-08-20T12:50:19","date_gmt":"2023-08-20T15:50:19","guid":{"rendered":"https:\/\/wpa.wscom.com.br\/?p=918856"},"modified":"2023-08-20T12:50:19","modified_gmt":"2023-08-20T15:50:19","slug":"maioria-do-stf-torna-zambelli-re-por-perseguicao-armada-em-sao-paulo","status":"publish","type":"post","link":"https:\/\/sindaopcpb.org.br\/index.php\/2023\/08\/20\/maioria-do-stf-torna-zambelli-re-por-perseguicao-armada-em-sao-paulo\/","title":{"rendered":"Maioria do STF torna Zambelli r\u00e9 por persegui\u00e7\u00e3o armada em S\u00e3o Paulo"},"content":{"rendered":"<p>O Supremo Tribunal Federal (STF) tornou a deputada Carla Zambelli (PL-SP) r\u00e9 pelos crimes de porte ilegal de arma e constrangimento ilegal com emprego de arma de fogo. O placar da vota\u00e7\u00e3o terminou em 9 a 2 contra a deputada, na manh\u00e3 deste domingo (20).<\/p>\n<p>Os dois ministros que votaram contra a proposta, Kassio Nunes Marques e Andr\u00e9 Mendon\u00e7a, ambos indicados por Bolsonaro, divergiram sobre a den\u00fancia contra Zambelli por persegui\u00e7\u00e3o, com Marques defendendo a atitude da deputada como &#8220;leg\u00edtima&#8221; devido a ofensas recebidas, enquanto Mendon\u00e7a sugerindo que o caso fosse encaminhado para a Justi\u00e7a de S\u00e3o Paulo.<\/p>\n<p><b>Relembre o caso <\/b>&#8211; O epis\u00f3dio em quest\u00e3o ocorreu na v\u00e9spera do segundo turno das elei\u00e7\u00f5es presidenciais, quando Carla Zambelli perseguiu um homem negro acompanhada de seus seguran\u00e7as no bairro Jardins, em S\u00e3o Paulo. A deputada sacou uma arma e correu atr\u00e1s do jornalista Luan Ara\u00fajo ap\u00f3s ouvir provoca\u00e7\u00f5es como &#8220;Amanh\u00e3 \u00e9 Lula&#8221; e &#8220;Voc\u00eas v\u00e3o voltar para o bueiro de onde n\u00e3o deveriam ter sa\u00eddo.&#8221;<\/p>\n<p>Kassio Nunes Marques justificou sua posi\u00e7\u00e3o argumentando que n\u00e3o havia &#8220;justa causa&#8221; para as acusa\u00e7\u00f5es contra Zambelli. Ele defendeu que a deputada foi ofendida e agiu legitimamente ao tentar prender o jornalista em flagrante delito. Segundo Marques, a conduta da acusada estava inserida no contexto das ofensas dirigidas a ela, tornando sua a\u00e7\u00e3o leg\u00edtima.<\/p>\n<p>Por outro lado, o ministro Andr\u00e9 Mendon\u00e7a n\u00e3o se manifestou sobre o teor da den\u00fancia, mas argumentou que o caso n\u00e3o deveria ser processado no STF, pois n\u00e3o estava relacionado ao exerc\u00edcio da atividade parlamentar. Ele sugeriu que o processo fosse transferido para a Justi\u00e7a de S\u00e3o Paulo.<\/p>\n<p>O post <a rel=\"nofollow noopener\" href=\"https:\/\/wscom.com.br\/maioria-do-stf-torna-zambelli-re-por-perseguicao-armada-em-sao-paulo\/\" target=\"_blank\">Maioria do STF torna Zambelli r\u00e9 por persegui\u00e7\u00e3o armada em S\u00e3o Paulo<\/a> apareceu primeiro em <a rel=\"nofollow noopener\" href=\"https:\/\/wscom.com.br\/\" target=\"_blank\">WSCOM<\/a>.<\/p>\n","protected":false},"excerpt":{"rendered":"<p>O Supremo Tribunal Federal (STF) tornou a deputada Carla Zambelli (PL-SP) r\u00e9 pelos crimes de porte ilegal de arma e constrangimento ilegal com emprego de arma de fogo. O placar da vota\u00e7\u00e3o terminou em 9 a 2 contra a deputada, na manh\u00e3 deste domingo (20). Os dois ministros que votaram contra a proposta, Kassio Nunes [\u2026]<\/p>\n<p>O post <a rel=\"nofollow\" href=\"https:\/\/wscom.com.br\/maioria-do-stf-torna-zambelli-re-por-perseguicao-armada-em-sao-paulo\/\">Maioria do STF torna Zambelli r\u00e9 por persegui\u00e7\u00e3o armada em S\u00e3o Paulo<\/a> apareceu primeiro em <a rel=\"nofollow\" href=\"https:\/\/wscom.com.br\/\">WSCOM<\/a>.<\/p>\n","protected":false},"author":49,"featured_media":0,"comment_status":"closed","ping_status":"closed","sticky":false,"template":"","format":"standard","meta":{"advgb_blocks_editor_width":"","advgb_blocks_columns_visual_guide":"","footnotes":""},"categories":[6274,728,34,7924,278,3229,7925,7926,424],"tags":[35],"class_list":["post-30374","post","type-post","status-publish","format-standard","hentry","category-deputada-federal-carla-zambelli","category-eleicoes-2022","category-g1","category-jornalista-luan-araujo","category-justica","category-maioria-do-stf","category-militante-petista","category-perseguicao-armada","category-sao-paulo","tag-g1"],"author_meta":{"display_name":"Cristiane Cavalcante","author_link":"https:\/\/sindaopcpb.org.br\/author\/cristiane-cavalcante\/"},"featured_img":null,"coauthors":[],"tax_additional":{"categories":{"linked":["<a href=\"https:\/\/sindaopcpb.org.br\/deputada-federal-carla-zambelli\/\" class=\"advgb-post-tax-term\">deputada federal Carla Zambelli<\/a>","<a href=\"https:\/\/sindaopcpb.org.br\/eleicoes-2022\/\" class=\"advgb-post-tax-term\">Elei\u00e7\u00f5es 2022<\/a>","<a href=\"https:\/\/sindaopcpb.org.br\/g1\/\" class=\"advgb-post-tax-term\">G1<\/a>","<a href=\"https:\/\/sindaopcpb.org.br\/jornalista-luan-araujo\/\" class=\"advgb-post-tax-term\">jornalista Luan Ara\u00fajo<\/a>","<a href=\"https:\/\/sindaopcpb.org.br\/justica\/\" class=\"advgb-post-tax-term\">Justi\u00e7a<\/a>","<a href=\"https:\/\/sindaopcpb.org.br\/maioria-do-stf\/\" class=\"advgb-post-tax-term\">Maioria do STF<\/a>","<a href=\"https:\/\/sindaopcpb.org.br\/militante-petista\/\" class=\"advgb-post-tax-term\">militante petista<\/a>","<a href=\"https:\/\/sindaopcpb.org.br\/perseguicao-armada\/\" class=\"advgb-post-tax-term\">persegui\u00e7\u00e3o armada<\/a>","<a href=\"https:\/\/sindaopcpb.org.br\/sao-paulo\/\" class=\"advgb-post-tax-term\">S\u00e3o Paulo<\/a>"],"unlinked":["<span class=\"advgb-post-tax-term\">deputada federal Carla Zambelli<\/span>","<span class=\"advgb-post-tax-term\">Elei\u00e7\u00f5es 2022<\/span>","<span class=\"advgb-post-tax-term\">G1<\/span>","<span class=\"advgb-post-tax-term\">jornalista Luan Ara\u00fajo<\/span>","<span class=\"advgb-post-tax-term\">Justi\u00e7a<\/span>","<span class=\"advgb-post-tax-term\">Maioria do STF<\/span>","<span class=\"advgb-post-tax-term\">militante petista<\/span>","<span class=\"advgb-post-tax-term\">persegui\u00e7\u00e3o armada<\/span>","<span class=\"advgb-post-tax-term\">S\u00e3o Paulo<\/span>"]},"tags":{"linked":["<a href=\"https:\/\/sindaopcpb.org.br\/sao-paulo\/\" class=\"advgb-post-tax-term\">g1<\/a>"],"unlinked":["<span class=\"advgb-post-tax-term\">g1<\/span>"]}},"comment_count":"0","relative_dates":{"created":"Publicado 3 anos atr\u00e1s","modified":"Atualizado 3 anos atr\u00e1s"},"absolute_dates":{"created":"Publicado em 20 de agosto de 2023","modified":"Atualizado em 20 de agosto de 2023"},"absolute_dates_time":{"created":"Publicado em 20 de agosto de 2023 12:50","modified":"Atualizado em 20 de agosto de 2023 12:50"},"featured_img_caption":"","series_order":"","_links":{"self":[{"href":"https:\/\/sindaopcpb.org.br\/index.php\/wp-json\/wp\/v2\/posts\/30374","targetHints":{"allow":["GET"]}}],"collection":[{"href":"https:\/\/sindaopcpb.org.br\/index.php\/wp-json\/wp\/v2\/posts"}],"about":[{"href":"https:\/\/sindaopcpb.org.br\/index.php\/wp-json\/wp\/v2\/types\/post"}],"author":[{"embeddable":true,"href":"https:\/\/sindaopcpb.org.br\/index.php\/wp-json\/wp\/v2\/users\/49"}],"replies":[{"embeddable":true,"href":"https:\/\/sindaopcpb.org.br\/index.php\/wp-json\/wp\/v2\/comments?post=30374"}],"version-history":[{"count":1,"href":"https:\/\/sindaopcpb.org.br\/index.php\/wp-json\/wp\/v2\/posts\/30374\/revisions"}],"predecessor-version":[{"id":30375,"href":"https:\/\/sindaopcpb.org.br\/index.php\/wp-json\/wp\/v2\/posts\/30374\/revisions\/30375"}],"wp:attachment":[{"href":"https:\/\/sindaopcpb.org.br\/index.php\/wp-json\/wp\/v2\/media?parent=30374"}],"wp:term":[{"taxonomy":"category","embeddable":true,"href":"https:\/\/sindaopcpb.org.br\/index.php\/wp-json\/wp\/v2\/categories?post=30374"},{"taxonomy":"post_tag","embeddable":true,"href":"https:\/\/sindaopcpb.org.br\/index.php\/wp-json\/wp\/v2\/tags?post=30374"}],"curies":[{"name":"wp","href":"https:\/\/api.w.org\/{rel}","templated":true}]}}