{"id":30322,"date":"2023-08-18T07:59:20","date_gmt":"2023-08-18T10:59:20","guid":{"rendered":"https:\/\/wpa.wscom.com.br\/?p=918359"},"modified":"2023-08-18T07:59:20","modified_gmt":"2023-08-18T10:59:20","slug":"mppb-publica-edital-para-selecao-de-estagio-de-graduandos-de-11-cursos-superiores-inscricao-comeca-dia-28","status":"publish","type":"post","link":"https:\/\/sindaopcpb.org.br\/index.php\/2023\/08\/18\/mppb-publica-edital-para-selecao-de-estagio-de-graduandos-de-11-cursos-superiores-inscricao-comeca-dia-28\/","title":{"rendered":"MPPB publica edital para sele\u00e7\u00e3o de est\u00e1gio de graduandos de 11 cursos superiores; inscri\u00e7\u00e3o come\u00e7a dia 28"},"content":{"rendered":"<p>O Minist\u00e9rio P\u00fablico da Para\u00edba (MPPB) publicou edital para a realiza\u00e7\u00e3o de processo seletivo para forma\u00e7\u00e3o de cadastro reserva para est\u00e1gio presencial de graduandos do 4\u00ba ao 6\u00ba per\u00edodos de 11 cursos superiores. A sele\u00e7\u00e3o ser\u00e1 realizada pelo Centro de Integra\u00e7\u00e3o Empresa Escola (CIEE), por meio de prova online. As inscri\u00e7\u00f5es s\u00f3 poder\u00e3o ser efetuadas pelo\u00a0<a href=\"https:\/\/pp.ciee.org.br\/vitrine\/processos%20-seletivos\/publico\" rel=\"nofollow noopener\" target=\"_blank\">site do CIEE<\/a>\u00a0e dever\u00e3o ser feitas, no per\u00edodo de 28 de agosto at\u00e9 \u00e0s 12h do dia 12 de setembro (hor\u00e1rio de Bras\u00edlia).<\/p>\n<p>Conforme o edital disponibilizado no Di\u00e1rio Oficial Eletr\u00f4nico do MPPB do \u00faltimo dia 15, o est\u00e1gio ser\u00e1 realizado em setores e \u00f3rg\u00e3os do MPPB localizados em Jo\u00e3o Pessoa e ter\u00e1 carga hor\u00e1ria de 25 horas semanais (n\u00e3o excedendo 5 horas por dia). Os selecionados receber\u00e3o bolsa de R$ 700,00 e aux\u00edlio transporte de R$ 107,80.<\/p>\n<p>O est\u00e1gio vai contemplar graduandos dos cursos de Administra\u00e7\u00e3o, Arquitetura, Arquivologia, Ci\u00eancias Cont\u00e1beis, Design Gr\u00e1fico, Engenharia Civil, Inform\u00e1tica, Jornalismo, M\u00eddias Digitais, Rela\u00e7\u00f5es P\u00fablicas e Servi\u00e7o Social. Para participar da sele\u00e7\u00e3o, o estudante dever\u00e1 estar matriculado em institui\u00e7\u00e3o de ensino superior p\u00fablica ou privada que possua conv\u00eanio vigente com o CIEE e cursando os cursos previstos no edital no ano vigente.<\/p>\n<p>Tamb\u00e9m s\u00e3o requisitos ser brasileiro nato, naturalizado ou estrangeiro com visto permanente no Pa\u00eds; ter idade m\u00ednima de 16 anos completos; n\u00e3o ter sido exonerado a bem do servi\u00e7o p\u00fablico; estar em dia com as obriga\u00e7\u00f5es eleitorais (quando maior de 18 anos) e militares (se do sexo masculino e maior de 18 anos). Ser\u00e1 observada a pol\u00edtica de est\u00e1gio de cada institui\u00e7\u00e3o, conforme a Lei 11.788\/08.<\/p>\n<p><strong>Inclus\u00e3o<\/strong><\/p>\n<p>O MPPB reservar\u00e1 10% das vagas de cada curso \u00e0s pessoas com defici\u00eancia e 30%, \u00e0s pessoas negras (pretas e pardas). O edital orienta candidatos com defici\u00eancia e negros a como procederem suas inscri\u00e7\u00f5es.<\/p>\n<p>Candidatos trans (travesti ou transexual) que desejarem atendimento pelo nome social, ainda que n\u00e3o possuam os documentos oficiais retificados com o seu nome, dever\u00e3o selecionar, no ato da inscri\u00e7\u00e3o, o item \u201cDados Pessoais\u201d e a op\u00e7\u00e3o \u201cdesejo informar meu nome social\u201d, para preencher o campo \u201cnome social\u201d. Nessa situa\u00e7\u00e3o, o candidato dever\u00e1 realizar sua inscri\u00e7\u00e3o informando seu nome civil no campo nome completo, ficando ciente de que o nome social, ser\u00e1 utilizado em toda a comunica\u00e7\u00e3o p\u00fablica do processo seletivo, sendo considerado o nome civil apenas para as etapas internas (formaliza\u00e7\u00e3o do Termo de Compromisso de Est\u00e1gio) e para a devida identifica\u00e7\u00e3o dos inscritos.<\/p>\n<p><strong>Provas<\/strong><\/p>\n<p>Ser\u00e3o aplicadas duas provas online objetivas com 10 quest\u00f5es de m\u00faltipla escolha, cada uma. A primeira prova ser\u00e1 sobre l\u00edngua portuguesa e a segunda, sobre conhecimentos gerais (educa\u00e7\u00e3o, cultura, meio ambiente, pol\u00edtica, economia, hist\u00f3ria e geografia). As provas ser\u00e3o realizadas de forma gratuita, no per\u00edodo de 28 de agosto at\u00e9 \u00e0s 12h do dia 12 de setembro deste ano, pelo site do CIEE.<\/p>\n<p>Os candidatos ter\u00e3o dois minutos para responder cada quest\u00e3o e caso n\u00e3o respondam dentro do tempo determinado, o sistema gravar\u00e1 a resposta em branco e seguir\u00e1 automaticamente para a pr\u00f3xima quest\u00e3o. O edital tamb\u00e9m traz as regras para realiza\u00e7\u00e3o das provas.<\/p>\n<p>S\u00f3 ser\u00e1 classificado quem obtiver nota igual ou superior a 50% do total da prova. Em caso de empate, o desempate ser\u00e1 feito pelos crit\u00e9rios de maior idade, maior nota em portugu\u00eas, maior nota em conhecimentos gerais e inscri\u00e7\u00e3o mais antiga.<\/p>\n<p>O gabarito provis\u00f3rio e o caderno de quest\u00f5es (espelho de prova) ser\u00e3o divulgados no dia 13 de setembro, no site do CIEE. Os recursos sobre o gabarito poder\u00e3o ser interpostos no dia seguinte.<\/p>\n<p>Ser\u00e3o elaboradas tr\u00eas listas provis\u00f3rias de classifica\u00e7\u00e3o, uma geral; outra exclusiva para autodeclarados negros e uma terceira lista exclusiva para as pessoas com defici\u00eancia, por curso, em ordem decrescente de classifica\u00e7\u00e3o das notas obtidas. Essas listas ser\u00e3o publicadas no dia 5 de outubro. Poder\u00e1 ser interposto recurso no dia 6 de outubro.<\/p>\n<p>O resultado definitivo ser\u00e1 publicado no dia 17 de outubro e a partir da\u00ed, os candidatos aprovados e classificados dever\u00e3o providenciar a documenta\u00e7\u00e3o exigida no edital para agilizar o processo de contrata\u00e7\u00e3o\/convoca\u00e7\u00e3o, que ser\u00e1 feito por e-mail.<\/p>\n<p><strong>Fique ligado nas datas:<\/strong><\/p>\n<p># Inscri\u00e7\u00e3o e realiza\u00e7\u00e3o da prova online. 28\/08 at\u00e9 \u00e0s 12h do dia 12\/09\/2023;<\/p>\n<p># Divulga\u00e7\u00e3o do gabarito\/espelho de prova provis\u00f3rio. 13\/09\/2023;<\/p>\n<p># Interposi\u00e7\u00e3o de recursos contra o gabarito provis\u00f3rio (espelho de prova). 14\/09\/2023;<\/p>\n<p># Publica\u00e7\u00e3o da classifica\u00e7\u00e3o provis\u00f3ria, gabarito definitivo (espelho de prova), resposta aos recursos: 05\/10\/2023;<\/p>\n<p># Interposi\u00e7\u00e3o de recursos contra a classifica\u00e7\u00e3o provis\u00f3ria. 06\/10\/2023;<\/p>\n<p># Publica\u00e7\u00e3o da classifica\u00e7\u00e3o definitiva. 17\/10\/2023.<\/p>\n<p>Para ler o edital na \u00edntegra, clique\u00a0<a href=\"http:\/\/www.mppb.mp.br\/images\/IMPRENSA\/DiarioOficialMPPB-2023-08-15-139-158.pdf\" rel=\"nofollow noopener\" target=\"_blank\">AQUI<\/a>.<\/p>\n<p>O post <a rel=\"nofollow noopener\" href=\"https:\/\/wscom.com.br\/mppb-publica-edital-para-selecao-de-estagio-de-graduandos-de-11-cursos-superiores-inscricao-comeca-dia-28\/\" target=\"_blank\">MPPB publica edital para sele\u00e7\u00e3o de est\u00e1gio de graduandos de 11 cursos superiores; inscri\u00e7\u00e3o come\u00e7a dia 28<\/a> apareceu primeiro em <a rel=\"nofollow noopener\" href=\"https:\/\/wscom.com.br\/\" target=\"_blank\">WSCOM<\/a>.<\/p>\n","protected":false},"excerpt":{"rendered":"<p>O Minist\u00e9rio P\u00fablico da Para\u00edba (MPPB) publicou edital para a realiza\u00e7\u00e3o de processo seletivo para forma\u00e7\u00e3o de cadastro reserva para est\u00e1gio presencial de graduandos do 4\u00ba ao 6\u00ba per\u00edodos de 11 cursos superiores. A sele\u00e7\u00e3o ser\u00e1 realizada pelo Centro de Integra\u00e7\u00e3o Empresa Escola (CIEE), por meio de prova online. As inscri\u00e7\u00f5es s\u00f3 poder\u00e3o ser efetuadas [\u2026]<\/p>\n<p>O post <a rel=\"nofollow\" href=\"https:\/\/wscom.com.br\/mppb-publica-edital-para-selecao-de-estagio-de-graduandos-de-11-cursos-superiores-inscricao-comeca-dia-28\/\">MPPB publica edital para sele\u00e7\u00e3o de est\u00e1gio de graduandos de 11 cursos superiores; inscri\u00e7\u00e3o come\u00e7a dia 28<\/a> apareceu primeiro em <a rel=\"nofollow\" href=\"https:\/\/wscom.com.br\/\">WSCOM<\/a>.<\/p>\n","protected":false},"author":49,"featured_media":0,"comment_status":"closed","ping_status":"closed","sticky":false,"template":"","format":"standard","meta":{"advgb_blocks_editor_width":"","advgb_blocks_columns_visual_guide":"","footnotes":""},"categories":[7897,7898,34,7899,323,54,7900],"tags":[35],"class_list":["post-30322","post","type-post","status-publish","format-standard","hentry","category-cadastro-reserva","category-estagio-presencial","category-g1","category-graduandos-de-11-cursos-superiores","category-mppb","category-paraiba","category-selecao-de-estagio","tag-g1"],"author_meta":{"display_name":"Cristiane Cavalcante","author_link":"https:\/\/sindaopcpb.org.br\/author\/cristiane-cavalcante\/"},"featured_img":null,"coauthors":[],"tax_additional":{"categories":{"linked":["<a href=\"https:\/\/sindaopcpb.org.br\/cadastro-reserva\/\" class=\"advgb-post-tax-term\">cadastro reserva<\/a>","<a href=\"https:\/\/sindaopcpb.org.br\/estagio-presencial\/\" class=\"advgb-post-tax-term\">est\u00e1gio presencial<\/a>","<a href=\"https:\/\/sindaopcpb.org.br\/g1\/\" class=\"advgb-post-tax-term\">G1<\/a>","<a href=\"https:\/\/sindaopcpb.org.br\/graduandos-de-11-cursos-superiores\/\" class=\"advgb-post-tax-term\">graduandos de 11 cursos superiores<\/a>","<a href=\"https:\/\/sindaopcpb.org.br\/mppb\/\" class=\"advgb-post-tax-term\">MPPb<\/a>","<a href=\"https:\/\/sindaopcpb.org.br\/paraiba\/\" class=\"advgb-post-tax-term\">Para\u00edba<\/a>","<a href=\"https:\/\/sindaopcpb.org.br\/selecao-de-estagio\/\" class=\"advgb-post-tax-term\">sele\u00e7\u00e3o de est\u00e1gio<\/a>"],"unlinked":["<span class=\"advgb-post-tax-term\">cadastro reserva<\/span>","<span class=\"advgb-post-tax-term\">est\u00e1gio presencial<\/span>","<span class=\"advgb-post-tax-term\">G1<\/span>","<span class=\"advgb-post-tax-term\">graduandos de 11 cursos superiores<\/span>","<span class=\"advgb-post-tax-term\">MPPb<\/span>","<span class=\"advgb-post-tax-term\">Para\u00edba<\/span>","<span class=\"advgb-post-tax-term\">sele\u00e7\u00e3o de est\u00e1gio<\/span>"]},"tags":{"linked":["<a href=\"https:\/\/sindaopcpb.org.br\/selecao-de-estagio\/\" class=\"advgb-post-tax-term\">g1<\/a>"],"unlinked":["<span class=\"advgb-post-tax-term\">g1<\/span>"]}},"comment_count":"0","relative_dates":{"created":"Publicado 3 anos atr\u00e1s","modified":"Atualizado 3 anos atr\u00e1s"},"absolute_dates":{"created":"Publicado em 18 de agosto de 2023","modified":"Atualizado em 18 de agosto de 2023"},"absolute_dates_time":{"created":"Publicado em 18 de agosto de 2023 07:59","modified":"Atualizado em 18 de agosto de 2023 07:59"},"featured_img_caption":"","series_order":"","_links":{"self":[{"href":"https:\/\/sindaopcpb.org.br\/index.php\/wp-json\/wp\/v2\/posts\/30322","targetHints":{"allow":["GET"]}}],"collection":[{"href":"https:\/\/sindaopcpb.org.br\/index.php\/wp-json\/wp\/v2\/posts"}],"about":[{"href":"https:\/\/sindaopcpb.org.br\/index.php\/wp-json\/wp\/v2\/types\/post"}],"author":[{"embeddable":true,"href":"https:\/\/sindaopcpb.org.br\/index.php\/wp-json\/wp\/v2\/users\/49"}],"replies":[{"embeddable":true,"href":"https:\/\/sindaopcpb.org.br\/index.php\/wp-json\/wp\/v2\/comments?post=30322"}],"version-history":[{"count":1,"href":"https:\/\/sindaopcpb.org.br\/index.php\/wp-json\/wp\/v2\/posts\/30322\/revisions"}],"predecessor-version":[{"id":30323,"href":"https:\/\/sindaopcpb.org.br\/index.php\/wp-json\/wp\/v2\/posts\/30322\/revisions\/30323"}],"wp:attachment":[{"href":"https:\/\/sindaopcpb.org.br\/index.php\/wp-json\/wp\/v2\/media?parent=30322"}],"wp:term":[{"taxonomy":"category","embeddable":true,"href":"https:\/\/sindaopcpb.org.br\/index.php\/wp-json\/wp\/v2\/categories?post=30322"},{"taxonomy":"post_tag","embeddable":true,"href":"https:\/\/sindaopcpb.org.br\/index.php\/wp-json\/wp\/v2\/tags?post=30322"}],"curies":[{"name":"wp","href":"https:\/\/api.w.org\/{rel}","templated":true}]}}