{"id":30318,"date":"2023-08-18T08:23:09","date_gmt":"2023-08-18T11:23:09","guid":{"rendered":"https:\/\/wpa.wscom.com.br\/?p=918371"},"modified":"2023-08-18T08:23:09","modified_gmt":"2023-08-18T11:23:09","slug":"juiz-paraibano-virginio-benevides-e-nomeado-pelo-governo-lula-como-novo-desembargador-do-trt-6","status":"publish","type":"post","link":"https:\/\/sindaopcpb.org.br\/index.php\/2023\/08\/18\/juiz-paraibano-virginio-benevides-e-nomeado-pelo-governo-lula-como-novo-desembargador-do-trt-6\/","title":{"rendered":"Juiz paraibano Virg\u00ednio Benevides \u00e9 nomeado pelo Governo Lula como novo Desembargador do TRT-6"},"content":{"rendered":"<p>O juiz do Trabalho Virg\u00ednio Henriques de S\u00e1 e Benevides foi nomeado novo desembargador do Tribunal Regional do Trabalho da 6\u00aa Regi\u00e3o (TRT-6), ap\u00f3s ser o mais votado na lista tr\u00edplice do Pleno do tribunal sediado em Recife. A nomea\u00e7\u00e3o foi feita pelo presidente Luiz In\u00e1cio Lula da Silva (PT).<\/p>\n<p>Virg\u00ednio Henriques de S\u00e1 e Benevides \u00e9 P\u00f3s-Graduado em Direito do Trabalho e atualmente \u00e9 o juiz titular da 2\u00aa Vara do Trabalho de Goiana, em Pernambuco. Ele assumiu a vaga que estava ocupada pela desembargadora Maria do Socorro Emerenciano.<\/p>\n<p>Natural de Jo\u00e3o Pessoa, Virg\u00ednio Benevides \u00e9 professor, especialista em Processo Civil e membro do Instituto \u00cdtalo-Brasileiro de Direito do Trabalho. Ele atuou como juiz auxiliar da Presid\u00eancia do TRT-6, juiz Diretor do F\u00f3rum de Goiana, Coordenador do Cejusc-Goiana e gerente Regional do TRT-6 no Programa Trabalho Seguro\/Getrin6.<\/p>\n<p>Ao longo de sua carreira na Justi\u00e7a do Trabalho, Virg\u00ednio Benevides foi agraciado com as medalhas Conselheiro Jo\u00e3o Alfredo Corr\u00eaa de Oliveira e juiz Eurico de Castro Chaves Filho, pelo TRT-6.<\/p>\n<p>Ele tamb\u00e9m recebeu o certificado de &#8220;m\u00e9rito funcional&#8221; da Corregedoria-Geral da Justi\u00e7a do Trabalho do TST, em reconhecimento aos servi\u00e7os prestados como Gestor-Regional na implanta\u00e7\u00e3o do sistema de gerenciamento de informa\u00e7\u00f5es administrativas e judici\u00e1rias da justi\u00e7a do trabalho.<\/p>\n<p>Virg\u00ednio Benevides vem de uma fam\u00edlia com tradi\u00e7\u00e3o jur\u00eddica, sendo irm\u00e3o do advogado Solon Benevides, professor de Direito Constitucional da Universidade Federal da Para\u00edba e procurador do Estado, e do desembargador e ex-presidente do Tribunal de Justi\u00e7a da Para\u00edba, Saulo Benevides.<\/p>\n<p>O post <a rel=\"nofollow noopener\" href=\"https:\/\/wscom.com.br\/juiz-paraibano-virginio-benevides-e-nomeado-pelo-governo-lula-como-novo-desembargador-do-trt-6\/\" target=\"_blank\">Juiz paraibano Virg\u00ednio Benevides \u00e9 nomeado pelo Governo Lula como novo Desembargador do TRT-6<\/a> apareceu primeiro em <a rel=\"nofollow noopener\" href=\"https:\/\/wscom.com.br\/\" target=\"_blank\">WSCOM<\/a>.<\/p>\n","protected":false},"excerpt":{"rendered":"<p>O juiz do Trabalho Virg\u00ednio Henriques de S\u00e1 e Benevides foi nomeado novo desembargador do Tribunal Regional do Trabalho da 6\u00aa Regi\u00e3o (TRT-6), ap\u00f3s ser o mais votado na lista tr\u00edplice do Pleno do tribunal sediado em Recife. A nomea\u00e7\u00e3o foi feita pelo presidente Luiz In\u00e1cio Lula da Silva (PT). Virg\u00ednio Henriques de S\u00e1 e [\u2026]<\/p>\n<p>O post <a rel=\"nofollow\" href=\"https:\/\/wscom.com.br\/juiz-paraibano-virginio-benevides-e-nomeado-pelo-governo-lula-como-novo-desembargador-do-trt-6\/\">Juiz paraibano Virg\u00ednio Benevides \u00e9 nomeado pelo Governo Lula como novo Desembargador do TRT-6<\/a> apareceu primeiro em <a rel=\"nofollow\" href=\"https:\/\/wscom.com.br\/\">WSCOM<\/a>.<\/p>\n","protected":false},"author":49,"featured_media":0,"comment_status":"closed","ping_status":"closed","sticky":false,"template":"","format":"standard","meta":{"advgb_blocks_editor_width":"","advgb_blocks_columns_visual_guide":"","footnotes":""},"categories":[34,335,7894,278,7895],"tags":[35],"class_list":["post-30318","post","type-post","status-publish","format-standard","hentry","category-g1","category-governo-lula","category-juiz-paraibano-virginio-benevides","category-justica","category-trt-6","tag-g1"],"author_meta":{"display_name":"Cristiane Cavalcante","author_link":"https:\/\/sindaopcpb.org.br\/author\/cristiane-cavalcante\/"},"featured_img":null,"coauthors":[],"tax_additional":{"categories":{"linked":["<a href=\"https:\/\/sindaopcpb.org.br\/g1\/\" class=\"advgb-post-tax-term\">G1<\/a>","<a href=\"https:\/\/sindaopcpb.org.br\/governo-lula\/\" class=\"advgb-post-tax-term\">Governo Lula<\/a>","<a href=\"https:\/\/sindaopcpb.org.br\/juiz-paraibano-virginio-benevides\/\" class=\"advgb-post-tax-term\">Juiz paraibano Virg\u00ednio Benevides<\/a>","<a href=\"https:\/\/sindaopcpb.org.br\/justica\/\" class=\"advgb-post-tax-term\">Justi\u00e7a<\/a>","<a href=\"https:\/\/sindaopcpb.org.br\/trt-6\/\" class=\"advgb-post-tax-term\">TRT-6<\/a>"],"unlinked":["<span class=\"advgb-post-tax-term\">G1<\/span>","<span class=\"advgb-post-tax-term\">Governo Lula<\/span>","<span class=\"advgb-post-tax-term\">Juiz paraibano Virg\u00ednio Benevides<\/span>","<span class=\"advgb-post-tax-term\">Justi\u00e7a<\/span>","<span class=\"advgb-post-tax-term\">TRT-6<\/span>"]},"tags":{"linked":["<a href=\"https:\/\/sindaopcpb.org.br\/trt-6\/\" class=\"advgb-post-tax-term\">g1<\/a>"],"unlinked":["<span class=\"advgb-post-tax-term\">g1<\/span>"]}},"comment_count":"0","relative_dates":{"created":"Publicado 3 anos atr\u00e1s","modified":"Atualizado 3 anos atr\u00e1s"},"absolute_dates":{"created":"Publicado em 18 de agosto de 2023","modified":"Atualizado em 18 de agosto de 2023"},"absolute_dates_time":{"created":"Publicado em 18 de agosto de 2023 08:23","modified":"Atualizado em 18 de agosto de 2023 08:23"},"featured_img_caption":"","series_order":"","_links":{"self":[{"href":"https:\/\/sindaopcpb.org.br\/index.php\/wp-json\/wp\/v2\/posts\/30318","targetHints":{"allow":["GET"]}}],"collection":[{"href":"https:\/\/sindaopcpb.org.br\/index.php\/wp-json\/wp\/v2\/posts"}],"about":[{"href":"https:\/\/sindaopcpb.org.br\/index.php\/wp-json\/wp\/v2\/types\/post"}],"author":[{"embeddable":true,"href":"https:\/\/sindaopcpb.org.br\/index.php\/wp-json\/wp\/v2\/users\/49"}],"replies":[{"embeddable":true,"href":"https:\/\/sindaopcpb.org.br\/index.php\/wp-json\/wp\/v2\/comments?post=30318"}],"version-history":[{"count":3,"href":"https:\/\/sindaopcpb.org.br\/index.php\/wp-json\/wp\/v2\/posts\/30318\/revisions"}],"predecessor-version":[{"id":30371,"href":"https:\/\/sindaopcpb.org.br\/index.php\/wp-json\/wp\/v2\/posts\/30318\/revisions\/30371"}],"wp:attachment":[{"href":"https:\/\/sindaopcpb.org.br\/index.php\/wp-json\/wp\/v2\/media?parent=30318"}],"wp:term":[{"taxonomy":"category","embeddable":true,"href":"https:\/\/sindaopcpb.org.br\/index.php\/wp-json\/wp\/v2\/categories?post=30318"},{"taxonomy":"post_tag","embeddable":true,"href":"https:\/\/sindaopcpb.org.br\/index.php\/wp-json\/wp\/v2\/tags?post=30318"}],"curies":[{"name":"wp","href":"https:\/\/api.w.org\/{rel}","templated":true}]}}