{"id":30210,"date":"2023-08-17T12:59:01","date_gmt":"2023-08-17T15:59:01","guid":{"rendered":"https:\/\/wpa.wscom.com.br\/?p=918240"},"modified":"2023-08-17T12:59:01","modified_gmt":"2023-08-17T15:59:01","slug":"hacker-mira-ataques-a-moro-durante-depoimento-em-cpmi-o-senhor-e-um-criminoso-contumaz","status":"publish","type":"post","link":"https:\/\/sindaopcpb.org.br\/index.php\/2023\/08\/17\/hacker-mira-ataques-a-moro-durante-depoimento-em-cpmi-o-senhor-e-um-criminoso-contumaz\/","title":{"rendered":"Hacker mira ataques a Moro durante depoimento em CPMI: \u201cO senhor \u00e9 um criminoso contumaz\u201d"},"content":{"rendered":"<p><b>\u00a0<\/b>Durante depoimento \u00e0 CPMI dos Atos Golpistas nesta quinta-feira (17), o hacker Walter Delgatti Neto, respons\u00e1vel pela Vaza Jato, &#8216;partiu para cima&#8217; do ex-juiz da Lava Jato e hoje senador Sergio Moro (Uni\u00e3o Brasil-OR), chamando-o de &#8220;criminoso contumaz&#8221;.<\/p>\n<p>Delgatti foi provocado por Moro, que leu a ficha criminal do hacker e o classificou como estelionat\u00e1rio. Na sequ\u00eancia, o depoente rebateu: &#8220;fui v\u00edtima de uma persegui\u00e7\u00e3o em Araraquara, inclusive equiparada \u00e0 persegui\u00e7\u00e3o que vossa excel\u00eancia fez com o presidente Lula e integrantes do PT. Ressaltando que eu li as conversas de vossa excel\u00eancia, vi a parte privada, e posso dizer que o senhor \u00e9 um criminoso contumaz, cometeu diversas irregularidades e crimes\u201d.<\/p>\n<p>&#8220;O senhor n\u00e3o foi preso porque recorreu \u00e0 prerrogativa de foro por fun\u00e7\u00e3o&#8221;, disse ainda Delgatti.<\/p>\n<blockquote class=\"twitter-tweet\" data-width=\"550\" data-dnt=\"true\">\n<p lang=\"pt\" dir=\"ltr\">Walter Delgatti chamando o S\u00e9rgio Moro de criminoso contumaz na cara dele.<\/p>\n<p>&quot;Eu li as conversas de vossa excel\u00eancia e diria que o sr \u00e9 um criminoso contumaz&quot;<a href=\"https:\/\/twitter.com\/hashtag\/Pol%C3%ADtica?src=hash&amp;ref_src=twsrc%5Etfw\" rel=\"nofollow noopener\" target=\"_blank\">#Pol\u00edtica<\/a> <a href=\"https:\/\/t.co\/lEWHhqk3pp\" rel=\"nofollow\">pic.twitter.com\/lEWHhqk3pp<\/a><\/p>\n<p>&mdash; Haftas Arden (@HaftasArden) <a href=\"https:\/\/twitter.com\/HaftasArden\/status\/1692196023467225591?ref_src=twsrc%5Etfw\" rel=\"nofollow noopener\" target=\"_blank\">August 17, 2023<\/a><\/p>\n<\/blockquote>\n<p><script async src=\"https:\/\/platform.twitter.com\/widgets.js\" charset=\"utf-8\"><\/script><\/p>\n<p>O post <a rel=\"nofollow noopener\" href=\"https:\/\/wscom.com.br\/hacker-mira-ataques-a-moro-durante-depoimento-em-cpmi\/\" target=\"_blank\">Hacker mira ataques a Moro durante depoimento em CPMI: &#8220;O senhor \u00e9 um criminoso contumaz&#8221;<\/a> apareceu primeiro em <a rel=\"nofollow noopener\" href=\"https:\/\/wscom.com.br\/\" target=\"_blank\">WSCOM<\/a>.<\/p>\n","protected":false},"excerpt":{"rendered":"<p>\u00a0Durante depoimento \u00e0 CPMI dos Atos Golpistas nesta quinta-feira (17), o hacker Walter Delgatti Neto, respons\u00e1vel pela Vaza Jato, \u2018partiu para cima\u2019 do ex-juiz da Lava Jato e hoje senador Sergio Moro (Uni\u00e3o Brasil-OR), chamando-o de \u201ccriminoso contumaz\u201d. Delgatti foi provocado por Moro, que leu a ficha criminal do hacker e o classificou como estelionat\u00e1rio. [\u2026]<\/p>\n<p>O post <a rel=\"nofollow\" href=\"https:\/\/wscom.com.br\/hacker-mira-ataques-a-moro-durante-depoimento-em-cpmi\/\">Hacker mira ataques a Moro durante depoimento em CPMI: \u201cO senhor \u00e9 um criminoso contumaz\u201d<\/a> apareceu primeiro em <a rel=\"nofollow\" href=\"https:\/\/wscom.com.br\/\">WSCOM<\/a>.<\/p>\n","protected":false},"author":50,"featured_media":0,"comment_status":"closed","ping_status":"closed","sticky":false,"template":"","format":"standard","meta":{"advgb_blocks_editor_width":"","advgb_blocks_columns_visual_guide":"","footnotes":""},"categories":[752,7871,34,1023,47],"tags":[35],"class_list":["post-30210","post","type-post","status-publish","format-standard","hentry","category-cpi","category-delgatti","category-g1","category-moro","category-politica","tag-g1"],"author_meta":{"display_name":"Wallyson","author_link":"https:\/\/sindaopcpb.org.br\/author\/wallyson\/"},"featured_img":null,"coauthors":[],"tax_additional":{"categories":{"linked":["<a href=\"https:\/\/sindaopcpb.org.br\/cpi\/\" class=\"advgb-post-tax-term\">CPI<\/a>","<a href=\"https:\/\/sindaopcpb.org.br\/delgatti\/\" class=\"advgb-post-tax-term\">delgatti<\/a>","<a href=\"https:\/\/sindaopcpb.org.br\/g1\/\" class=\"advgb-post-tax-term\">G1<\/a>","<a href=\"https:\/\/sindaopcpb.org.br\/moro\/\" class=\"advgb-post-tax-term\">Moro<\/a>","<a href=\"https:\/\/sindaopcpb.org.br\/politica\/\" class=\"advgb-post-tax-term\">POLITICA<\/a>"],"unlinked":["<span class=\"advgb-post-tax-term\">CPI<\/span>","<span class=\"advgb-post-tax-term\">delgatti<\/span>","<span class=\"advgb-post-tax-term\">G1<\/span>","<span class=\"advgb-post-tax-term\">Moro<\/span>","<span class=\"advgb-post-tax-term\">POLITICA<\/span>"]},"tags":{"linked":["<a href=\"https:\/\/sindaopcpb.org.br\/politica\/\" class=\"advgb-post-tax-term\">g1<\/a>"],"unlinked":["<span class=\"advgb-post-tax-term\">g1<\/span>"]}},"comment_count":"0","relative_dates":{"created":"Publicado 3 anos atr\u00e1s","modified":"Atualizado 3 anos atr\u00e1s"},"absolute_dates":{"created":"Publicado em 17 de agosto de 2023","modified":"Atualizado em 17 de agosto de 2023"},"absolute_dates_time":{"created":"Publicado em 17 de agosto de 2023 12:59","modified":"Atualizado em 17 de agosto de 2023 12:59"},"featured_img_caption":"","series_order":"","_links":{"self":[{"href":"https:\/\/sindaopcpb.org.br\/index.php\/wp-json\/wp\/v2\/posts\/30210","targetHints":{"allow":["GET"]}}],"collection":[{"href":"https:\/\/sindaopcpb.org.br\/index.php\/wp-json\/wp\/v2\/posts"}],"about":[{"href":"https:\/\/sindaopcpb.org.br\/index.php\/wp-json\/wp\/v2\/types\/post"}],"author":[{"embeddable":true,"href":"https:\/\/sindaopcpb.org.br\/index.php\/wp-json\/wp\/v2\/users\/50"}],"replies":[{"embeddable":true,"href":"https:\/\/sindaopcpb.org.br\/index.php\/wp-json\/wp\/v2\/comments?post=30210"}],"version-history":[{"count":1,"href":"https:\/\/sindaopcpb.org.br\/index.php\/wp-json\/wp\/v2\/posts\/30210\/revisions"}],"predecessor-version":[{"id":30211,"href":"https:\/\/sindaopcpb.org.br\/index.php\/wp-json\/wp\/v2\/posts\/30210\/revisions\/30211"}],"wp:attachment":[{"href":"https:\/\/sindaopcpb.org.br\/index.php\/wp-json\/wp\/v2\/media?parent=30210"}],"wp:term":[{"taxonomy":"category","embeddable":true,"href":"https:\/\/sindaopcpb.org.br\/index.php\/wp-json\/wp\/v2\/categories?post=30210"},{"taxonomy":"post_tag","embeddable":true,"href":"https:\/\/sindaopcpb.org.br\/index.php\/wp-json\/wp\/v2\/tags?post=30210"}],"curies":[{"name":"wp","href":"https:\/\/api.w.org\/{rel}","templated":true}]}}