{"id":30029,"date":"2023-08-16T16:17:00","date_gmt":"2023-08-16T19:17:00","guid":{"rendered":"https:\/\/www.infomoney.com.br\/?p=2218062"},"modified":"2023-08-16T16:17:00","modified_gmt":"2023-08-16T19:17:00","slug":"pochmann-tomara-posse-como-novo-presidente-do-ibge-na-proxima-sexta-feira-em-brasilia","status":"publish","type":"post","link":"https:\/\/sindaopcpb.org.br\/index.php\/2023\/08\/16\/pochmann-tomara-posse-como-novo-presidente-do-ibge-na-proxima-sexta-feira-em-brasilia\/","title":{"rendered":"Pochmann tomar\u00e1 posse como novo presidente do IBGE na pr\u00f3xima sexta-feira, em Bras\u00edlia"},"content":{"rendered":"<p><img loading=\"lazy\" width=\"300\" height=\"224\" src=\"https:\/\/www.infomoney.com.br\/wp-content\/uploads\/2019\/06\/marcio-pochmann.jpg?fit=300%2C224&amp;quality=70&amp;strip=all\" class=\"attachment-medium size-medium wp-post-image\" alt=\"\" decoding=\"async\" style=\"float:right; margin:0 0 10px 10px;\" srcset=\"https:\/\/www.infomoney.com.br\/wp-content\/uploads\/2019\/06\/marcio-pochmann.jpg?w=455&amp;quality=70&amp;strip=all 455w, https:\/\/www.infomoney.com.br\/wp-content\/uploads\/2019\/06\/marcio-pochmann.jpg?w=300&amp;quality=70&amp;strip=all 300w, https:\/\/www.infomoney.com.br\/wp-content\/uploads\/2019\/06\/marcio-pochmann.jpg?w=150&amp;quality=70&amp;strip=all 150w\" sizes=\"auto, (max-width: 300px) 100vw, 300px\" data-attachment-id=\"53473\" data-permalink=\"https:\/\/www.infomoney.com.br\/marcio-pochmann\/\" data-orig-file=\"https:\/\/www.infomoney.com.br\/wp-content\/uploads\/2019\/06\/marcio-pochmann.jpg?fit=455%2C340&amp;quality=70&amp;strip=all\" data-orig-size=\"455,340\" data-comments-opened=\"1\" data-image-meta=\"{&quot;aperture&quot;:&quot;0&quot;,&quot;credit&quot;:&quot;&quot;,&quot;camera&quot;:&quot;&quot;,&quot;caption&quot;:&quot;&quot;,&quot;created_timestamp&quot;:&quot;0&quot;,&quot;copyright&quot;:&quot;&quot;,&quot;focal_length&quot;:&quot;0&quot;,&quot;iso&quot;:&quot;0&quot;,&quot;shutter_speed&quot;:&quot;0&quot;,&quot;title&quot;:&quot;&quot;,&quot;orientation&quot;:&quot;0&quot;}\" data-image-title=\"marcio-pochmann\" data-image-description=\"\" data-image-caption=\"\" data-medium-file=\"https:\/\/www.infomoney.com.br\/wp-content\/uploads\/2019\/06\/marcio-pochmann.jpg?fit=300%2C224&amp;quality=70&amp;strip=all\" data-large-file=\"https:\/\/www.infomoney.com.br\/wp-content\/uploads\/2019\/06\/marcio-pochmann.jpg?fit=455%2C340&amp;quality=70&amp;strip=all\" title=\"\"><\/p>\n<p>O Minist&eacute;rio do Planejamento e Or&ccedil;amento informou nesta quarta-feira (16), que a cerim&ocirc;nia do novo presidente do Instituto Brasileiro de Geografia e Estat&iacute;stica (IBGE), M&aacute;rcio Pochmann, ocorrer&aacute; na pr&oacute;xima sexta-feira (18), na sede da pasta, em Bras&iacute;lia.<\/p>\n<p>O evento prev&ecirc; a presen&ccedil;a da ministra da pasta, Simone Tebet, e do presidente da Rep&uacute;blica, Luiz In&aacute;cio Lula da Silva.<\/p>\n<p>O &uacute;ltimo presidente do IBGE, Eduardo Luiz Gon&ccedil;alves Rios Neto, foi exonerado pelo atual governo em 4 de janeiro de 2023.<\/p>\n<div class=\"cta-middle\">\n<div class=\"im-cta bg-light bg-opacity-25 border rounded-4 p-3 p-sm-4 p-md-3 p-lg-4 px-xxl-5 my-5\" >\n<div class=\"d-flex flex-column align-items-center align-items-lg-start mb-4 flex-lg-row\">\n<div class=\"rounded-circle mb-2 mb-lg-0 mr-lg-4 me-lg-4 p-3 p-lg-4 bg-indigo-400\"><svg width=\"40\" height=\"40\" viewBox=\"0 0 40 40\" fill=\"none\" xmlns=\"http:\/\/www.w3.org\/2000\/svg\"><path d=\"m18.125 29.917-5.25-5.209 1.333-1.291 3.917 3.833 7.5-7.542 1.333 1.375-8.833 8.834ZM8.25 35.833a2.328 2.328 0 0 1-1.708-.708 2.328 2.328 0 0 1-.709-1.708V9.292c0-.64.236-1.202.709-1.688a2.295 2.295 0 0 1 1.708-.73h3.083V3.959h2.084v2.917h13.25V3.958h2.041v2.917h3.042c.667 0 1.236.243 1.708.73.473.485.709 1.048.709 1.687v24.125c0 .666-.236 1.236-.709 1.708a2.328 2.328 0 0 1-1.708.708H8.25Zm0-1.875h23.5a.518.518 0 0 0 .375-.166.518.518 0 0 0 .167-.375V16.875H7.708v16.542c0 .139.056.264.167.375a.518.518 0 0 0 .375.166ZM7.708 15h24.584V9.292a.454.454 0 0 0-.167-.355.555.555 0 0 0-.375-.145H8.25a.555.555 0 0 0-.375.145.454.454 0 0 0-.167.355V15Z\" fill=\"#fff\"\/><\/svg><\/div>\n<div class=\"flex-fill text-center text-lg-left\">\n<div class=\"h6 small text-orange-700 lh-base mb-1\">Cupom exclusivo InfoMoney<\/div>\n<div class=\"text-body h4 m-0\">Expert XP 2023<\/div>\n<div class=\"text-body small lh-base mt-2\">Garanta 5% de desconto no seu ingresso da Expert XP 2023. Cadastre-se e receba o seu cupom<\/div>\n<\/div>\n<\/div>\n<div class=\"im-shortcode-forms-v2\" data-component-type=\"multiformBootstrapV2\" data-configuracao='{\"id\":\"2212853\",\"optimize_id\":\"\",\"nome\":false,\"titulo\":\"Expert XP 2023\",\"icone\":\"event\",\"chapeu\":\"Cupom exclusivo InfoMoney\",\"email\":true,\"telefone\":false,\"cpf\":false,\"campanha\":\"EXPERT\",\"LancamentoID\":\"168\",\"thankYouUrl\":\"\",\"idJorney\":\"APIEvent-51a92df5-115a-a137-daa4-cb46448cef77\",\"idDE\":\"\",\"botaoLabel\":\"Quero receber\",\"contextSegment\":\"Newsletter\",\"urlOrigem\":\"https:\\\/\\\/www.infomoney.com.br\\\/politica\\\/pochmann-tomara-posse-como-novo-presidente-do-ibge-na-proxima-sexta-feira-em-brasilia\\\/?utm_medium=materia&#038;utm_source=infomoney&#038;utm_campaign=EXPERT&#038;utm_term=politica&#038;utm_content=serie-aquisicao\",\"openBlank\":true,\"gaPosition\":\"meio\",\"gaCategory\":\"cta_form\",\"useCaptacaoLead\":true,\"dataUTM\":{\"utmMedium\":\"materia\",\"utmSource\":\"infomoney\",\"utmCampaign\":\"EXPERT\",\"utmTerm\":\"politica\",\"utmContent\":\"serie-aquisicao\"}}'><\/div>\n<\/p><\/div>\n<\/div>\n<p>Desde ent&atilde;o, o instituto passou a ser comandado interinamente pelo diretor de Pesquisas do &oacute;rg&atilde;o, Cimar Azeredo.<\/p>\n<p>O governo federal formalizou a nomea&ccedil;&atilde;o de Pochmann no &uacute;ltimo dia 8 de agosto, no <i>Di&aacute;rio Oficial da Uni&atilde;o (DOU)<\/i>, em portaria assinada pela Casa Civil da Presid&ecirc;ncia.<\/p>\n<p>Pochmann &eacute; integrante do quadro do Partido dos Trabalhadores (PT) e professor de Economia na Unicamp.<\/p>\n<p>Tamb&eacute;m foi presidente do Instituto de Pesquisa Econ&ocirc;mica Aplicada (Ipea) entre o fim do segundo mandato de Lula e o come&ccedil;o do primeiro da ex-presidente da Rep&uacute;blica Dilma Rousseff.<\/p>\n<p>Antes de assumir o IBGE, Pochmann presidia o Instituto Lula.<\/p>\n<\/p>\n<div class=\"cta-end\">\n<div class=\"im-cta\" >\n<div class=\"im-shortcode-forms bg-light bg-opacity-25 border rounded-4 p-3 p-sm-4 p-md-3 p-lg-4 px-xxl-5 my-5\" data-configuration='{\"form_name\":false,\"form_hat\":\"Newsletter\",\"form_email\":true,\"form_icon\":\"newsletter\",\"form_phone\":false,\"form_campaign\":\"NIM\",\"form_thankyou\":\"\",\"form_journey\":\"APIEvent-26a5198d-8e09-06ef-5f80-cd9127757ad1\",\"form_button\":\"Quero receber\",\"form_context\":\"newsletter\",\"form_origin\":\"https:\\\/\\\/www.infomoney.com.br\\\/politica\\\/feed\\\/?utm_medium=materia&#038;utm_source=infomoney&#038;utm_campaign=NIM&#038;utm_term=politica&#038;utm_content=newsletter\",\"form_position\":\"final\",\"form_category\":\"cta_form\"}'>\n<div class=\"d-flex flex-column align-items-center align-items-lg-start mb-4 flex-lg-row\">\n<div class=\"rounded-circle mb-2 mb-lg-0 mr-lg-4 me-lg-4 p-3 p-lg-4 bg-blue-400\"><svg width=\"40\" height=\"40\" viewBox=\"0 0 40 40\" fill=\"none\" xmlns=\"http:\/\/www.w3.org\/2000\/svg\"><path d=\"M20 20.25 6.042 11.042v19.041c0 .167.048.299.146.396a.535.535 0 0 0 .395.146h15.792V32.5H6.583a2.328 2.328 0 0 1-1.708-.708 2.328 2.328 0 0 1-.708-1.709V9.917c0-.667.236-1.236.708-1.709A2.328 2.328 0 0 1 6.583 7.5h26.834c.666 0 1.236.236 1.708.708a2.33 2.33 0 0 1 .708 1.709v12.458h-1.875V11.042L20 20.25Zm0-2 13.667-8.875H6.333L20 18.25Zm11.75 18.958-1.292-1.333 3.334-3.375h-9v-1.875h9l-3.375-3.417 1.333-1.291 5.667 5.625-5.667 5.666ZM6.042 11.042v20.791-9.458.25-13.25 1.667Z\" fill=\"#fff\"\/><\/svg><\/div>\n<div class=\"flex-fill text-center text-lg-left\">\n<div class=\"h6 small text-orange-700 lh-base mb-1\">Newsletter<\/div>\n<div class=\"text-body h4 m-0\">Infomorning<\/div>\n<div class=\"text-body small lh-base mt-2\">Receba no seu e-mail logo pela manh&atilde; as not&iacute;cias que v&atilde;o mexer com os mercados, com os seus investimentos e o seu bolso durante o dia<\/div>\n<\/div>\n<\/div>\n<\/div>\n<\/div>\n<\/div>\n<p>The post <a rel=\"nofollow noopener\" href=\"https:\/\/www.infomoney.com.br\/politica\/pochmann-tomara-posse-como-novo-presidente-do-ibge-na-proxima-sexta-feira-em-brasilia\/\" target=\"_blank\">Pochmann tomar\u00e1 posse como novo presidente do IBGE na pr\u00f3xima sexta-feira, em Bras\u00edlia<\/a> appeared first on <a rel=\"nofollow noopener\" href=\"https:\/\/www.infomoney.com.br\/\" target=\"_blank\">InfoMoney<\/a>.<\/p>\n","protected":false},"excerpt":{"rendered":"<p><img loading=\"lazy\" decoding=\"async\" width=\"300\" height=\"224\" src=\"https:\/\/www.infomoney.com.br\/wp-content\/uploads\/2019\/06\/marcio-pochmann.jpg?fit=300%2C224&amp;quality=70&amp;strip=all\" class=\"attachment-medium size-medium wp-post-image\" alt=\"\" data-attachment-id=\"53473\" data-permalink=\"https:\/\/www.infomoney.com.br\/marcio-pochmann\/\" data-orig-file=\"https:\/\/www.infomoney.com.br\/wp-content\/uploads\/2019\/06\/marcio-pochmann.jpg?fit=455%2C340&amp;quality=70&amp;strip=all\" data-orig-size=\"455,340\" data-comments-opened=\"1\" data-image-meta='{\"aperture\":\"0\",\"credit\":\"\",\"camera\":\"\",\"caption\":\"\",\"created_timestamp\":\"0\",\"copyright\":\"\",\"focal_length\":\"0\",\"iso\":\"0\",\"shutter_speed\":\"0\",\"title\":\"\",\"orientation\":\"0\"}' data-image-title=\"marcio-pochmann\" data-image-description=\"\" data-image-caption=\"\" data-medium-file=\"https:\/\/www.infomoney.com.br\/wp-content\/uploads\/2019\/06\/marcio-pochmann.jpg?fit=300%2C224&amp;quality=70&amp;strip=all\" data-large-file=\"https:\/\/www.infomoney.com.br\/wp-content\/uploads\/2019\/06\/marcio-pochmann.jpg?fit=455%2C340&amp;quality=70&amp;strip=all\">Evento prev\u00ea a presen\u00e7a da ministra da pasta, Simone Tebet, e do presidente da Rep\u00fablica, Luiz In\u00e1cio Lula da Silva<\/p>\n<p>The post <a rel=\"nofollow\" href=\"https:\/\/www.infomoney.com.br\/politica\/pochmann-tomara-posse-como-novo-presidente-do-ibge-na-proxima-sexta-feira-em-brasilia\/\">Pochmann tomar\u00e1 posse como novo presidente do IBGE na pr\u00f3xima sexta-feira, em Bras\u00edlia<\/a> appeared first on <a rel=\"nofollow\" href=\"https:\/\/www.infomoney.com.br\/\">InfoMoney<\/a>.<\/p>\n","protected":false},"author":43,"featured_media":0,"comment_status":"closed","ping_status":"closed","sticky":false,"template":"","format":"standard","meta":{"advgb_blocks_editor_width":"","advgb_blocks_columns_visual_guide":"","footnotes":""},"categories":[34,600,6973,376,47,360],"tags":[35],"class_list":["post-30029","post","type-post","status-publish","format-standard","hentry","category-g1","category-ibge","category-marcio-pochmann","category-ministerio-do-planejamento","category-politica","category-simone-tebet","tag-g1"],"author_meta":{"display_name":"Estad\u00e3o Conte\u00fado","author_link":"https:\/\/sindaopcpb.org.br\/author\/estadao-conteudo\/"},"featured_img":null,"coauthors":[],"tax_additional":{"categories":{"linked":["<a href=\"https:\/\/sindaopcpb.org.br\/g1\/\" class=\"advgb-post-tax-term\">G1<\/a>","<a href=\"https:\/\/sindaopcpb.org.br\/ibge\/\" class=\"advgb-post-tax-term\">IBGE<\/a>","<a href=\"https:\/\/sindaopcpb.org.br\/marcio-pochmann\/\" class=\"advgb-post-tax-term\">M\u00e1rcio Pochmann<\/a>","<a href=\"https:\/\/sindaopcpb.org.br\/ministerio-do-planejamento\/\" class=\"advgb-post-tax-term\">Minist\u00e9rio do Planejamento<\/a>","<a href=\"https:\/\/sindaopcpb.org.br\/politica\/\" class=\"advgb-post-tax-term\">POLITICA<\/a>","<a href=\"https:\/\/sindaopcpb.org.br\/simone-tebet\/\" class=\"advgb-post-tax-term\">Simone Tebet<\/a>"],"unlinked":["<span class=\"advgb-post-tax-term\">G1<\/span>","<span class=\"advgb-post-tax-term\">IBGE<\/span>","<span class=\"advgb-post-tax-term\">M\u00e1rcio Pochmann<\/span>","<span class=\"advgb-post-tax-term\">Minist\u00e9rio do Planejamento<\/span>","<span class=\"advgb-post-tax-term\">POLITICA<\/span>","<span class=\"advgb-post-tax-term\">Simone Tebet<\/span>"]},"tags":{"linked":["<a href=\"https:\/\/sindaopcpb.org.br\/simone-tebet\/\" class=\"advgb-post-tax-term\">g1<\/a>"],"unlinked":["<span class=\"advgb-post-tax-term\">g1<\/span>"]}},"comment_count":"0","relative_dates":{"created":"Publicado 3 anos atr\u00e1s","modified":"Atualizado 3 anos atr\u00e1s"},"absolute_dates":{"created":"Publicado em 16 de agosto de 2023","modified":"Atualizado em 16 de agosto de 2023"},"absolute_dates_time":{"created":"Publicado em 16 de agosto de 2023 16:17","modified":"Atualizado em 16 de agosto de 2023 16:17"},"featured_img_caption":"","series_order":"","_links":{"self":[{"href":"https:\/\/sindaopcpb.org.br\/index.php\/wp-json\/wp\/v2\/posts\/30029","targetHints":{"allow":["GET"]}}],"collection":[{"href":"https:\/\/sindaopcpb.org.br\/index.php\/wp-json\/wp\/v2\/posts"}],"about":[{"href":"https:\/\/sindaopcpb.org.br\/index.php\/wp-json\/wp\/v2\/types\/post"}],"author":[{"embeddable":true,"href":"https:\/\/sindaopcpb.org.br\/index.php\/wp-json\/wp\/v2\/users\/43"}],"replies":[{"embeddable":true,"href":"https:\/\/sindaopcpb.org.br\/index.php\/wp-json\/wp\/v2\/comments?post=30029"}],"version-history":[{"count":1,"href":"https:\/\/sindaopcpb.org.br\/index.php\/wp-json\/wp\/v2\/posts\/30029\/revisions"}],"predecessor-version":[{"id":30030,"href":"https:\/\/sindaopcpb.org.br\/index.php\/wp-json\/wp\/v2\/posts\/30029\/revisions\/30030"}],"wp:attachment":[{"href":"https:\/\/sindaopcpb.org.br\/index.php\/wp-json\/wp\/v2\/media?parent=30029"}],"wp:term":[{"taxonomy":"category","embeddable":true,"href":"https:\/\/sindaopcpb.org.br\/index.php\/wp-json\/wp\/v2\/categories?post=30029"},{"taxonomy":"post_tag","embeddable":true,"href":"https:\/\/sindaopcpb.org.br\/index.php\/wp-json\/wp\/v2\/tags?post=30029"}],"curies":[{"name":"wp","href":"https:\/\/api.w.org\/{rel}","templated":true}]}}