{"id":30006,"date":"2023-08-16T13:56:31","date_gmt":"2023-08-16T16:56:31","guid":{"rendered":"https:\/\/wpa.wscom.com.br\/?p=917992"},"modified":"2023-08-16T13:56:31","modified_gmt":"2023-08-16T16:56:31","slug":"presidente-do-pt-rebate-cartaxo-e-nega-que-partido-tenha-acordado-pesquisa-para-definir-candidato-em-joao-pessoa-o-pt-nunca-foi-assim","status":"publish","type":"post","link":"https:\/\/sindaopcpb.org.br\/index.php\/2023\/08\/16\/presidente-do-pt-rebate-cartaxo-e-nega-que-partido-tenha-acordado-pesquisa-para-definir-candidato-em-joao-pessoa-o-pt-nunca-foi-assim\/","title":{"rendered":"Presidente do PT rebate Cartaxo e nega que partido tenha acordado pesquisa para definir candidato em Jo\u00e3o Pessoa: \u201cO PT nunca foi assim\u201d"},"content":{"rendered":"<p>O presidente estadual do PT, Jackson Macedo, negou nesta quarta-feira (16) que o partido tenha definido candidatura pr\u00f3pria em Jo\u00e3o Pessoa para 2024 e que seria realizada uma pesquisa para determinar o nome. A informa\u00e7\u00e3o foi revelada pelo deputado Luciano Cartaxo.<\/p>\n<p>&#8220;Eu acho que Luciano se expressou mal. Participei da reuni\u00e3o, que contou com a presen\u00e7a de muitas pessoas. O que foi decidido \u00e9 que vamos realizar uma pesquisa, como sempre fazemos em per\u00edodos pr\u00e9-eleitorais, para analisar o cen\u00e1rio e a situa\u00e7\u00e3o dos candidatos. A pesquisa, na minha opini\u00e3o, n\u00e3o \u00e9 apenas quantitativa, precisa ser qualitativa tamb\u00e9m para compreendermos as vontades da cidade de Jo\u00e3o Pessoa para 2024&#8221;, disse.<\/p>\n<p>Macedo ainda declarou que a decis\u00e3o final sobre a posi\u00e7\u00e3o do partido ser\u00e1 tomada pela dire\u00e7\u00e3o nacional.<\/p>\n<p>&#8220;Agora, dizer que ficou acertado que a pesquisa definir\u00e1 o candidato do PT nas elei\u00e7\u00f5es, isso n\u00e3o ocorreu em nenhum momento na reuni\u00e3o. At\u00e9 porque o PT n\u00e3o funciona dessa maneira, nunca funcionou. N\u00e3o \u00e9 a pesquisa que define o candidato no PT, mas sim a t\u00e1tica eleitoral aprovada pelo partido durante os encontros. A estrat\u00e9gia \u00e9 adotada pelas inst\u00e2ncias municipais, estaduais e, principalmente, pela dire\u00e7\u00e3o nacional. Acredito que nosso companheiro se expressou mal&#8221;.<\/p>\n<p>O post <a rel=\"nofollow noopener\" href=\"https:\/\/wscom.com.br\/presidente-do-pt-rebate-cartaxo-nega-que-partido-tenha-acordado-pesquisa-para-definir-candidato-em-joao-pessoa-o-pt-nunca-foi-assim\/\" target=\"_blank\">Presidente do PT rebate Cartaxo e nega que partido tenha acordado pesquisa para definir candidato em Jo\u00e3o Pessoa: &#8220;O PT nunca foi assim&#8221;<\/a> apareceu primeiro em <a rel=\"nofollow noopener\" href=\"https:\/\/wscom.com.br\/\" target=\"_blank\">WSCOM<\/a>.<\/p>\n","protected":false},"excerpt":{"rendered":"<p>O presidente estadual do PT, Jackson Macedo, negou nesta quarta-feira (16) que o partido tenha definido candidatura pr\u00f3pria em Jo\u00e3o Pessoa para 2024 e que seria realizada uma pesquisa para determinar o nome. A informa\u00e7\u00e3o foi revelada pelo deputado Luciano Cartaxo. \u201cEu acho que Luciano se expressou mal. Participei da reuni\u00e3o, que contou com a [\u2026]<\/p>\n<p>O post <a rel=\"nofollow\" href=\"https:\/\/wscom.com.br\/presidente-do-pt-rebate-cartaxo-nega-que-partido-tenha-acordado-pesquisa-para-definir-candidato-em-joao-pessoa-o-pt-nunca-foi-assim\/\">Presidente do PT rebate Cartaxo e nega que partido tenha acordado pesquisa para definir candidato em Jo\u00e3o Pessoa: \u201cO PT nunca foi assim\u201d<\/a> apareceu primeiro em <a rel=\"nofollow\" href=\"https:\/\/wscom.com.br\/\">WSCOM<\/a>.<\/p>\n","protected":false},"author":50,"featured_media":0,"comment_status":"closed","ping_status":"closed","sticky":false,"template":"","format":"standard","meta":{"advgb_blocks_editor_width":"","advgb_blocks_columns_visual_guide":"","footnotes":""},"categories":[115,34,986,2825,47,813],"tags":[35],"class_list":["post-30006","post","type-post","status-publish","format-standard","hentry","category-brasil","category-g1","category-jackson","category-macedo","category-politica","category-pt","tag-g1"],"author_meta":{"display_name":"Wallyson","author_link":"https:\/\/sindaopcpb.org.br\/author\/wallyson\/"},"featured_img":null,"coauthors":[],"tax_additional":{"categories":{"linked":["<a href=\"https:\/\/sindaopcpb.org.br\/brasil\/\" class=\"advgb-post-tax-term\">Brasil<\/a>","<a href=\"https:\/\/sindaopcpb.org.br\/g1\/\" class=\"advgb-post-tax-term\">G1<\/a>","<a href=\"https:\/\/sindaopcpb.org.br\/jackson\/\" class=\"advgb-post-tax-term\">jackson<\/a>","<a href=\"https:\/\/sindaopcpb.org.br\/macedo\/\" class=\"advgb-post-tax-term\">macedo<\/a>","<a href=\"https:\/\/sindaopcpb.org.br\/politica\/\" class=\"advgb-post-tax-term\">POLITICA<\/a>","<a href=\"https:\/\/sindaopcpb.org.br\/pt\/\" class=\"advgb-post-tax-term\">PT<\/a>"],"unlinked":["<span class=\"advgb-post-tax-term\">Brasil<\/span>","<span class=\"advgb-post-tax-term\">G1<\/span>","<span class=\"advgb-post-tax-term\">jackson<\/span>","<span class=\"advgb-post-tax-term\">macedo<\/span>","<span class=\"advgb-post-tax-term\">POLITICA<\/span>","<span class=\"advgb-post-tax-term\">PT<\/span>"]},"tags":{"linked":["<a href=\"https:\/\/sindaopcpb.org.br\/pt\/\" class=\"advgb-post-tax-term\">g1<\/a>"],"unlinked":["<span class=\"advgb-post-tax-term\">g1<\/span>"]}},"comment_count":"0","relative_dates":{"created":"Publicado 3 anos atr\u00e1s","modified":"Atualizado 3 anos atr\u00e1s"},"absolute_dates":{"created":"Publicado em 16 de agosto de 2023","modified":"Atualizado em 16 de agosto de 2023"},"absolute_dates_time":{"created":"Publicado em 16 de agosto de 2023 13:56","modified":"Atualizado em 16 de agosto de 2023 13:56"},"featured_img_caption":"","series_order":"","_links":{"self":[{"href":"https:\/\/sindaopcpb.org.br\/index.php\/wp-json\/wp\/v2\/posts\/30006","targetHints":{"allow":["GET"]}}],"collection":[{"href":"https:\/\/sindaopcpb.org.br\/index.php\/wp-json\/wp\/v2\/posts"}],"about":[{"href":"https:\/\/sindaopcpb.org.br\/index.php\/wp-json\/wp\/v2\/types\/post"}],"author":[{"embeddable":true,"href":"https:\/\/sindaopcpb.org.br\/index.php\/wp-json\/wp\/v2\/users\/50"}],"replies":[{"embeddable":true,"href":"https:\/\/sindaopcpb.org.br\/index.php\/wp-json\/wp\/v2\/comments?post=30006"}],"version-history":[{"count":1,"href":"https:\/\/sindaopcpb.org.br\/index.php\/wp-json\/wp\/v2\/posts\/30006\/revisions"}],"predecessor-version":[{"id":30007,"href":"https:\/\/sindaopcpb.org.br\/index.php\/wp-json\/wp\/v2\/posts\/30006\/revisions\/30007"}],"wp:attachment":[{"href":"https:\/\/sindaopcpb.org.br\/index.php\/wp-json\/wp\/v2\/media?parent=30006"}],"wp:term":[{"taxonomy":"category","embeddable":true,"href":"https:\/\/sindaopcpb.org.br\/index.php\/wp-json\/wp\/v2\/categories?post=30006"},{"taxonomy":"post_tag","embeddable":true,"href":"https:\/\/sindaopcpb.org.br\/index.php\/wp-json\/wp\/v2\/tags?post=30006"}],"curies":[{"name":"wp","href":"https:\/\/api.w.org\/{rel}","templated":true}]}}