{"id":29989,"date":"2023-08-16T11:33:32","date_gmt":"2023-08-16T14:33:32","guid":{"rendered":"https:\/\/www.infomoney.com.br\/?p=2217669"},"modified":"2023-08-16T11:33:32","modified_gmt":"2023-08-16T14:33:32","slug":"tse-mantem-decisao-que-multou-bolsonaro-pelo-7-de-setembro","status":"publish","type":"post","link":"https:\/\/sindaopcpb.org.br\/index.php\/2023\/08\/16\/tse-mantem-decisao-que-multou-bolsonaro-pelo-7-de-setembro\/","title":{"rendered":"TSE mant\u00e9m decis\u00e3o que multou Bolsonaro pelo 7 de setembro"},"content":{"rendered":"<p><img loading=\"lazy\" width=\"300\" height=\"219\" src=\"https:\/\/www.infomoney.com.br\/wp-content\/uploads\/2022\/11\/GettyImages-1244304624-1-e1667326453153.jpg?fit=300%2C219&amp;quality=70&amp;strip=all\" class=\"attachment-medium size-medium wp-post-image\" alt=\"Jair Bolsonaro (PL) fala com jornalistas ap\u00f3s debate nas elei\u00e7\u00f5es presidenciais de 2022 (Wagner Meier\/Getty Images)\" decoding=\"async\" style=\"float:right; margin:0 0 10px 10px;\" srcset=\"https:\/\/www.infomoney.com.br\/wp-content\/uploads\/2022\/11\/GettyImages-1244304624-1-e1667326453153.jpg?w=653&amp;quality=70&amp;strip=all 653w, https:\/\/www.infomoney.com.br\/wp-content\/uploads\/2022\/11\/GettyImages-1244304624-1-e1667326453153.jpg?w=300&amp;quality=70&amp;strip=all 300w, https:\/\/www.infomoney.com.br\/wp-content\/uploads\/2022\/11\/GettyImages-1244304624-1-e1667326453153.jpg?w=150&amp;quality=70&amp;strip=all 150w\" sizes=\"auto, (max-width: 300px) 100vw, 300px\" data-attachment-id=\"1973022\" data-permalink=\"https:\/\/www.infomoney.com.br\/lula-and-bolsonaro-face-to-face-on-crucial-debate-two-days-before-presidential-run-off\/\" data-orig-file=\"https:\/\/www.infomoney.com.br\/wp-content\/uploads\/2022\/11\/GettyImages-1244304624-1-e1667326453153.jpg?fit=653%2C477&amp;quality=70&amp;strip=all\" data-orig-size=\"653,477\" data-comments-opened=\"0\" data-image-meta=\"{&quot;aperture&quot;:&quot;1.4&quot;,&quot;credit&quot;:&quot;Getty Images&quot;,&quot;camera&quot;:&quot;Canon EOS R5&quot;,&quot;caption&quot;:&quot;RIO DE JANEIRO, BRAZIL - OCTOBER 28: Incumbent and presidential candidate for a second term Jair Bolsonaro of Liberal Party (PL) speaks during a press conference after the debate organized by Brazilian media conglomerate Globo only two days before the presidential run-off on October 28, 2022 in Rio de Janeiro, Brazil. (Photo by Wagner Meier\\\/Getty Images)&quot;,&quot;created_timestamp&quot;:&quot;1667002421&quot;,&quot;copyright&quot;:&quot;2022 Getty Images&quot;,&quot;focal_length&quot;:&quot;50&quot;,&quot;iso&quot;:&quot;2000&quot;,&quot;shutter_speed&quot;:&quot;0.0025&quot;,&quot;title&quot;:&quot;Lula and Bolsonaro Face to face on Crucial Debate Two Days Before Presidential Run-off&quot;,&quot;orientation&quot;:&quot;1&quot;}\" data-image-title=\"Jair Bolsonaro (PL) fala com jornalistas ap\u00f3s debate nas elei\u00e7\u00f5es presidenciais de 2022 (Wagner Meier\/Getty Images)\" data-image-description=\"&lt;p&gt;Jair Bolsonaro (PL) fala com jornalistas ap\u00f3s debate nas elei\u00e7\u00f5es presidenciais de 2022 (Wagner Meier\/Getty Images)&lt;\/p&gt;\n\" data-image-caption=\"&lt;p&gt;Jair Bolsonaro (PL) fala com jornalistas ap\u00f3s debate nas elei\u00e7\u00f5es presidenciais de 2022 (Wagner Meier\/Getty Images)&lt;\/p&gt;\n\" data-medium-file=\"https:\/\/www.infomoney.com.br\/wp-content\/uploads\/2022\/11\/GettyImages-1244304624-1-e1667326453153.jpg?fit=300%2C219&amp;quality=70&amp;strip=all\" data-large-file=\"https:\/\/www.infomoney.com.br\/wp-content\/uploads\/2022\/11\/GettyImages-1244304624-1-e1667326453153.jpg?fit=653%2C477&amp;quality=70&amp;strip=all\" title=\"\"><\/p>\n<p>O ministro Benedito Gon&ccedil;alves, do Tribunal Superior Eleitoral (TSE), decidiu, nesta ter&ccedil;a-feira (15), manter a decis&atilde;o que multou o ex-presidente Jair Bolsonaro e o ex-ministro Walter Braga Netto em R$ 110 mil por descumprimento de decis&atilde;o e litig&acirc;ncia de m&aacute;-f&eacute;.<\/p>\n<div class=\"cta-middle\">\n<div class=\"im-cta bg-light bg-opacity-25 border rounded-4 p-3 p-sm-4 p-md-3 p-lg-4 px-xxl-5 my-5\" >\n<div class=\"d-flex flex-column align-items-center align-items-lg-start mb-4 flex-lg-row\">\n<div class=\"rounded-circle mb-2 mb-lg-0 mr-lg-4 me-lg-4 p-3 p-lg-4 bg-indigo-400\"><svg width=\"40\" height=\"40\" viewBox=\"0 0 40 40\" fill=\"none\" xmlns=\"http:\/\/www.w3.org\/2000\/svg\"><path d=\"m18.125 29.917-5.25-5.209 1.333-1.291 3.917 3.833 7.5-7.542 1.333 1.375-8.833 8.834ZM8.25 35.833a2.328 2.328 0 0 1-1.708-.708 2.328 2.328 0 0 1-.709-1.708V9.292c0-.64.236-1.202.709-1.688a2.295 2.295 0 0 1 1.708-.73h3.083V3.959h2.084v2.917h13.25V3.958h2.041v2.917h3.042c.667 0 1.236.243 1.708.73.473.485.709 1.048.709 1.687v24.125c0 .666-.236 1.236-.709 1.708a2.328 2.328 0 0 1-1.708.708H8.25Zm0-1.875h23.5a.518.518 0 0 0 .375-.166.518.518 0 0 0 .167-.375V16.875H7.708v16.542c0 .139.056.264.167.375a.518.518 0 0 0 .375.166ZM7.708 15h24.584V9.292a.454.454 0 0 0-.167-.355.555.555 0 0 0-.375-.145H8.25a.555.555 0 0 0-.375.145.454.454 0 0 0-.167.355V15Z\" fill=\"#fff\"\/><\/svg><\/div>\n<div class=\"flex-fill text-center text-lg-left\">\n<div class=\"h6 small text-orange-700 lh-base mb-1\">Cupom exclusivo InfoMoney<\/div>\n<div class=\"text-body h4 m-0\">Expert XP 2023<\/div>\n<div class=\"text-body small lh-base mt-2\">Garanta 5% de desconto no seu ingresso da Expert XP 2023. Cadastre-se e receba o seu cupom<\/div>\n<\/div>\n<\/div>\n<div class=\"im-shortcode-forms-v2\" data-component-type=\"multiformBootstrapV2\" data-configuracao='{\"id\":\"2212853\",\"optimize_id\":\"\",\"nome\":false,\"titulo\":\"Expert XP 2023\",\"icone\":\"event\",\"chapeu\":\"Cupom exclusivo InfoMoney\",\"email\":true,\"telefone\":false,\"cpf\":false,\"campanha\":\"EXPERT\",\"LancamentoID\":\"168\",\"thankYouUrl\":\"\",\"idJorney\":\"APIEvent-51a92df5-115a-a137-daa4-cb46448cef77\",\"idDE\":\"\",\"botaoLabel\":\"Quero receber\",\"contextSegment\":\"Newsletter\",\"urlOrigem\":\"https:\\\/\\\/www.infomoney.com.br\\\/politica\\\/tse-mantem-decisao-que-multou-bolsonaro-pelo-7-de-setembro\\\/?utm_medium=materia&#038;utm_source=infomoney&#038;utm_campaign=EXPERT&#038;utm_term=politica&#038;utm_content=serie-aquisicao\",\"openBlank\":true,\"gaPosition\":\"meio\",\"gaCategory\":\"cta_form\",\"useCaptacaoLead\":true,\"dataUTM\":{\"utmMedium\":\"materia\",\"utmSource\":\"infomoney\",\"utmCampaign\":\"EXPERT\",\"utmTerm\":\"politica\",\"utmContent\":\"serie-aquisicao\"}}'><\/div>\n<\/p><\/div>\n<\/div>\n<p>Em julho, o ministro entendeu que a campanha da chapa Bolsonaro-Braga Netto deixou de retirar das redes sociais imagens das comemora&ccedil;&otilde;es do 7 de setembro que tinham sido consideradas como propaganda eleitoral irregular no pleito do ano passado.<\/p>\n<p>Conforme a decis&atilde;o, ambos receberam multas individuais de R$ 50 mil pelo descumprimento, al&eacute;m do acr&eacute;scimo de R$ 5 mil por terem garantido que os conte&uacute;dos foram apagados.<\/p>\n<p>A decis&atilde;o do ministro foi motivada por um recurso apresentado pelas defesas de Bolsonaro e Braga Netto. Os advogados sustentaram que n&atilde;o houve descumprimento da decis&atilde;o e defenderam a reuni&atilde;o de diversas a&ccedil;&otilde;es sobre a mesma acusa&ccedil;&atilde;o contra a campanha. &ldquo;N&atilde;o h&aacute; raz&atilde;o leg&iacute;tima para que se acelere o julgamento de uma ou outra a&ccedil;&atilde;o em detrimento das demais&rdquo;, argumentou a defesa.<\/p>\n<\/p>\n<div class=\"cta-end\">\n<div class=\"im-cta\" >\n<div class=\"im-shortcode-forms bg-light bg-opacity-25 border rounded-4 p-3 p-sm-4 p-md-3 p-lg-4 px-xxl-5 my-5\" data-configuration='{\"form_name\":false,\"form_hat\":\"Newsletter\",\"form_email\":true,\"form_icon\":\"newsletter\",\"form_phone\":false,\"form_campaign\":\"NIM\",\"form_thankyou\":\"\",\"form_journey\":\"APIEvent-26a5198d-8e09-06ef-5f80-cd9127757ad1\",\"form_button\":\"Quero receber\",\"form_context\":\"newsletter\",\"form_origin\":\"https:\\\/\\\/www.infomoney.com.br\\\/politica\\\/feed\\\/?utm_medium=materia&#038;utm_source=infomoney&#038;utm_campaign=NIM&#038;utm_term=politica&#038;utm_content=newsletter\",\"form_position\":\"final\",\"form_category\":\"cta_form\"}'>\n<div class=\"d-flex flex-column align-items-center align-items-lg-start mb-4 flex-lg-row\">\n<div class=\"rounded-circle mb-2 mb-lg-0 mr-lg-4 me-lg-4 p-3 p-lg-4 bg-blue-400\"><svg width=\"40\" height=\"40\" viewBox=\"0 0 40 40\" fill=\"none\" xmlns=\"http:\/\/www.w3.org\/2000\/svg\"><path d=\"M20 20.25 6.042 11.042v19.041c0 .167.048.299.146.396a.535.535 0 0 0 .395.146h15.792V32.5H6.583a2.328 2.328 0 0 1-1.708-.708 2.328 2.328 0 0 1-.708-1.709V9.917c0-.667.236-1.236.708-1.709A2.328 2.328 0 0 1 6.583 7.5h26.834c.666 0 1.236.236 1.708.708a2.33 2.33 0 0 1 .708 1.709v12.458h-1.875V11.042L20 20.25Zm0-2 13.667-8.875H6.333L20 18.25Zm11.75 18.958-1.292-1.333 3.334-3.375h-9v-1.875h9l-3.375-3.417 1.333-1.291 5.667 5.625-5.667 5.666ZM6.042 11.042v20.791-9.458.25-13.25 1.667Z\" fill=\"#fff\"\/><\/svg><\/div>\n<div class=\"flex-fill text-center text-lg-left\">\n<div class=\"h6 small text-orange-700 lh-base mb-1\">Newsletter<\/div>\n<div class=\"text-body h4 m-0\">Infomorning<\/div>\n<div class=\"text-body small lh-base mt-2\">Receba no seu e-mail logo pela manh&atilde; as not&iacute;cias que v&atilde;o mexer com os mercados, com os seus investimentos e o seu bolso durante o dia<\/div>\n<\/div>\n<\/div>\n<\/div>\n<\/div>\n<\/div>\n<p>The post <a rel=\"nofollow noopener\" href=\"https:\/\/www.infomoney.com.br\/politica\/tse-mantem-decisao-que-multou-bolsonaro-pelo-7-de-setembro\/\" target=\"_blank\">TSE mant\u00e9m decis\u00e3o que multou Bolsonaro pelo 7 de setembro<\/a> appeared first on <a rel=\"nofollow noopener\" href=\"https:\/\/www.infomoney.com.br\/\" target=\"_blank\">InfoMoney<\/a>.<\/p>\n","protected":false},"excerpt":{"rendered":"<p><img loading=\"lazy\" decoding=\"async\" width=\"300\" height=\"219\" src=\"https:\/\/www.infomoney.com.br\/wp-content\/uploads\/2022\/11\/GettyImages-1244304624-1-e1667326453153.jpg?fit=300%2C219&amp;quality=70&amp;strip=all\" class=\"attachment-medium size-medium wp-post-image\" alt=\"Jair Bolsonaro (PL) fala com jornalistas ap\u00f3s debate nas elei\u00e7\u00f5es presidenciais de 2022 (Wagner Meier\/Getty Images)\" data-attachment-id=\"1973022\" data-permalink=\"https:\/\/www.infomoney.com.br\/lula-and-bolsonaro-face-to-face-on-crucial-debate-two-days-before-presidential-run-off\/\" data-orig-file=\"https:\/\/www.infomoney.com.br\/wp-content\/uploads\/2022\/11\/GettyImages-1244304624-1-e1667326453153.jpg?fit=653%2C477&amp;quality=70&amp;strip=all\" data-orig-size=\"653,477\" data-comments-opened=\"0\" data-image-meta='{\"aperture\":\"1.4\",\"credit\":\"Getty Images\",\"camera\":\"Canon EOS R5\",\"caption\":\"RIO DE JANEIRO, BRAZIL - OCTOBER 28: Incumbent and presidential candidate for a second term Jair Bolsonaro of Liberal Party (PL) speaks during a press conference after the debate organized by Brazilian media conglomerate Globo only two days before the presidential run-off on October 28, 2022 in Rio de Janeiro, Brazil. (Photo by Wagner Meier\\\/Getty Images)\",\"created_timestamp\":\"1667002421\",\"copyright\":\"2022 Getty Images\",\"focal_length\":\"50\",\"iso\":\"2000\",\"shutter_speed\":\"0.0025\",\"title\":\"Lula and Bolsonaro Face to face on Crucial Debate Two Days Before Presidential Run-off\",\"orientation\":\"1\"}' data-image-title=\"Jair Bolsonaro (PL) fala com jornalistas ap\u00f3s debate nas elei\u00e7\u00f5es presidenciais de 2022 (Wagner Meier\/Getty Images)\" data-image-description=\"&lt;p&gt;Jair Bolsonaro (PL) fala com jornalistas ap\u00f3s debate nas elei\u00e7\u00f5es presidenciais de 2022 (Wagner Meier\/Getty Images)&lt;\/p&gt;\n\" data-image-caption=\"&lt;p&gt;Jair Bolsonaro (PL) fala com jornalistas ap\u00f3s debate nas elei\u00e7\u00f5es presidenciais de 2022 (Wagner Meier\/Getty Images)&lt;\/p&gt;\n\" data-medium-file=\"https:\/\/www.infomoney.com.br\/wp-content\/uploads\/2022\/11\/GettyImages-1244304624-1-e1667326453153.jpg?fit=300%2C219&amp;quality=70&amp;strip=all\" data-large-file=\"https:\/\/www.infomoney.com.br\/wp-content\/uploads\/2022\/11\/GettyImages-1244304624-1-e1667326453153.jpg?fit=653%2C477&amp;quality=70&amp;strip=all\">Campanha do ex-presidente deixou de retirar das redes sociais imagens consideradas como propaganda eleitoral irregular <\/p>\n<p>The post <a rel=\"nofollow\" href=\"https:\/\/www.infomoney.com.br\/politica\/tse-mantem-decisao-que-multou-bolsonaro-pelo-7-de-setembro\/\">TSE mant\u00e9m decis\u00e3o que multou Bolsonaro pelo 7 de setembro<\/a> appeared first on <a rel=\"nofollow\" href=\"https:\/\/www.infomoney.com.br\/\">InfoMoney<\/a>.<\/p>\n","protected":false},"author":44,"featured_media":0,"comment_status":"closed","ping_status":"closed","sticky":false,"template":"","format":"standard","meta":{"advgb_blocks_editor_width":"","advgb_blocks_columns_visual_guide":"","footnotes":""},"categories":[34,135,4198,47,464],"tags":[35],"class_list":["post-29989","post","type-post","status-publish","format-standard","hentry","category-g1","category-jair-bolsonaro","category-multas","category-politica","category-tse","tag-g1"],"author_meta":{"display_name":"Ag\u00eancia Brasil","author_link":"https:\/\/sindaopcpb.org.br\/author\/agencia-brasil\/"},"featured_img":null,"coauthors":[],"tax_additional":{"categories":{"linked":["<a href=\"https:\/\/sindaopcpb.org.br\/g1\/\" class=\"advgb-post-tax-term\">G1<\/a>","<a href=\"https:\/\/sindaopcpb.org.br\/jair-bolsonaro\/\" class=\"advgb-post-tax-term\">Jair Bolsonaro<\/a>","<a href=\"https:\/\/sindaopcpb.org.br\/multas\/\" class=\"advgb-post-tax-term\">Multas<\/a>","<a href=\"https:\/\/sindaopcpb.org.br\/politica\/\" class=\"advgb-post-tax-term\">POLITICA<\/a>","<a href=\"https:\/\/sindaopcpb.org.br\/tse\/\" class=\"advgb-post-tax-term\">TSE<\/a>"],"unlinked":["<span class=\"advgb-post-tax-term\">G1<\/span>","<span class=\"advgb-post-tax-term\">Jair Bolsonaro<\/span>","<span class=\"advgb-post-tax-term\">Multas<\/span>","<span class=\"advgb-post-tax-term\">POLITICA<\/span>","<span class=\"advgb-post-tax-term\">TSE<\/span>"]},"tags":{"linked":["<a href=\"https:\/\/sindaopcpb.org.br\/tse\/\" class=\"advgb-post-tax-term\">g1<\/a>"],"unlinked":["<span class=\"advgb-post-tax-term\">g1<\/span>"]}},"comment_count":"0","relative_dates":{"created":"Publicado 3 anos atr\u00e1s","modified":"Atualizado 3 anos atr\u00e1s"},"absolute_dates":{"created":"Publicado em 16 de agosto de 2023","modified":"Atualizado em 16 de agosto de 2023"},"absolute_dates_time":{"created":"Publicado em 16 de agosto de 2023 11:33","modified":"Atualizado em 16 de agosto de 2023 11:33"},"featured_img_caption":"","series_order":"","_links":{"self":[{"href":"https:\/\/sindaopcpb.org.br\/index.php\/wp-json\/wp\/v2\/posts\/29989","targetHints":{"allow":["GET"]}}],"collection":[{"href":"https:\/\/sindaopcpb.org.br\/index.php\/wp-json\/wp\/v2\/posts"}],"about":[{"href":"https:\/\/sindaopcpb.org.br\/index.php\/wp-json\/wp\/v2\/types\/post"}],"author":[{"embeddable":true,"href":"https:\/\/sindaopcpb.org.br\/index.php\/wp-json\/wp\/v2\/users\/44"}],"replies":[{"embeddable":true,"href":"https:\/\/sindaopcpb.org.br\/index.php\/wp-json\/wp\/v2\/comments?post=29989"}],"version-history":[{"count":1,"href":"https:\/\/sindaopcpb.org.br\/index.php\/wp-json\/wp\/v2\/posts\/29989\/revisions"}],"predecessor-version":[{"id":29990,"href":"https:\/\/sindaopcpb.org.br\/index.php\/wp-json\/wp\/v2\/posts\/29989\/revisions\/29990"}],"wp:attachment":[{"href":"https:\/\/sindaopcpb.org.br\/index.php\/wp-json\/wp\/v2\/media?parent=29989"}],"wp:term":[{"taxonomy":"category","embeddable":true,"href":"https:\/\/sindaopcpb.org.br\/index.php\/wp-json\/wp\/v2\/categories?post=29989"},{"taxonomy":"post_tag","embeddable":true,"href":"https:\/\/sindaopcpb.org.br\/index.php\/wp-json\/wp\/v2\/tags?post=29989"}],"curies":[{"name":"wp","href":"https:\/\/api.w.org\/{rel}","templated":true}]}}