{"id":29983,"date":"2023-08-16T11:53:08","date_gmt":"2023-08-16T14:53:08","guid":{"rendered":"https:\/\/wpa.wscom.com.br\/?p=917983"},"modified":"2023-08-16T11:53:08","modified_gmt":"2023-08-16T14:53:08","slug":"policia-federal-prende-homem-foragido-por-violencia-sexual-contra-menor-de-idade-no-aeroporto-castro-pinto","status":"publish","type":"post","link":"https:\/\/sindaopcpb.org.br\/index.php\/2023\/08\/16\/policia-federal-prende-homem-foragido-por-violencia-sexual-contra-menor-de-idade-no-aeroporto-castro-pinto\/","title":{"rendered":"Pol\u00edcia Federal prende homem foragido por viol\u00eancia sexual contra menor de idade no Aeroporto Castro Pinto"},"content":{"rendered":"<p><b>\u00a0<\/b>A Pol\u00edcia Federal e a Pol\u00edcia Militar da Para\u00edba\u00a0 prendeu na noite de ontem (15), no aeroporto Castro Pinto, um homem de 68 anos, natural de Santa Rita, contra quem pesava um mandado de pris\u00e3o preventiva pelo crime de estupro de vulner\u00e1vel, que \u00e9 o quando a viol\u00eancia sexual \u00e9 praticada contra menor de 14 anos.<\/p>\n<p>O acusado estava foragido desde 2017 e foi preso quando embarcava para o estado de S\u00e3o Paulo, onde estava escondido.<\/p>\n<p>Ap\u00f3s os procedimentos, foi encaminhado para o sistema prisional para medidas de praxe.<\/p>\n<p>O post <a rel=\"nofollow noopener\" href=\"https:\/\/wscom.com.br\/policia-federal-prende-homem-foragido-por-violencia-sexual-contra-menor-de-idade-no-aeroporto-castro-pinto\/\" target=\"_blank\">Pol\u00edcia Federal prende homem foragido por viol\u00eancia sexual contra menor de idade no Aeroporto Castro Pinto<\/a> apareceu primeiro em <a rel=\"nofollow noopener\" href=\"https:\/\/wscom.com.br\/\" target=\"_blank\">WSCOM<\/a>.<\/p>\n","protected":false},"excerpt":{"rendered":"<p>\u00a0A Pol\u00edcia Federal e a Pol\u00edcia Militar da Para\u00edba\u00a0 prendeu na noite de ontem (15), no aeroporto Castro Pinto, um homem de 68 anos, natural de Santa Rita, contra quem pesava um mandado de pris\u00e3o preventiva pelo crime de estupro de vulner\u00e1vel, que \u00e9 o quando a viol\u00eancia sexual \u00e9 praticada contra menor de 14 [\u2026]<\/p>\n<p>O post <a rel=\"nofollow\" href=\"https:\/\/wscom.com.br\/policia-federal-prende-homem-foragido-por-violencia-sexual-contra-menor-de-idade-no-aeroporto-castro-pinto\/\">Pol\u00edcia Federal prende homem foragido por viol\u00eancia sexual contra menor de idade no Aeroporto Castro Pinto<\/a> apareceu primeiro em <a rel=\"nofollow\" href=\"https:\/\/wscom.com.br\/\">WSCOM<\/a>.<\/p>\n","protected":false},"author":50,"featured_media":0,"comment_status":"closed","ping_status":"closed","sticky":false,"template":"","format":"standard","meta":{"advgb_blocks_editor_width":"","advgb_blocks_columns_visual_guide":"","footnotes":""},"categories":[6902,34,957,6903,66,1273],"tags":[35],"class_list":["post-29983","post","type-post","status-publish","format-standard","hentry","category-castro","category-g1","category-idoso","category-pinto","category-policial","category-preso","tag-g1"],"author_meta":{"display_name":"Wallyson","author_link":"https:\/\/sindaopcpb.org.br\/author\/wallyson\/"},"featured_img":null,"coauthors":[],"tax_additional":{"categories":{"linked":["<a href=\"https:\/\/sindaopcpb.org.br\/castro\/\" class=\"advgb-post-tax-term\">Castro<\/a>","<a href=\"https:\/\/sindaopcpb.org.br\/g1\/\" class=\"advgb-post-tax-term\">G1<\/a>","<a href=\"https:\/\/sindaopcpb.org.br\/idoso\/\" class=\"advgb-post-tax-term\">idoso<\/a>","<a href=\"https:\/\/sindaopcpb.org.br\/pinto\/\" class=\"advgb-post-tax-term\">Pinto<\/a>","<a href=\"https:\/\/sindaopcpb.org.br\/policial\/\" class=\"advgb-post-tax-term\">Policial<\/a>","<a href=\"https:\/\/sindaopcpb.org.br\/preso\/\" class=\"advgb-post-tax-term\">preso<\/a>"],"unlinked":["<span class=\"advgb-post-tax-term\">Castro<\/span>","<span class=\"advgb-post-tax-term\">G1<\/span>","<span class=\"advgb-post-tax-term\">idoso<\/span>","<span class=\"advgb-post-tax-term\">Pinto<\/span>","<span class=\"advgb-post-tax-term\">Policial<\/span>","<span class=\"advgb-post-tax-term\">preso<\/span>"]},"tags":{"linked":["<a href=\"https:\/\/sindaopcpb.org.br\/preso\/\" class=\"advgb-post-tax-term\">g1<\/a>"],"unlinked":["<span class=\"advgb-post-tax-term\">g1<\/span>"]}},"comment_count":"0","relative_dates":{"created":"Publicado 3 anos atr\u00e1s","modified":"Atualizado 3 anos atr\u00e1s"},"absolute_dates":{"created":"Publicado em 16 de agosto de 2023","modified":"Atualizado em 16 de agosto de 2023"},"absolute_dates_time":{"created":"Publicado em 16 de agosto de 2023 11:53","modified":"Atualizado em 16 de agosto de 2023 11:53"},"featured_img_caption":"","series_order":"","_links":{"self":[{"href":"https:\/\/sindaopcpb.org.br\/index.php\/wp-json\/wp\/v2\/posts\/29983","targetHints":{"allow":["GET"]}}],"collection":[{"href":"https:\/\/sindaopcpb.org.br\/index.php\/wp-json\/wp\/v2\/posts"}],"about":[{"href":"https:\/\/sindaopcpb.org.br\/index.php\/wp-json\/wp\/v2\/types\/post"}],"author":[{"embeddable":true,"href":"https:\/\/sindaopcpb.org.br\/index.php\/wp-json\/wp\/v2\/users\/50"}],"replies":[{"embeddable":true,"href":"https:\/\/sindaopcpb.org.br\/index.php\/wp-json\/wp\/v2\/comments?post=29983"}],"version-history":[{"count":1,"href":"https:\/\/sindaopcpb.org.br\/index.php\/wp-json\/wp\/v2\/posts\/29983\/revisions"}],"predecessor-version":[{"id":29984,"href":"https:\/\/sindaopcpb.org.br\/index.php\/wp-json\/wp\/v2\/posts\/29983\/revisions\/29984"}],"wp:attachment":[{"href":"https:\/\/sindaopcpb.org.br\/index.php\/wp-json\/wp\/v2\/media?parent=29983"}],"wp:term":[{"taxonomy":"category","embeddable":true,"href":"https:\/\/sindaopcpb.org.br\/index.php\/wp-json\/wp\/v2\/categories?post=29983"},{"taxonomy":"post_tag","embeddable":true,"href":"https:\/\/sindaopcpb.org.br\/index.php\/wp-json\/wp\/v2\/tags?post=29983"}],"curies":[{"name":"wp","href":"https:\/\/api.w.org\/{rel}","templated":true}]}}