{"id":29970,"date":"2023-08-16T11:11:03","date_gmt":"2023-08-16T14:11:03","guid":{"rendered":"https:\/\/wpa.wscom.com.br\/?p=917978"},"modified":"2023-08-16T11:11:03","modified_gmt":"2023-08-16T14:11:03","slug":"mae-da-menina-ana-sophia-cede-material-genetico-para-auxiliar-na-investigacao-do-desaparecimento","status":"publish","type":"post","link":"https:\/\/sindaopcpb.org.br\/index.php\/2023\/08\/16\/mae-da-menina-ana-sophia-cede-material-genetico-para-auxiliar-na-investigacao-do-desaparecimento\/","title":{"rendered":"M\u00e3e da menina Ana Sophia cede material gen\u00e9tico para auxiliar na investiga\u00e7\u00e3o do desaparecimento"},"content":{"rendered":"<p>A busca por respostas sobre o desaparecimento da menina Ana Sophia, de 8 anos, continua a mobilizar as autoridades e a comunidade em Bananeiras. A m\u00e3e da crian\u00e7a teve seu material gen\u00e9tico coletado pelo Instituto de Pol\u00edcia Cient\u00edfica (IPC) na \u00faltima ter\u00e7a-feira (15). A coleta de DNA \u00e9 um procedimento padr\u00e3o em casos de desaparecimentos e tem como objetivo auxiliar as investiga\u00e7\u00f5es.<\/p>\n<p>O delegado Di\u00f3genes Fernandes explicou, \u00e0 Tv Cabo Branco, que essa coleta de material gen\u00e9tico \u00e9 uma medida comum em situa\u00e7\u00f5es como essa. Al\u00e9m de ser necess\u00e1ria para o cadastro de pessoas desaparecidas junto ao Minist\u00e9rio da Justi\u00e7a, o perfil gen\u00e9tico obtido pode ser utilizado em confrontos com poss\u00edveis materiais coletados futuramente, caso sejam encontrados.<\/p>\n<p>A investiga\u00e7\u00e3o segue em andamento, por\u00e9m ainda n\u00e3o h\u00e1 previs\u00e3o para a conclus\u00e3o.<\/p>\n<p>O desaparecimento de Ana Sophia completou um m\u00eas no \u00faltimo dia 4, lan\u00e7ando uma sombra de incerteza sobre o que pode ter acontecido com a menina.<\/p>\n<p>O post <a rel=\"nofollow noopener\" href=\"https:\/\/wscom.com.br\/mae-da-menina-ana-sophia-cede-material-genetico-para-auxiliar-na-investigacao\/\" target=\"_blank\">M\u00e3e da menina Ana Sophia cede material gen\u00e9tico para auxiliar na investiga\u00e7\u00e3o do desaparecimento<\/a> apareceu primeiro em <a rel=\"nofollow noopener\" href=\"https:\/\/wscom.com.br\/\" target=\"_blank\">WSCOM<\/a>.<\/p>\n","protected":false},"excerpt":{"rendered":"<p>A busca por respostas sobre o desaparecimento da menina Ana Sophia, de 8 anos, continua a mobilizar as autoridades e a comunidade em Bananeiras. A m\u00e3e da crian\u00e7a teve seu material gen\u00e9tico coletado pelo Instituto de Pol\u00edcia Cient\u00edfica (IPC) na \u00faltima ter\u00e7a-feira (15). A coleta de DNA \u00e9 um procedimento padr\u00e3o em casos de desaparecimentos [\u2026]<\/p>\n<p>O post <a rel=\"nofollow\" href=\"https:\/\/wscom.com.br\/mae-da-menina-ana-sophia-cede-material-genetico-para-auxiliar-na-investigacao\/\">M\u00e3e da menina Ana Sophia cede material gen\u00e9tico para auxiliar na investiga\u00e7\u00e3o do desaparecimento<\/a> apareceu primeiro em <a rel=\"nofollow\" href=\"https:\/\/wscom.com.br\/\">WSCOM<\/a>.<\/p>\n","protected":false},"author":50,"featured_media":0,"comment_status":"closed","ping_status":"closed","sticky":false,"template":"","format":"standard","meta":{"advgb_blocks_editor_width":"","advgb_blocks_columns_visual_guide":"","footnotes":""},"categories":[5972,34,544,7806,66,6089],"tags":[35],"class_list":["post-29970","post","type-post","status-publish","format-standard","hentry","category-ana","category-g1","category-mae","category-material","category-policial","category-sophia","tag-g1"],"author_meta":{"display_name":"Wallyson","author_link":"https:\/\/sindaopcpb.org.br\/author\/wallyson\/"},"featured_img":null,"coauthors":[],"tax_additional":{"categories":{"linked":["<a href=\"https:\/\/sindaopcpb.org.br\/ana\/\" class=\"advgb-post-tax-term\">Ana<\/a>","<a href=\"https:\/\/sindaopcpb.org.br\/g1\/\" class=\"advgb-post-tax-term\">G1<\/a>","<a href=\"https:\/\/sindaopcpb.org.br\/mae\/\" class=\"advgb-post-tax-term\">M\u00e3e<\/a>","<a href=\"https:\/\/sindaopcpb.org.br\/material\/\" class=\"advgb-post-tax-term\">material<\/a>","<a href=\"https:\/\/sindaopcpb.org.br\/policial\/\" class=\"advgb-post-tax-term\">Policial<\/a>","<a href=\"https:\/\/sindaopcpb.org.br\/sophia\/\" class=\"advgb-post-tax-term\">Sophia<\/a>"],"unlinked":["<span class=\"advgb-post-tax-term\">Ana<\/span>","<span class=\"advgb-post-tax-term\">G1<\/span>","<span class=\"advgb-post-tax-term\">M\u00e3e<\/span>","<span class=\"advgb-post-tax-term\">material<\/span>","<span class=\"advgb-post-tax-term\">Policial<\/span>","<span class=\"advgb-post-tax-term\">Sophia<\/span>"]},"tags":{"linked":["<a href=\"https:\/\/sindaopcpb.org.br\/sophia\/\" class=\"advgb-post-tax-term\">g1<\/a>"],"unlinked":["<span class=\"advgb-post-tax-term\">g1<\/span>"]}},"comment_count":"0","relative_dates":{"created":"Publicado 3 anos atr\u00e1s","modified":"Atualizado 3 anos atr\u00e1s"},"absolute_dates":{"created":"Publicado em 16 de agosto de 2023","modified":"Atualizado em 16 de agosto de 2023"},"absolute_dates_time":{"created":"Publicado em 16 de agosto de 2023 11:11","modified":"Atualizado em 16 de agosto de 2023 11:11"},"featured_img_caption":"","series_order":"","_links":{"self":[{"href":"https:\/\/sindaopcpb.org.br\/index.php\/wp-json\/wp\/v2\/posts\/29970","targetHints":{"allow":["GET"]}}],"collection":[{"href":"https:\/\/sindaopcpb.org.br\/index.php\/wp-json\/wp\/v2\/posts"}],"about":[{"href":"https:\/\/sindaopcpb.org.br\/index.php\/wp-json\/wp\/v2\/types\/post"}],"author":[{"embeddable":true,"href":"https:\/\/sindaopcpb.org.br\/index.php\/wp-json\/wp\/v2\/users\/50"}],"replies":[{"embeddable":true,"href":"https:\/\/sindaopcpb.org.br\/index.php\/wp-json\/wp\/v2\/comments?post=29970"}],"version-history":[{"count":1,"href":"https:\/\/sindaopcpb.org.br\/index.php\/wp-json\/wp\/v2\/posts\/29970\/revisions"}],"predecessor-version":[{"id":29971,"href":"https:\/\/sindaopcpb.org.br\/index.php\/wp-json\/wp\/v2\/posts\/29970\/revisions\/29971"}],"wp:attachment":[{"href":"https:\/\/sindaopcpb.org.br\/index.php\/wp-json\/wp\/v2\/media?parent=29970"}],"wp:term":[{"taxonomy":"category","embeddable":true,"href":"https:\/\/sindaopcpb.org.br\/index.php\/wp-json\/wp\/v2\/categories?post=29970"},{"taxonomy":"post_tag","embeddable":true,"href":"https:\/\/sindaopcpb.org.br\/index.php\/wp-json\/wp\/v2\/tags?post=29970"}],"curies":[{"name":"wp","href":"https:\/\/api.w.org\/{rel}","templated":true}]}}