{"id":29890,"date":"2023-08-15T17:44:10","date_gmt":"2023-08-15T20:44:10","guid":{"rendered":"https:\/\/wpa.wscom.com.br\/?p=917868"},"modified":"2023-08-15T17:44:10","modified_gmt":"2023-08-15T20:44:10","slug":"homem-que-ameacou-tirar-tatuagem-da-esposa-com-faca-e-condenado-a-dois-anos-de-prisao-na-paraiba","status":"publish","type":"post","link":"https:\/\/sindaopcpb.org.br\/index.php\/2023\/08\/15\/homem-que-ameacou-tirar-tatuagem-da-esposa-com-faca-e-condenado-a-dois-anos-de-prisao-na-paraiba\/","title":{"rendered":"Homem que amea\u00e7ou tirar tatuagem da esposa com faca \u00e9 condenado a dois anos de pris\u00e3o, na Para\u00edba"},"content":{"rendered":"<p>A C\u00e2mara Criminal do Tribunal de Justi\u00e7a manteve a condena\u00e7\u00e3o de um homem que agiu de viol\u00eancia contra a companheira por causa de uma tatuagem. O caso \u00e9 oriundo da Vara \u00danica da Comarca de S\u00e3o Bento e foi julgado na Apela\u00e7\u00e3o Criminal n\u00ba 0800257-08.2022.8.15.0881, que teve a relatoria do desembargador Jo\u00e1s de Brito Pereira Filho. A pena fixada foi de dois anos, cinco meses e sete dias de reclus\u00e3o pelos crimes previstos no artigo 147 (amea\u00e7a), artigo 147-B (dano emocional) e artigo 129, \u00a713\u00ba (les\u00e3o corporal decorrente de viol\u00eancia dom\u00e9stica), todos do C\u00f3digo Penal.<\/p>\n<p>Segundo consta dos autos, a v\u00edtima e o acusado estavam em sua resid\u00eancia, quando esse pediu para ver a tatuagem que a companheira tinha feito. Ao ver a tatuagem, teria pegado uma faca de mesa e afirmou que iria remov\u00ea-la. Posteriormente, a mulher tentou sair do quarto, quando ele trancou a porta e a empurrou para dentro do banheiro, derrubando-a por cima do seu bra\u00e7o direito, causando-lhe les\u00f5es corporais. Diante disso, passou a amea\u00e7ar a companheira, ao querer que esta voltasse ao est\u00fadio para remover a tatuagem, sob amea\u00e7a de mat\u00e1-la \u201ccom v\u00e1rios tiros na cabe\u00e7a\u201d.<\/p>\n<p>Al\u00e9m disso, o acusado teria obrigado a v\u00edtima a enviar um \u00e1udio ao tatuador, solicitando para remover a tatuagem e tatuar o nome &#8220;p*ta&#8221;. Posteriormente, teria amea\u00e7ado novamente a companheira, afirmando que removeria a tatuagem dela imediatamente, causando-lhe viol\u00eancia psicol\u00f3gica e danos emocionais. A v\u00edtima conseguiu enviar uma mensagem pedindo ajuda para os seus pais, momento esse em que a pol\u00edcia foi acionada e o homem empreendeu fuga. Nesse contexto, as autoridades policiais procederam \u00e0 abordagem e realizaram uma revista no interior do ve\u00edculo, sendo encontrada uma pistola e as muni\u00e7\u00f5es apreendidas.<\/p>\n<p>No exame do caso, o relator do recurso entendeu de manter a senten\u00e7a em todos os termos, observando que a autoria e a materialidade restaram devidamente comprovadas nos autos. \u201cNos delitos praticados no universo dom\u00e9stico ou que digam respeito \u00e0s rela\u00e7\u00f5es de que trata a Lei n\u00ba 11.340\/2006, usualmente perpetrados na clandestinidade, em regra sem testemunhas presenciais, a palavra da v\u00edtima ganha especial relev\u00e2ncia, especialmente quando traz relato pormenorizado do fato, com precisa descri\u00e7\u00e3o da investida do sujeito ativo, ainda mais se corroborada por outros elementos de prova, como a testemunhal, e a pr\u00f3pria confiss\u00e3o do denunciado\u201d, pontuou.<\/p>\n<p>Da decis\u00e3o cabe recurso.<\/p>\n<p>O post <a rel=\"nofollow noopener\" href=\"https:\/\/wscom.com.br\/homem-que-ameacou-tirar-tatuagem-da-esposa-com-faca-e-condenado-a-dois-anos-de-prisao-na-paraiba\/\" target=\"_blank\">Homem que amea\u00e7ou tirar tatuagem da esposa com faca \u00e9 condenado a dois anos de pris\u00e3o, na Para\u00edba<\/a> apareceu primeiro em <a rel=\"nofollow noopener\" href=\"https:\/\/wscom.com.br\/\" target=\"_blank\">WSCOM<\/a>.<\/p>\n","protected":false},"excerpt":{"rendered":"<p>A C\u00e2mara Criminal do Tribunal de Justi\u00e7a manteve a condena\u00e7\u00e3o de um homem que agiu de viol\u00eancia contra a companheira por causa de uma tatuagem. O caso \u00e9 oriundo da Vara \u00danica da Comarca de S\u00e3o Bento e foi julgado na Apela\u00e7\u00e3o Criminal n\u00ba 0800257-08.2022.8.15.0881, que teve a relatoria do desembargador Jo\u00e1s de Brito Pereira [\u2026]<\/p>\n<p>O post <a rel=\"nofollow\" href=\"https:\/\/wscom.com.br\/homem-que-ameacou-tirar-tatuagem-da-esposa-com-faca-e-condenado-a-dois-anos-de-prisao-na-paraiba\/\">Homem que amea\u00e7ou tirar tatuagem da esposa com faca \u00e9 condenado a dois anos de pris\u00e3o, na Para\u00edba<\/a> apareceu primeiro em <a rel=\"nofollow\" href=\"https:\/\/wscom.com.br\/\">WSCOM<\/a>.<\/p>\n","protected":false},"author":49,"featured_media":0,"comment_status":"closed","ping_status":"closed","sticky":false,"template":"","format":"standard","meta":{"advgb_blocks_editor_width":"","advgb_blocks_columns_visual_guide":"","footnotes":""},"categories":[34,278,54,3949,357],"tags":[35],"class_list":["post-29890","post","type-post","status-publish","format-standard","hentry","category-g1","category-justica","category-paraiba","category-violencia-contra-a-mulher","category-violencia-domestica","tag-g1"],"author_meta":{"display_name":"Cristiane Cavalcante","author_link":"https:\/\/sindaopcpb.org.br\/author\/cristiane-cavalcante\/"},"featured_img":null,"coauthors":[],"tax_additional":{"categories":{"linked":["<a href=\"https:\/\/sindaopcpb.org.br\/g1\/\" class=\"advgb-post-tax-term\">G1<\/a>","<a href=\"https:\/\/sindaopcpb.org.br\/justica\/\" class=\"advgb-post-tax-term\">Justi\u00e7a<\/a>","<a href=\"https:\/\/sindaopcpb.org.br\/paraiba\/\" class=\"advgb-post-tax-term\">Para\u00edba<\/a>","<a href=\"https:\/\/sindaopcpb.org.br\/violencia-contra-a-mulher\/\" class=\"advgb-post-tax-term\">viol\u00eancia contra a mulher<\/a>","<a href=\"https:\/\/sindaopcpb.org.br\/violencia-domestica\/\" class=\"advgb-post-tax-term\">viol\u00eancia dom\u00e9stica<\/a>"],"unlinked":["<span class=\"advgb-post-tax-term\">G1<\/span>","<span class=\"advgb-post-tax-term\">Justi\u00e7a<\/span>","<span class=\"advgb-post-tax-term\">Para\u00edba<\/span>","<span class=\"advgb-post-tax-term\">viol\u00eancia contra a mulher<\/span>","<span class=\"advgb-post-tax-term\">viol\u00eancia dom\u00e9stica<\/span>"]},"tags":{"linked":["<a href=\"https:\/\/sindaopcpb.org.br\/violencia-domestica\/\" class=\"advgb-post-tax-term\">g1<\/a>"],"unlinked":["<span class=\"advgb-post-tax-term\">g1<\/span>"]}},"comment_count":"0","relative_dates":{"created":"Publicado 3 anos atr\u00e1s","modified":"Atualizado 3 anos atr\u00e1s"},"absolute_dates":{"created":"Publicado em 15 de agosto de 2023","modified":"Atualizado em 15 de agosto de 2023"},"absolute_dates_time":{"created":"Publicado em 15 de agosto de 2023 17:44","modified":"Atualizado em 15 de agosto de 2023 17:44"},"featured_img_caption":"","series_order":"","_links":{"self":[{"href":"https:\/\/sindaopcpb.org.br\/index.php\/wp-json\/wp\/v2\/posts\/29890","targetHints":{"allow":["GET"]}}],"collection":[{"href":"https:\/\/sindaopcpb.org.br\/index.php\/wp-json\/wp\/v2\/posts"}],"about":[{"href":"https:\/\/sindaopcpb.org.br\/index.php\/wp-json\/wp\/v2\/types\/post"}],"author":[{"embeddable":true,"href":"https:\/\/sindaopcpb.org.br\/index.php\/wp-json\/wp\/v2\/users\/49"}],"replies":[{"embeddable":true,"href":"https:\/\/sindaopcpb.org.br\/index.php\/wp-json\/wp\/v2\/comments?post=29890"}],"version-history":[{"count":1,"href":"https:\/\/sindaopcpb.org.br\/index.php\/wp-json\/wp\/v2\/posts\/29890\/revisions"}],"predecessor-version":[{"id":29891,"href":"https:\/\/sindaopcpb.org.br\/index.php\/wp-json\/wp\/v2\/posts\/29890\/revisions\/29891"}],"wp:attachment":[{"href":"https:\/\/sindaopcpb.org.br\/index.php\/wp-json\/wp\/v2\/media?parent=29890"}],"wp:term":[{"taxonomy":"category","embeddable":true,"href":"https:\/\/sindaopcpb.org.br\/index.php\/wp-json\/wp\/v2\/categories?post=29890"},{"taxonomy":"post_tag","embeddable":true,"href":"https:\/\/sindaopcpb.org.br\/index.php\/wp-json\/wp\/v2\/tags?post=29890"}],"curies":[{"name":"wp","href":"https:\/\/api.w.org\/{rel}","templated":true}]}}