{"id":29863,"date":"2023-08-15T16:07:30","date_gmt":"2023-08-15T19:07:30","guid":{"rendered":"https:\/\/wpa.wscom.com.br\/?p=917834"},"modified":"2023-08-15T16:07:30","modified_gmt":"2023-08-15T19:07:30","slug":"vice-prefeito-paraibano-sofre-acidente-de-carro-e-morre-apos-bater-em-carreta-no-maranhao","status":"publish","type":"post","link":"https:\/\/sindaopcpb.org.br\/index.php\/2023\/08\/15\/vice-prefeito-paraibano-sofre-acidente-de-carro-e-morre-apos-bater-em-carreta-no-maranhao\/","title":{"rendered":"Vice-prefeito paraibano sofre acidente de carro e morre ap\u00f3s bater em carreta no Maranh\u00e3o"},"content":{"rendered":"<p>O vice-prefeito da cidade de Dami\u00e3o, Josaildo Freitas (Progressistas), morreu no in\u00edcio da tarde desta ter\u00e7a (15) em um acidente de carro, ap\u00f3s bater contra uma carreta em uma rodovia. O ve\u00edculo em que estava se envolveu em um acidente entre os estados do Maranh\u00e3o e o Piau\u00ed. A informa\u00e7\u00e3o da morte foi confirmada em nota da Prefeitura de Dami\u00e3o.<\/p>\n<p>Segundo informa\u00e7\u00f5es, Josaildo havia viajado ao Maranh\u00e3o com seu sobrinho. No retorno, quando transitava em uma rodovia do Piau\u00ed, o ve\u00edculo onde ele estava bateu em uma carreta. Josaildo morreu no local. O nome e o estado de sa\u00fade do sobrinho do vice-prefeito n\u00e3o foram divulgados.<\/p>\n<p>O pol\u00edtico, que tinha 44 anos e era natural de Cacimba de Dentro, j\u00e1 havia ocupado o cargo de vereador do munic\u00edpio de Dami\u00e3o. Atualmente\u00a0era vice da prefeita Simone de Azevedo (Cidadania). Atrav\u00e9s das redes sociais, a Prefeitura\u00a0 decretou luto oficial de tr\u00eas dias.<\/p>\n<p>&#8220;Neste momento de tristeza e perda irrepar\u00e1vel, prestamos condol\u00eancias a esposa, filhos, familiares e amigos do nosso amigo vice-prefeito Josaildo&#8221;, diz a nota da Prefeitura de Dami\u00e3o.<\/p>\n<p>Confira:<\/p>\n<blockquote class=\"instagram-media\" style=\"background: #FFF; border: 0; border-radius: 3px; box-shadow: 0 0 1px 0 rgba(0,0,0,0.5),0 1px 10px 0 rgba(0,0,0,0.15); margin: 1px; max-width: 540px; min-width: 326px; padding: 0; width: calc(100% - 2px);\" data-instgrm-captioned=\"\" data-instgrm-permalink=\"https:\/\/www.instagram.com\/p\/Cv-RlS6OjsK\/?utm_source=ig_embed&amp;utm_campaign=loading\" data-instgrm-version=\"14\">\n<div style=\"padding: 16px;\">\n<p>&nbsp;<\/p>\n<div style=\"display: flex; flex-direction: row; align-items: center;\">\n<div style=\"background-color: #f4f4f4; border-radius: 50%; flex-grow: 0; height: 40px; margin-right: 14px; width: 40px;\"><\/div>\n<div style=\"display: flex; flex-direction: column; flex-grow: 1; justify-content: center;\">\n<div style=\"background-color: #f4f4f4; border-radius: 4px; flex-grow: 0; height: 14px; margin-bottom: 6px; width: 100px;\"><\/div>\n<div style=\"background-color: #f4f4f4; border-radius: 4px; flex-grow: 0; height: 14px; width: 60px;\"><\/div>\n<\/div>\n<\/div>\n<div style=\"padding: 19% 0;\"><\/div>\n<div style=\"display: block; height: 50px; margin: 0 auto 12px; width: 50px;\"><\/div>\n<div style=\"padding-top: 8px;\">\n<div style=\"color: #3897f0; font-family: Arial,sans-serif; font-size: 14px; font-style: normal; font-weight: 550; line-height: 18px;\">Ver essa foto no Instagram<\/div>\n<\/div>\n<div style=\"padding: 12.5% 0;\"><\/div>\n<div style=\"display: flex; flex-direction: row; margin-bottom: 14px; align-items: center;\">\n<div>\n<div style=\"background-color: #f4f4f4; border-radius: 50%; height: 12.5px; width: 12.5px; transform: translateX(0px) translateY(7px);\"><\/div>\n<div style=\"background-color: #f4f4f4; height: 12.5px; transform: rotate(-45deg) translateX(3px) translateY(1px); width: 12.5px; flex-grow: 0; margin-right: 14px; margin-left: 2px;\"><\/div>\n<div style=\"background-color: #f4f4f4; border-radius: 50%; height: 12.5px; width: 12.5px; transform: translateX(9px) translateY(-18px);\"><\/div>\n<\/div>\n<div style=\"margin-left: 8px;\">\n<div style=\"background-color: #f4f4f4; border-radius: 50%; flex-grow: 0; height: 20px; width: 20px;\"><\/div>\n<div style=\"width: 0; height: 0; border-top: 2px solid transparent; border-left: 6px solid #f4f4f4; border-bottom: 2px solid transparent; transform: translateX(16px) translateY(-4px) rotate(30deg);\"><\/div>\n<\/div>\n<div style=\"margin-left: auto;\">\n<div style=\"width: 0px; border-top: 8px solid #F4F4F4; border-right: 8px solid transparent; transform: translateY(16px);\"><\/div>\n<div style=\"background-color: #f4f4f4; flex-grow: 0; height: 12px; width: 16px; transform: translateY(-4px);\"><\/div>\n<div style=\"width: 0; height: 0; border-top: 8px solid #F4F4F4; border-left: 8px solid transparent; transform: translateY(-4px) translateX(8px);\"><\/div>\n<\/div>\n<\/div>\n<div style=\"display: flex; flex-direction: column; flex-grow: 1; justify-content: center; margin-bottom: 24px;\">\n<div style=\"background-color: #f4f4f4; border-radius: 4px; flex-grow: 0; height: 14px; margin-bottom: 6px; width: 224px;\"><\/div>\n<div style=\"background-color: #f4f4f4; border-radius: 4px; flex-grow: 0; height: 14px; width: 144px;\"><\/div>\n<\/div>\n<p>&nbsp;<\/p>\n<p style=\"color: #c9c8cd; font-family: Arial,sans-serif; font-size: 14px; line-height: 17px; margin-bottom: 0; margin-top: 8px; overflow: hidden; padding: 8px 0 7px; text-align: center; text-overflow: ellipsis; white-space: nowrap;\"><a style=\"color: #c9c8cd; font-family: Arial,sans-serif; font-size: 14px; font-style: normal; font-weight: normal; line-height: 17px; text-decoration: none;\" href=\"https:\/\/www.instagram.com\/p\/Cv-RlS6OjsK\/?utm_source=ig_embed&amp;utm_campaign=loading\" rel=\"noopener nofollow\" target=\"_blank\">Uma publica\u00e7\u00e3o compartilhada por Prefeitura Municipal de Dami\u00e3o (@prefeituradedamiao)<\/a><\/p>\n<\/div>\n<\/blockquote>\n<p><script async src=\"https:\/\/www.instagram.com\/embed.js\"><\/script><\/p>\n<p>O post <a rel=\"nofollow noopener\" href=\"https:\/\/wscom.com.br\/vice-prefeito-paraibano-sofre-acidente-de-carro-e-morre-apos-bater-em-carreta-no-maranhao\/\" target=\"_blank\">Vice-prefeito paraibano sofre acidente de carro e morre ap\u00f3s bater em carreta no Maranh\u00e3o<\/a> apareceu primeiro em <a rel=\"nofollow noopener\" href=\"https:\/\/wscom.com.br\/\" target=\"_blank\">WSCOM<\/a>.<\/p>\n","protected":false},"excerpt":{"rendered":"<p>O vice-prefeito da cidade de Dami\u00e3o, Josaildo Freitas (Progressistas), morreu no in\u00edcio da tarde desta ter\u00e7a (15) em um acidente de carro, ap\u00f3s bater contra uma carreta em uma rodovia. O ve\u00edculo em que estava se envolveu em um acidente entre os estados do Maranh\u00e3o e o Piau\u00ed. A informa\u00e7\u00e3o da morte foi confirmada em [\u2026]<\/p>\n<p>O post <a rel=\"nofollow\" href=\"https:\/\/wscom.com.br\/vice-prefeito-paraibano-sofre-acidente-de-carro-e-morre-apos-bater-em-carreta-no-maranhao\/\">Vice-prefeito paraibano sofre acidente de carro e morre ap\u00f3s bater em carreta no Maranh\u00e3o<\/a> apareceu primeiro em <a rel=\"nofollow\" href=\"https:\/\/wscom.com.br\/\">WSCOM<\/a>.<\/p>\n","protected":false},"author":49,"featured_media":0,"comment_status":"closed","ping_status":"closed","sticky":false,"template":"","format":"standard","meta":{"advgb_blocks_editor_width":"","advgb_blocks_columns_visual_guide":"","footnotes":""},"categories":[34,7771,47,7772],"tags":[35],"class_list":["post-29863","post","type-post","status-publish","format-standard","hentry","category-g1","category-josaildo-freitas","category-politica","category-prefeitura-de-damiao","tag-g1"],"author_meta":{"display_name":"Cristiane Cavalcante","author_link":"https:\/\/sindaopcpb.org.br\/author\/cristiane-cavalcante\/"},"featured_img":null,"coauthors":[],"tax_additional":{"categories":{"linked":["<a href=\"https:\/\/sindaopcpb.org.br\/g1\/\" class=\"advgb-post-tax-term\">G1<\/a>","<a href=\"https:\/\/sindaopcpb.org.br\/josaildo-freitas\/\" class=\"advgb-post-tax-term\">Josaildo Freitas<\/a>","<a href=\"https:\/\/sindaopcpb.org.br\/politica\/\" class=\"advgb-post-tax-term\">POLITICA<\/a>","<a href=\"https:\/\/sindaopcpb.org.br\/prefeitura-de-damiao\/\" class=\"advgb-post-tax-term\">Prefeitura de Dami\u00e3o<\/a>"],"unlinked":["<span class=\"advgb-post-tax-term\">G1<\/span>","<span class=\"advgb-post-tax-term\">Josaildo Freitas<\/span>","<span class=\"advgb-post-tax-term\">POLITICA<\/span>","<span class=\"advgb-post-tax-term\">Prefeitura de Dami\u00e3o<\/span>"]},"tags":{"linked":["<a href=\"https:\/\/sindaopcpb.org.br\/prefeitura-de-damiao\/\" class=\"advgb-post-tax-term\">g1<\/a>"],"unlinked":["<span class=\"advgb-post-tax-term\">g1<\/span>"]}},"comment_count":"0","relative_dates":{"created":"Publicado 3 anos atr\u00e1s","modified":"Atualizado 3 anos atr\u00e1s"},"absolute_dates":{"created":"Publicado em 15 de agosto de 2023","modified":"Atualizado em 15 de agosto de 2023"},"absolute_dates_time":{"created":"Publicado em 15 de agosto de 2023 16:07","modified":"Atualizado em 15 de agosto de 2023 16:07"},"featured_img_caption":"","series_order":"","_links":{"self":[{"href":"https:\/\/sindaopcpb.org.br\/index.php\/wp-json\/wp\/v2\/posts\/29863","targetHints":{"allow":["GET"]}}],"collection":[{"href":"https:\/\/sindaopcpb.org.br\/index.php\/wp-json\/wp\/v2\/posts"}],"about":[{"href":"https:\/\/sindaopcpb.org.br\/index.php\/wp-json\/wp\/v2\/types\/post"}],"author":[{"embeddable":true,"href":"https:\/\/sindaopcpb.org.br\/index.php\/wp-json\/wp\/v2\/users\/49"}],"replies":[{"embeddable":true,"href":"https:\/\/sindaopcpb.org.br\/index.php\/wp-json\/wp\/v2\/comments?post=29863"}],"version-history":[{"count":1,"href":"https:\/\/sindaopcpb.org.br\/index.php\/wp-json\/wp\/v2\/posts\/29863\/revisions"}],"predecessor-version":[{"id":29864,"href":"https:\/\/sindaopcpb.org.br\/index.php\/wp-json\/wp\/v2\/posts\/29863\/revisions\/29864"}],"wp:attachment":[{"href":"https:\/\/sindaopcpb.org.br\/index.php\/wp-json\/wp\/v2\/media?parent=29863"}],"wp:term":[{"taxonomy":"category","embeddable":true,"href":"https:\/\/sindaopcpb.org.br\/index.php\/wp-json\/wp\/v2\/categories?post=29863"},{"taxonomy":"post_tag","embeddable":true,"href":"https:\/\/sindaopcpb.org.br\/index.php\/wp-json\/wp\/v2\/tags?post=29863"}],"curies":[{"name":"wp","href":"https:\/\/api.w.org\/{rel}","templated":true}]}}