{"id":29856,"date":"2023-08-15T16:01:27","date_gmt":"2023-08-15T19:01:27","guid":{"rendered":"https:\/\/www.infomoney.com.br\/?p=2216677"},"modified":"2023-08-15T16:01:27","modified_gmt":"2023-08-15T19:01:27","slug":"reforma-tributaria-imposto-do-pecado-entra-na-mira-de-setores-economicos-em-discussao-no-senado","status":"publish","type":"post","link":"https:\/\/sindaopcpb.org.br\/index.php\/2023\/08\/15\/reforma-tributaria-imposto-do-pecado-entra-na-mira-de-setores-economicos-em-discussao-no-senado\/","title":{"rendered":"Reforma tribut\u00e1ria: \u201cImposto do Pecado\u201d entra na mira de setores econ\u00f4micos em discuss\u00e3o no Senado"},"content":{"rendered":"<p><img loading=\"lazy\" width=\"300\" height=\"200\" src=\"https:\/\/www.infomoney.com.br\/wp-content\/uploads\/2023\/08\/53118494016_fe50efbdce_c.jpg?fit=300%2C200&amp;quality=70&amp;strip=all\" class=\"attachment-medium size-medium wp-post-image\" alt=\"\" decoding=\"async\" style=\"float:right; margin:0 0 10px 10px;\" srcset=\"https:\/\/www.infomoney.com.br\/wp-content\/uploads\/2023\/08\/53118494016_fe50efbdce_c.jpg?w=799&amp;quality=70&amp;strip=all 799w, https:\/\/www.infomoney.com.br\/wp-content\/uploads\/2023\/08\/53118494016_fe50efbdce_c.jpg?w=300&amp;quality=70&amp;strip=all 300w, https:\/\/www.infomoney.com.br\/wp-content\/uploads\/2023\/08\/53118494016_fe50efbdce_c.jpg?w=768&amp;quality=70&amp;strip=all 768w, https:\/\/www.infomoney.com.br\/wp-content\/uploads\/2023\/08\/53118494016_fe50efbdce_c.jpg?w=150&amp;quality=70&amp;strip=all 150w\" sizes=\"auto, (max-width: 300px) 100vw, 300px\" data-attachment-id=\"2216791\" data-permalink=\"https:\/\/www.infomoney.com.br\/politica\/reforma-tributaria-imposto-do-pecado-entra-na-mira-de-setores-economicos-em-discussao-no-senado\/attachment\/53118494016_fe50efbdce_c\/\" data-orig-file=\"https:\/\/www.infomoney.com.br\/wp-content\/uploads\/2023\/08\/53118494016_fe50efbdce_c.jpg?fit=799%2C533&amp;quality=70&amp;strip=all\" data-orig-size=\"799,533\" data-comments-opened=\"0\" data-image-meta=\"{&quot;aperture&quot;:&quot;0&quot;,&quot;credit&quot;:&quot;Edilson Rodrigues\\\/Ag\\u00eancia Senad&quot;,&quot;camera&quot;:&quot;&quot;,&quot;caption&quot;:&quot;&quot;,&quot;created_timestamp&quot;:&quot;0&quot;,&quot;copyright&quot;:&quot;Senado Federal do Brasil&quot;,&quot;focal_length&quot;:&quot;0&quot;,&quot;iso&quot;:&quot;0&quot;,&quot;shutter_speed&quot;:&quot;0&quot;,&quot;title&quot;:&quot;&quot;,&quot;orientation&quot;:&quot;0&quot;}\" data-image-title=\"Comiss\u00e3o de Assuntos Econ\u00f4micos (CAE)\" data-image-description=\"\" data-image-caption=\"&lt;p&gt;A Comiss\u00e3o de Assuntos Econ\u00f4micos (CAE) do Senado Federal durante audi\u00eancia p\u00fablica sobre a reforma tribut\u00e1ria (Foto: Edilson Rodrigues\/Ag\u00eancia Senado)&lt;\/p&gt;\n\" data-medium-file=\"https:\/\/www.infomoney.com.br\/wp-content\/uploads\/2023\/08\/53118494016_fe50efbdce_c.jpg?fit=300%2C200&amp;quality=70&amp;strip=all\" data-large-file=\"https:\/\/www.infomoney.com.br\/wp-content\/uploads\/2023\/08\/53118494016_fe50efbdce_c.jpg?fit=799%2C533&amp;quality=70&amp;strip=all\" title=\"\"><\/p>\n<p>Representantes dos principais setores da economia apresentaram, durante audi&ecirc;ncia p&uacute;blica realizada pela Comiss&atilde;o de Assuntos Econ&ocirc;micos (CAE) do Senado Federal, nesta ter&ccedil;a-feira (15), sugest&otilde;es de mudan&ccedil;as no desenho do Imposto Seletivo (IS), previsto na Proposta de Emenda &agrave; Constitui&ccedil;&atilde;o (PEC) da <strong>reforma tribut&aacute;ria<\/strong> que trata dos impostos sobre o consumo.<\/p>\n<p>Pela vers&atilde;o do texto aprovada pela C&acirc;mara dos Deputados no m&ecirc;s passado, o Imposto Seletivo se somaria &agrave; Contribui&ccedil;&atilde;o sobre Bens e Servi&ccedil;os (CBS) e ao Imposto sobre Bens e Servi&ccedil;os (IBS) &#8210; tributos que formariam um modelo nos moldes de um Imposto sobre o Valor Agregado (IVA) dual no Brasil. O primeiro substituir&aacute; os tributos federais PIS, a Cofins e o IPI. J&aacute; o segundo o ICMS, cobrado pelos Estados, e o ISS, pelos munic&iacute;pios.<\/p>\n<p>Mas o Imposto Seletivo teria como premissa a incid&ecirc;ncia sobre bens e servi&ccedil;os prejudiciais &agrave; sa&uacute;de ou ao meio ambiente (o que lhe rendeu o apelido de &ldquo;imposto do pecado&rdquo;), em lista a ser definida por lei complementar. O texto ainda coloca o tributo como caminho para garantir vantagem competitiva para a Zona Franca de Manaus (ZFM), permitido cobran&ccedil;a sobre produtos concorrenciais.<\/p>\n<p>No caso de &Aacute;reas de Livre Com&eacute;rcio, a PEC prev&ecirc; altera&ccedil;&otilde;es nas al&iacute;quotas ou nas regras de creditamento dos tributos, n&atilde;o se aplicando dispositivo que determina uma mesma al&iacute;quota fixada pelo ente federativo para todas as opera&ccedil;&otilde;es com bens ou servi&ccedil;os (ressalvadas as hip&oacute;teses previstas na pr&oacute;pria proposta de emenda &agrave; Constitui&ccedil;&atilde;o). Tamb&eacute;m n&atilde;o se aplica regra que impede a concess&atilde;o de incentivos e benef&iacute;cios financeiros ou fiscais ou de regimes espec&iacute;ficos, diferenciados ou favorecidos de tributa&ccedil;&atilde;o.<\/p>\n<p>Al&eacute;m da amplia&ccedil;&atilde;o da incid&ecirc;ncia do Imposto Seletivo para alcan&ccedil;ar a produ&ccedil;&atilde;o, comercializa&ccedil;&atilde;o ou importa&ccedil;&atilde;o de bens que tamb&eacute;m sejam produzidos na ZFM ou &Aacute;rea de Livre Com&eacute;rcio, garantido tratamento favorecido &agrave;s opera&ccedil;&otilde;es originadas na regi&atilde;o.<\/p>\n<p>Mas representantes de setores econ&ocirc;micos acreditam que &eacute; poss&iacute;vel melhorar o desenho do Imposto Seletivo durante a tramita&ccedil;&atilde;o da mat&eacute;ria no Senado Federal.<\/p>\n<p>Durante a primeira audi&ecirc;ncia p&uacute;blica realizada sobre a mat&eacute;ria na Comiss&atilde;o de Assuntos Econ&ocirc;micos (CAE), S&eacute;rgio Carraro Telles, gerente executivo de economia da Confedera&ccedil;&atilde;o Nacional da Ind&uacute;stria, disse que houve um aprimoramento no dispositivo na reta final das discuss&otilde;es pelos deputados, com a decis&atilde;o de n&atilde;o incid&ecirc;ncia sobre alimentos e insumos agropecu&aacute;rios.<\/p>\n<div class=\"cta-middle\">\n<div class=\"im-cta bg-light bg-opacity-25 border rounded-4 p-3 p-sm-4 p-md-3 p-lg-4 px-xxl-5 my-5\" >\n<div class=\"d-flex flex-column align-items-center align-items-lg-start mb-4 flex-lg-row\">\n<div class=\"rounded-circle mb-2 mb-lg-0 mr-lg-4 me-lg-4 p-3 p-lg-4 bg-indigo-400\"><svg width=\"40\" height=\"40\" viewBox=\"0 0 40 40\" fill=\"none\" xmlns=\"http:\/\/www.w3.org\/2000\/svg\"><path d=\"m18.125 29.917-5.25-5.209 1.333-1.291 3.917 3.833 7.5-7.542 1.333 1.375-8.833 8.834ZM8.25 35.833a2.328 2.328 0 0 1-1.708-.708 2.328 2.328 0 0 1-.709-1.708V9.292c0-.64.236-1.202.709-1.688a2.295 2.295 0 0 1 1.708-.73h3.083V3.959h2.084v2.917h13.25V3.958h2.041v2.917h3.042c.667 0 1.236.243 1.708.73.473.485.709 1.048.709 1.687v24.125c0 .666-.236 1.236-.709 1.708a2.328 2.328 0 0 1-1.708.708H8.25Zm0-1.875h23.5a.518.518 0 0 0 .375-.166.518.518 0 0 0 .167-.375V16.875H7.708v16.542c0 .139.056.264.167.375a.518.518 0 0 0 .375.166ZM7.708 15h24.584V9.292a.454.454 0 0 0-.167-.355.555.555 0 0 0-.375-.145H8.25a.555.555 0 0 0-.375.145.454.454 0 0 0-.167.355V15Z\" fill=\"#fff\"\/><\/svg><\/div>\n<div class=\"flex-fill text-center text-lg-left\">\n<div class=\"h6 small text-orange-700 lh-base mb-1\">Cupom exclusivo InfoMoney<\/div>\n<div class=\"text-body h4 m-0\">Expert XP 2023<\/div>\n<div class=\"text-body small lh-base mt-2\">Garanta 5% de desconto no seu ingresso da Expert XP 2023. Cadastre-se e receba o seu cupom<\/div>\n<\/div>\n<\/div>\n<div class=\"im-shortcode-forms-v2\" data-component-type=\"multiformBootstrapV2\" data-configuracao='{\"id\":\"2212853\",\"optimize_id\":\"\",\"nome\":false,\"titulo\":\"Expert XP 2023\",\"icone\":\"event\",\"chapeu\":\"Cupom exclusivo InfoMoney\",\"email\":true,\"telefone\":false,\"cpf\":false,\"campanha\":\"EXPERT\",\"LancamentoID\":\"168\",\"thankYouUrl\":\"\",\"idJorney\":\"APIEvent-51a92df5-115a-a137-daa4-cb46448cef77\",\"idDE\":\"\",\"botaoLabel\":\"Quero receber\",\"contextSegment\":\"Newsletter\",\"urlOrigem\":\"https:\\\/\\\/www.infomoney.com.br\\\/politica\\\/reforma-tributaria-imposto-do-pecado-entra-na-mira-de-setores-economicos-em-discussao-no-senado\\\/?utm_medium=materia&#038;utm_source=infomoney&#038;utm_campaign=EXPERT&#038;utm_term=politica&#038;utm_content=serie-aquisicao\",\"openBlank\":true,\"gaPosition\":\"meio\",\"gaCategory\":\"cta_form\",\"useCaptacaoLead\":true,\"dataUTM\":{\"utmMedium\":\"materia\",\"utmSource\":\"infomoney\",\"utmCampaign\":\"EXPERT\",\"utmTerm\":\"politica\",\"utmContent\":\"serie-aquisicao\"}}'><\/div>\n<\/p><\/div>\n<\/div>\n<p>Mas alegou que &eacute; preciso ampliar o benef&iacute;cio para insumos de servi&ccedil;os e da ind&uacute;stria e impedir qualquer risco de cumulatividade (isto &eacute;, a possibilidade de o tributo pago passe a figurar na base da cobran&ccedil;a em outra etapa da cadeia produtiva, no chamado &ldquo;efeito bola de neve&rdquo;) &#8210; um dos princ&iacute;pios norteadores da reforma com a implementa&ccedil;&atilde;o do IVA dual.<\/p>\n<p>&ldquo;O Imposto Seletivo n&atilde;o pode incidir sobre qualquer insumo. Porque se n&atilde;o a gente leva para o novo modelo a cumulatividade e os problemas do modelo atual&rdquo;, concordou Renato Conchon, coordenador do n&uacute;cleo econ&ocirc;mico da Confedera&ccedil;&atilde;o Nacional da Agricultura e Pecu&aacute;ria do Brasil (CNA).<\/p>\n<p>J&aacute; Jo&atilde;o Carlos Galassi, presidente da Uni&atilde;o Nacional de Entidades do Com&eacute;rcio e Servi&ccedil;os (UNECS), defendeu uma posi&ccedil;&atilde;o mais radical: a extin&ccedil;&atilde;o do Imposto Seletivo. Ele argumenta que seria mais eficiente a cria&ccedil;&atilde;o de uma al&iacute;quota superior &agrave; al&iacute;quota-padr&atilde;o no IBS e na CBS em seu lugar.<\/p>\n<p>&ldquo;Esse imposto &eacute; um imposto punitivo, n&atilde;o tem uma rela&ccedil;&atilde;o direta com o objetivo da reforma tribut&aacute;ria, que &eacute; eliminar a cumulatividade&rdquo;, argumentou. &ldquo;E ele n&atilde;o segue o ordenamento da implanta&ccedil;&atilde;o da reforma tribut&aacute;ria&rdquo;, destacou. Pela reda&ccedil;&atilde;o atual da PEC, ele interpreta que o tributo pode come&ccedil;ar a ser aplicado j&aacute; em 1&ordm; de janeiro, caso o texto seja promulgado ainda em 2023.<\/p>\n<p>&ldquo;Assim como temos a al&iacute;quota de refer&ecirc;ncia com uma redu&ccedil;&atilde;o, nossa proposta &eacute; que tenhamos uma majora&ccedil;&atilde;o, mantendo o mesmo sistema sobre a al&iacute;quota de refer&ecirc;ncia. N&atilde;o h&aacute; necessidade de criar um novo tributo&rdquo;, explicou.<\/p>\n<p>Ele defendeu, ainda, que o tributo n&atilde;o incida sobre alimentos, energia el&eacute;trica, combust&iacute;veis e telecomunica&ccedil;&otilde;es.<\/p>\n<h2><strong>Tramita&ccedil;&atilde;o<\/strong><\/h2>\n<p>No Senado Federal, a Proposta de Emenda &agrave; Constitui&ccedil;&atilde;o que trata dos impostos sobre o consumo vai tramitar apenas pela Comiss&atilde;o de Constitui&ccedil;&atilde;o de Justi&ccedil;a (CCJ) antes de ir a plen&aacute;rio. &Agrave; Comiss&atilde;o de Assuntos Econ&ocirc;micos caber&aacute; oferecer subs&iacute;dios t&eacute;cnicos &agrave; discuss&atilde;o.<\/p>\n<p>Por se tratar de Proposta de Emenda &agrave; Constitui&ccedil;&atilde;o, o texto precisa do apoio de 3\/5 dos senadores (ou seja, pelo menos 49 dos 81 integrantes da casa) em dois turnos de vota&ccedil;&atilde;o em plen&aacute;rio. Caso ele seja aprovado com mudan&ccedil;as de m&eacute;rito em rela&ccedil;&atilde;o &agrave; vers&atilde;o recebida dos deputados, &eacute; necess&aacute;ria nova an&aacute;lise da C&acirc;mara dos Deputados.<\/p>\n<p>A PEC vai de uma casa para a outra (o chamado pingue-pongue) at&eacute; que seja votada sem diferen&ccedil;as. Ela somente vai &agrave; promulga&ccedil;&atilde;o do Congresso Nacional quando superadas essas diverg&ecirc;ncias.<\/p>\n<\/p>\n<div class=\"cta-end\">\n<div class=\"im-cta\" >\n<div class=\"im-shortcode-forms bg-light bg-opacity-25 border rounded-4 p-3 p-sm-4 p-md-3 p-lg-4 px-xxl-5 my-5\" data-configuration='{\"form_name\":false,\"form_hat\":\"Newsletter\",\"form_email\":true,\"form_icon\":\"newsletter\",\"form_phone\":false,\"form_campaign\":\"NIM\",\"form_thankyou\":\"\",\"form_journey\":\"APIEvent-26a5198d-8e09-06ef-5f80-cd9127757ad1\",\"form_button\":\"Quero receber\",\"form_context\":\"newsletter\",\"form_origin\":\"https:\\\/\\\/www.infomoney.com.br\\\/politica\\\/feed\\\/?utm_medium=materia&#038;utm_source=infomoney&#038;utm_campaign=NIM&#038;utm_term=politica&#038;utm_content=newsletter\",\"form_position\":\"final\",\"form_category\":\"cta_form\"}'>\n<div class=\"d-flex flex-column align-items-center align-items-lg-start mb-4 flex-lg-row\">\n<div class=\"rounded-circle mb-2 mb-lg-0 mr-lg-4 me-lg-4 p-3 p-lg-4 bg-blue-400\"><svg width=\"40\" height=\"40\" viewBox=\"0 0 40 40\" fill=\"none\" xmlns=\"http:\/\/www.w3.org\/2000\/svg\"><path d=\"M20 20.25 6.042 11.042v19.041c0 .167.048.299.146.396a.535.535 0 0 0 .395.146h15.792V32.5H6.583a2.328 2.328 0 0 1-1.708-.708 2.328 2.328 0 0 1-.708-1.709V9.917c0-.667.236-1.236.708-1.709A2.328 2.328 0 0 1 6.583 7.5h26.834c.666 0 1.236.236 1.708.708a2.33 2.33 0 0 1 .708 1.709v12.458h-1.875V11.042L20 20.25Zm0-2 13.667-8.875H6.333L20 18.25Zm11.75 18.958-1.292-1.333 3.334-3.375h-9v-1.875h9l-3.375-3.417 1.333-1.291 5.667 5.625-5.667 5.666ZM6.042 11.042v20.791-9.458.25-13.25 1.667Z\" fill=\"#fff\"\/><\/svg><\/div>\n<div class=\"flex-fill text-center text-lg-left\">\n<div class=\"h6 small text-orange-700 lh-base mb-1\">Newsletter<\/div>\n<div class=\"text-body h4 m-0\">Infomorning<\/div>\n<div class=\"text-body small lh-base mt-2\">Receba no seu e-mail logo pela manh&atilde; as not&iacute;cias que v&atilde;o mexer com os mercados, com os seus investimentos e o seu bolso durante o dia<\/div>\n<\/div>\n<\/div>\n<\/div>\n<\/div>\n<\/div>\n<p>The post <a rel=\"nofollow noopener\" href=\"https:\/\/www.infomoney.com.br\/politica\/reforma-tributaria-imposto-do-pecado-entra-na-mira-de-setores-economicos-em-discussao-no-senado\/\" target=\"_blank\">Reforma tribut\u00e1ria: &#8220;Imposto do Pecado&#8221; entra na mira de setores econ\u00f4micos em discuss\u00e3o no Senado<\/a> appeared first on <a rel=\"nofollow noopener\" href=\"https:\/\/www.infomoney.com.br\/\" target=\"_blank\">InfoMoney<\/a>.<\/p>\n","protected":false},"excerpt":{"rendered":"<p><img loading=\"lazy\" decoding=\"async\" width=\"300\" height=\"200\" src=\"https:\/\/www.infomoney.com.br\/wp-content\/uploads\/2023\/08\/53118494016_fe50efbdce_c.jpg?fit=300%2C200&amp;quality=70&amp;strip=all\" class=\"attachment-medium size-medium wp-post-image\" alt=\"\" data-attachment-id=\"2216791\" data-permalink=\"https:\/\/www.infomoney.com.br\/politica\/reforma-tributaria-imposto-do-pecado-entra-na-mira-de-setores-economicos-em-discussao-no-senado\/attachment\/53118494016_fe50efbdce_c\/\" data-orig-file=\"https:\/\/www.infomoney.com.br\/wp-content\/uploads\/2023\/08\/53118494016_fe50efbdce_c.jpg?fit=799%2C533&amp;quality=70&amp;strip=all\" data-orig-size=\"799,533\" data-comments-opened=\"0\" data-image-meta='{\"aperture\":\"0\",\"credit\":\"Edilson Rodrigues\\\/Ag\\u00eancia Senad\",\"camera\":\"\",\"caption\":\"\",\"created_timestamp\":\"0\",\"copyright\":\"Senado Federal do Brasil\",\"focal_length\":\"0\",\"iso\":\"0\",\"shutter_speed\":\"0\",\"title\":\"\",\"orientation\":\"0\"}' data-image-title=\"Comiss\u00e3o de Assuntos Econ\u00f4micos (CAE)\" data-image-description=\"\" data-image-caption=\"&lt;p&gt;A Comiss\u00e3o de Assuntos Econ\u00f4micos (CAE) do Senado Federal durante audi\u00eancia p\u00fablica sobre a reforma tribut\u00e1ria (Foto: Edilson Rodrigues\/Ag\u00eancia Senado)&lt;\/p&gt;\n\" data-medium-file=\"https:\/\/www.infomoney.com.br\/wp-content\/uploads\/2023\/08\/53118494016_fe50efbdce_c.jpg?fit=300%2C200&amp;quality=70&amp;strip=all\" data-large-file=\"https:\/\/www.infomoney.com.br\/wp-content\/uploads\/2023\/08\/53118494016_fe50efbdce_c.jpg?fit=799%2C533&amp;quality=70&amp;strip=all\">Tributo teria como premissa a incid\u00eancia sobre bens e servi\u00e7os prejudiciais \u00e0 sa\u00fade ou ao meio ambiente, mas entidades reclamam de cumulatividade<\/p>\n<p>The post <a rel=\"nofollow\" href=\"https:\/\/www.infomoney.com.br\/politica\/reforma-tributaria-imposto-do-pecado-entra-na-mira-de-setores-economicos-em-discussao-no-senado\/\">Reforma tribut\u00e1ria: \u201cImposto do Pecado\u201d entra na mira de setores econ\u00f4micos em discuss\u00e3o no Senado<\/a> appeared first on <a rel=\"nofollow\" href=\"https:\/\/www.infomoney.com.br\/\">InfoMoney<\/a>.<\/p>\n","protected":false},"author":52,"featured_media":0,"comment_status":"closed","ping_status":"closed","sticky":false,"template":"","format":"standard","meta":{"advgb_blocks_editor_width":"","advgb_blocks_columns_visual_guide":"","footnotes":""},"categories":[599,34,556,2922,47,191,403,2685],"tags":[35],"class_list":["post-29856","post","type-post","status-publish","format-standard","hentry","category-comercio","category-g1","category-impostos","category-industria","category-politica","category-reforma-tributaria","category-senado","category-servicos","tag-g1"],"author_meta":{"display_name":"Marcos Mortari","author_link":"https:\/\/sindaopcpb.org.br\/author\/marcos-mortari\/"},"featured_img":null,"coauthors":[],"tax_additional":{"categories":{"linked":["<a href=\"https:\/\/sindaopcpb.org.br\/comercio\/\" class=\"advgb-post-tax-term\">Com\u00e9rcio<\/a>","<a href=\"https:\/\/sindaopcpb.org.br\/g1\/\" class=\"advgb-post-tax-term\">G1<\/a>","<a href=\"https:\/\/sindaopcpb.org.br\/impostos\/\" class=\"advgb-post-tax-term\">Impostos<\/a>","<a href=\"https:\/\/sindaopcpb.org.br\/industria\/\" class=\"advgb-post-tax-term\">Ind\u00fastria<\/a>","<a href=\"https:\/\/sindaopcpb.org.br\/politica\/\" class=\"advgb-post-tax-term\">POLITICA<\/a>","<a href=\"https:\/\/sindaopcpb.org.br\/reforma-tributaria\/\" class=\"advgb-post-tax-term\">reforma tribut\u00e1ria<\/a>","<a href=\"https:\/\/sindaopcpb.org.br\/senado\/\" class=\"advgb-post-tax-term\">Senado<\/a>","<a href=\"https:\/\/sindaopcpb.org.br\/servicos\/\" class=\"advgb-post-tax-term\">servi\u00e7os<\/a>"],"unlinked":["<span class=\"advgb-post-tax-term\">Com\u00e9rcio<\/span>","<span class=\"advgb-post-tax-term\">G1<\/span>","<span class=\"advgb-post-tax-term\">Impostos<\/span>","<span class=\"advgb-post-tax-term\">Ind\u00fastria<\/span>","<span class=\"advgb-post-tax-term\">POLITICA<\/span>","<span class=\"advgb-post-tax-term\">reforma tribut\u00e1ria<\/span>","<span class=\"advgb-post-tax-term\">Senado<\/span>","<span class=\"advgb-post-tax-term\">servi\u00e7os<\/span>"]},"tags":{"linked":["<a href=\"https:\/\/sindaopcpb.org.br\/servicos\/\" class=\"advgb-post-tax-term\">g1<\/a>"],"unlinked":["<span class=\"advgb-post-tax-term\">g1<\/span>"]}},"comment_count":"0","relative_dates":{"created":"Publicado 3 anos atr\u00e1s","modified":"Atualizado 3 anos atr\u00e1s"},"absolute_dates":{"created":"Publicado em 15 de agosto de 2023","modified":"Atualizado em 15 de agosto de 2023"},"absolute_dates_time":{"created":"Publicado em 15 de agosto de 2023 16:01","modified":"Atualizado em 15 de agosto de 2023 16:01"},"featured_img_caption":"","series_order":"","_links":{"self":[{"href":"https:\/\/sindaopcpb.org.br\/index.php\/wp-json\/wp\/v2\/posts\/29856","targetHints":{"allow":["GET"]}}],"collection":[{"href":"https:\/\/sindaopcpb.org.br\/index.php\/wp-json\/wp\/v2\/posts"}],"about":[{"href":"https:\/\/sindaopcpb.org.br\/index.php\/wp-json\/wp\/v2\/types\/post"}],"author":[{"embeddable":true,"href":"https:\/\/sindaopcpb.org.br\/index.php\/wp-json\/wp\/v2\/users\/52"}],"replies":[{"embeddable":true,"href":"https:\/\/sindaopcpb.org.br\/index.php\/wp-json\/wp\/v2\/comments?post=29856"}],"version-history":[{"count":1,"href":"https:\/\/sindaopcpb.org.br\/index.php\/wp-json\/wp\/v2\/posts\/29856\/revisions"}],"predecessor-version":[{"id":29857,"href":"https:\/\/sindaopcpb.org.br\/index.php\/wp-json\/wp\/v2\/posts\/29856\/revisions\/29857"}],"wp:attachment":[{"href":"https:\/\/sindaopcpb.org.br\/index.php\/wp-json\/wp\/v2\/media?parent=29856"}],"wp:term":[{"taxonomy":"category","embeddable":true,"href":"https:\/\/sindaopcpb.org.br\/index.php\/wp-json\/wp\/v2\/categories?post=29856"},{"taxonomy":"post_tag","embeddable":true,"href":"https:\/\/sindaopcpb.org.br\/index.php\/wp-json\/wp\/v2\/tags?post=29856"}],"curies":[{"name":"wp","href":"https:\/\/api.w.org\/{rel}","templated":true}]}}