{"id":29676,"date":"2023-08-14T15:57:00","date_gmt":"2023-08-14T18:57:00","guid":{"rendered":"https:\/\/www.infomoney.com.br\/?p=2215169"},"modified":"2023-08-14T15:57:00","modified_gmt":"2023-08-14T18:57:00","slug":"haddad-defende-protecao-a-quem-esta-no-credito-rotativo-mas-sem-comprometer-o-varejo","status":"publish","type":"post","link":"https:\/\/sindaopcpb.org.br\/index.php\/2023\/08\/14\/haddad-defende-protecao-a-quem-esta-no-credito-rotativo-mas-sem-comprometer-o-varejo\/","title":{"rendered":"Haddad defende prote\u00e7\u00e3o a quem est\u00e1 no cr\u00e9dito rotativo, mas sem comprometer o varejo"},"content":{"rendered":"<p><img loading=\"lazy\" width=\"300\" height=\"200\" src=\"https:\/\/www.infomoney.com.br\/wp-content\/uploads\/2023\/08\/Haddad1.jpg?fit=300%2C200&amp;quality=70&amp;strip=all\" class=\"attachment-medium size-medium wp-post-image\" alt=\"\" decoding=\"async\" style=\"float:right; margin:0 0 10px 10px;\" srcset=\"https:\/\/www.infomoney.com.br\/wp-content\/uploads\/2023\/08\/Haddad1.jpg?w=1000&amp;quality=70&amp;strip=all 1000w, https:\/\/www.infomoney.com.br\/wp-content\/uploads\/2023\/08\/Haddad1.jpg?w=300&amp;quality=70&amp;strip=all 300w, https:\/\/www.infomoney.com.br\/wp-content\/uploads\/2023\/08\/Haddad1.jpg?w=768&amp;quality=70&amp;strip=all 768w, https:\/\/www.infomoney.com.br\/wp-content\/uploads\/2023\/08\/Haddad1.jpg?w=150&amp;quality=70&amp;strip=all 150w\" sizes=\"auto, (max-width: 300px) 100vw, 300px\" data-attachment-id=\"2212869\" data-permalink=\"https:\/\/www.infomoney.com.br\/politica\/deputados-veem-boas-chances-de-aprovacao-para-fim-do-jcp-e-taxacao-de-apostas-online-diz-pesquisa\/attachment\/haddad1-2\/\" data-orig-file=\"https:\/\/www.infomoney.com.br\/wp-content\/uploads\/2023\/08\/Haddad1.jpg?fit=1000%2C667&amp;quality=70&amp;strip=all\" data-orig-size=\"1000,667\" data-comments-opened=\"0\" data-image-meta=\"{&quot;aperture&quot;:&quot;0&quot;,&quot;credit&quot;:&quot;&quot;,&quot;camera&quot;:&quot;&quot;,&quot;caption&quot;:&quot;&quot;,&quot;created_timestamp&quot;:&quot;0&quot;,&quot;copyright&quot;:&quot;&quot;,&quot;focal_length&quot;:&quot;0&quot;,&quot;iso&quot;:&quot;0&quot;,&quot;shutter_speed&quot;:&quot;0&quot;,&quot;title&quot;:&quot;&quot;,&quot;orientation&quot;:&quot;0&quot;}\" data-image-title=\"Fernando Haddad\" data-image-description=\"\" data-image-caption=\"&lt;p&gt;O ministro da Fazenda, Fernando Haddad (PT), em audi\u00eancia p\u00fablica na C\u00e2mara dos Deputados (Vinicius Loures\/C\u00e2mara dos Deputados)&lt;\/p&gt;\n\" data-medium-file=\"https:\/\/www.infomoney.com.br\/wp-content\/uploads\/2023\/08\/Haddad1.jpg?fit=300%2C200&amp;quality=70&amp;strip=all\" data-large-file=\"https:\/\/www.infomoney.com.br\/wp-content\/uploads\/2023\/08\/Haddad1.jpg?fit=1000%2C667&amp;quality=70&amp;strip=all\" title=\"\"><\/p>\n<p>O ministro da Fazenda, Fernando Haddad, disse em entrevista ao jornalista Reinaldo Azevedo, que &eacute; preciso garantir prote&ccedil;&atilde;o a quem est&aacute; no cr&eacute;dito rotativo sem comprometer o varejo. A entrevista foi gravada na sexta-feira (11) e divulgada nesta segunda-feira (14).<\/p>\n<div class=\"cta-middle\">\n<div class=\"im-cta bg-light bg-opacity-25 border rounded-4 p-3 p-sm-4 p-md-3 p-lg-4 px-xxl-5 my-5\" >\n<div class=\"d-flex flex-column align-items-center align-items-lg-start mb-4 flex-lg-row\">\n<div class=\"rounded-circle mb-2 mb-lg-0 mr-lg-4 me-lg-4 p-3 p-lg-4 bg-red-500\"><svg width=\"40\" height=\"40\" viewBox=\"0 0 40 40\" fill=\"none\" xmlns=\"http:\/\/www.w3.org\/2000\/svg\"><path d=\"M19.958 33.083 8.833 27v-9.042L3.417 15l16.541-9.042L36.583 15v11.875h-1.875v-10.75l-3.583 1.833V27l-11.167 6.083Zm0-11.208L32.625 15 19.958 8.208 7.375 15l12.583 6.875Zm0 9.042 9.25-5.084v-6.75l-9.25 4.959-9.25-5v6.791l9.25 5.084Z\" fill=\"#fff\"\/><\/svg><\/div>\n<div class=\"flex-fill text-center text-lg-left\">\n<div class=\"h6 small text-orange-700 lh-base mb-1\">S&eacute;rie exclusiva<\/div>\n<div class=\"text-body h4 m-0\">Renda Extra Imobili&aacute;ria<\/div>\n<div class=\"text-body small lh-base mt-2\">Descubra o passo a passo para viver de renda e receber seu primeiro aluguel na conta nas pr&oacute;ximas semanas, sem precisar ter um im&oacute;vel<\/div>\n<\/div>\n<\/div>\n<div class=\"im-shortcode-forms-v2\" data-component-type=\"multiformBootstrapV2\" data-configuracao='{\"id\":\"2212694\",\"optimize_id\":\"\",\"nome\":false,\"titulo\":\"Renda Extra Imobili&aacute;ria\",\"icone\":\"course\",\"chapeu\":\"S&eacute;rie exclusiva\",\"email\":true,\"telefone\":false,\"cpf\":false,\"campanha\":\"REI\",\"LancamentoID\":\"156\",\"thankYouUrl\":\"\",\"idJorney\":\"APIEvent-f4c6ca85-5fea-83ce-d508-32cfe7f7fcf7\",\"idDE\":\"\",\"botaoLabel\":\"Quero participar\",\"contextSegment\":\"CursoLivre\",\"urlOrigem\":\"https:\\\/\\\/www.infomoney.com.br\\\/minhas-financas\\\/haddad-defende-protecao-a-quem-esta-no-credito-rotativo-mas-sem-comprometer-o-varejo\\\/?utm_medium=materia&#038;utm_source=infomoney&#038;utm_campaign=REI&#038;utm_term=minhas-financas&#038;utm_content=serie-aquisicao\",\"openBlank\":true,\"gaPosition\":\"meio\",\"gaCategory\":\"cta_form\",\"useCaptacaoLead\":true,\"dataUTM\":{\"utmMedium\":\"materia\",\"utmSource\":\"infomoney\",\"utmCampaign\":\"REI\",\"utmTerm\":\"minhas-financas\",\"utmContent\":\"serie-aquisicao\"}}'><\/div>\n<\/p><\/div>\n<\/div>\n<p>O ministro foi questionado sobre a declara&ccedil;&atilde;o do presidente do Banco Central, Roberto Campos Neto, de que &eacute; preciso acabar com o rotativo do cart&atilde;o. &ldquo;O rotativo n&atilde;o d&aacute;. &Eacute; 15% ao m&ecirc;s, composto&rdquo;, disse.<\/p>\n<p>Para o ministro, &eacute; preciso garantir algum tipo de prote&ccedil;&atilde;o &agrave;s pessoas que est&atilde;o com d&iacute;vidas nessa modalidade, mas sem perder de vista o varejo, que vende muito em parcelas sem juros no cart&atilde;o de cr&eacute;dito &ndash; que para ele &eacute; um padr&atilde;o de compra do brasileiro.<\/p>\n<p>Ele lembrou que o Congresso foi buscar solu&ccedil;&otilde;es para limitar o cr&eacute;dito, e que o pr&oacute;prio Banco Central j&aacute; havia limitado os juros do cheque especial. &ldquo;Preciso garantir algum tipo de prote&ccedil;&atilde;o &agrave;s pessoas que est&atilde;o com d&iacute;vidas nessa modalidade, mas sem perder de vista o varejo&rdquo;, afirmou.<\/p>\n<div class=\"infomoney-related-posts\">\n<h4>Leia tamb&eacute;m<\/h4>\n<div class=\"list\">\n<div class=\"row mx-0 item\">\n<div class=\"img-container\">\n<figure><img decoding=\"async\" class=\"img-fluid img-fluid\" src=\"https:\/\/www.infomoney.com.br\/wp-content\/uploads\/2023\/08\/53106252487_9af194c5d9_c.jpg?quality=70&#038;w=150&#038;%23038;h=150&#038;%23038;crop=1&#038;%23038;strip=all\" data-recalc-dims=\"1\" alt=\"\" title=\"\"><\/figure>\n<\/div>\n<div class=\"info\"><span class=\"hl-hat\">Modalidade ser&aacute; extinta?<\/span><span class=\"hl-title\"><a href=\"https:\/\/www.infomoney.com.br\/minhas-financas\/campos-neto-diz-nao-ter-detalhes-sobre-medida-do-rotativo-do-cartao-apos-ter-tomado-puxao-de-orelha\/\" rel=\"nofollow noopener\" target=\"_blank\">Campos Neto diz n&atilde;o ter detalhes sobre medida do rotativo do cart&atilde;o ap&oacute;s ter tomado &lsquo;pux&atilde;o de orelha&rsquo;<\/a><\/span><span class=\"hl-description\">Ideia &eacute; que faturas de cart&atilde;o n&atilde;o pagas caiam direto no cr&eacute;dito parcelado, e n&atilde;o no rotativo, diz presidente do BC<\/span><\/div>\n<\/div>\n<\/div>\n<\/div>\n<p>The post <a rel=\"nofollow noopener\" href=\"https:\/\/www.infomoney.com.br\/minhas-financas\/haddad-defende-protecao-a-quem-esta-no-credito-rotativo-mas-sem-comprometer-o-varejo\/\" target=\"_blank\">Haddad defende prote\u00e7\u00e3o a quem est\u00e1 no cr\u00e9dito rotativo, mas sem comprometer o varejo<\/a> appeared first on <a rel=\"nofollow noopener\" href=\"https:\/\/www.infomoney.com.br\/\" target=\"_blank\">InfoMoney<\/a>.<\/p>\n","protected":false},"excerpt":{"rendered":"<p><img loading=\"lazy\" decoding=\"async\" width=\"300\" height=\"200\" src=\"https:\/\/www.infomoney.com.br\/wp-content\/uploads\/2023\/08\/Haddad1.jpg?fit=300%2C200&amp;quality=70&amp;strip=all\" class=\"attachment-medium size-medium wp-post-image\" alt=\"\" data-attachment-id=\"2212869\" data-permalink=\"https:\/\/www.infomoney.com.br\/politica\/deputados-veem-boas-chances-de-aprovacao-para-fim-do-jcp-e-taxacao-de-apostas-online-diz-pesquisa\/attachment\/haddad1-2\/\" data-orig-file=\"https:\/\/www.infomoney.com.br\/wp-content\/uploads\/2023\/08\/Haddad1.jpg?fit=1000%2C667&amp;quality=70&amp;strip=all\" data-orig-size=\"1000,667\" data-comments-opened=\"0\" data-image-meta='{\"aperture\":\"0\",\"credit\":\"\",\"camera\":\"\",\"caption\":\"\",\"created_timestamp\":\"0\",\"copyright\":\"\",\"focal_length\":\"0\",\"iso\":\"0\",\"shutter_speed\":\"0\",\"title\":\"\",\"orientation\":\"0\"}' data-image-title=\"Fernando Haddad\" data-image-description=\"\" data-image-caption=\"&lt;p&gt;O ministro da Fazenda, Fernando Haddad (PT), em audi\u00eancia p\u00fablica na C\u00e2mara dos Deputados (Vinicius Loures\/C\u00e2mara dos Deputados)&lt;\/p&gt;\n\" data-medium-file=\"https:\/\/www.infomoney.com.br\/wp-content\/uploads\/2023\/08\/Haddad1.jpg?fit=300%2C200&amp;quality=70&amp;strip=all\" data-large-file=\"https:\/\/www.infomoney.com.br\/wp-content\/uploads\/2023\/08\/Haddad1.jpg?fit=1000%2C667&amp;quality=70&amp;strip=all\">Modalidade est\u00e1 centro das discuss\u00f5es pelo elevado patamar de juros que s\u00e3o cobrados ao consumidor<\/p>\n<p>The post <a rel=\"nofollow\" href=\"https:\/\/www.infomoney.com.br\/minhas-financas\/haddad-defende-protecao-a-quem-esta-no-credito-rotativo-mas-sem-comprometer-o-varejo\/\">Haddad defende prote\u00e7\u00e3o a quem est\u00e1 no cr\u00e9dito rotativo, mas sem comprometer o varejo<\/a> appeared first on <a rel=\"nofollow\" href=\"https:\/\/www.infomoney.com.br\/\">InfoMoney<\/a>.<\/p>\n","protected":false},"author":43,"featured_media":0,"comment_status":"closed","ping_status":"closed","sticky":false,"template":"","format":"standard","meta":{"advgb_blocks_editor_width":"","advgb_blocks_columns_visual_guide":"","footnotes":""},"categories":[34,278,444,47,3559,449,282],"tags":[35],"class_list":["post-29676","post","type-post","status-publish","format-standard","hentry","category-g1","category-justica","category-minhas-financas","category-politica","category-rotativo","category-stf","category-taxa-de-juros","tag-g1"],"author_meta":{"display_name":"Estad\u00e3o Conte\u00fado","author_link":"https:\/\/sindaopcpb.org.br\/author\/estadao-conteudo\/"},"featured_img":null,"coauthors":[],"tax_additional":{"categories":{"linked":["<a href=\"https:\/\/sindaopcpb.org.br\/g1\/\" class=\"advgb-post-tax-term\">G1<\/a>","<a href=\"https:\/\/sindaopcpb.org.br\/justica\/\" class=\"advgb-post-tax-term\">Justi\u00e7a<\/a>","<a href=\"https:\/\/sindaopcpb.org.br\/minhas-financas\/\" class=\"advgb-post-tax-term\">Minhas Finan\u00e7as<\/a>","<a href=\"https:\/\/sindaopcpb.org.br\/politica\/\" class=\"advgb-post-tax-term\">POLITICA<\/a>","<a href=\"https:\/\/sindaopcpb.org.br\/rotativo\/\" class=\"advgb-post-tax-term\">Rotativo<\/a>","<a href=\"https:\/\/sindaopcpb.org.br\/stf\/\" class=\"advgb-post-tax-term\">STF<\/a>","<a href=\"https:\/\/sindaopcpb.org.br\/taxa-de-juros\/\" class=\"advgb-post-tax-term\">Taxa de Juros<\/a>"],"unlinked":["<span class=\"advgb-post-tax-term\">G1<\/span>","<span class=\"advgb-post-tax-term\">Justi\u00e7a<\/span>","<span class=\"advgb-post-tax-term\">Minhas Finan\u00e7as<\/span>","<span class=\"advgb-post-tax-term\">POLITICA<\/span>","<span class=\"advgb-post-tax-term\">Rotativo<\/span>","<span class=\"advgb-post-tax-term\">STF<\/span>","<span class=\"advgb-post-tax-term\">Taxa de Juros<\/span>"]},"tags":{"linked":["<a href=\"https:\/\/sindaopcpb.org.br\/taxa-de-juros\/\" class=\"advgb-post-tax-term\">g1<\/a>"],"unlinked":["<span class=\"advgb-post-tax-term\">g1<\/span>"]}},"comment_count":"0","relative_dates":{"created":"Publicado 3 anos atr\u00e1s","modified":"Atualizado 3 anos atr\u00e1s"},"absolute_dates":{"created":"Publicado em 14 de agosto de 2023","modified":"Atualizado em 14 de agosto de 2023"},"absolute_dates_time":{"created":"Publicado em 14 de agosto de 2023 15:57","modified":"Atualizado em 14 de agosto de 2023 15:57"},"featured_img_caption":"","series_order":"","_links":{"self":[{"href":"https:\/\/sindaopcpb.org.br\/index.php\/wp-json\/wp\/v2\/posts\/29676","targetHints":{"allow":["GET"]}}],"collection":[{"href":"https:\/\/sindaopcpb.org.br\/index.php\/wp-json\/wp\/v2\/posts"}],"about":[{"href":"https:\/\/sindaopcpb.org.br\/index.php\/wp-json\/wp\/v2\/types\/post"}],"author":[{"embeddable":true,"href":"https:\/\/sindaopcpb.org.br\/index.php\/wp-json\/wp\/v2\/users\/43"}],"replies":[{"embeddable":true,"href":"https:\/\/sindaopcpb.org.br\/index.php\/wp-json\/wp\/v2\/comments?post=29676"}],"version-history":[{"count":2,"href":"https:\/\/sindaopcpb.org.br\/index.php\/wp-json\/wp\/v2\/posts\/29676\/revisions"}],"predecessor-version":[{"id":29693,"href":"https:\/\/sindaopcpb.org.br\/index.php\/wp-json\/wp\/v2\/posts\/29676\/revisions\/29693"}],"wp:attachment":[{"href":"https:\/\/sindaopcpb.org.br\/index.php\/wp-json\/wp\/v2\/media?parent=29676"}],"wp:term":[{"taxonomy":"category","embeddable":true,"href":"https:\/\/sindaopcpb.org.br\/index.php\/wp-json\/wp\/v2\/categories?post=29676"},{"taxonomy":"post_tag","embeddable":true,"href":"https:\/\/sindaopcpb.org.br\/index.php\/wp-json\/wp\/v2\/tags?post=29676"}],"curies":[{"name":"wp","href":"https:\/\/api.w.org\/{rel}","templated":true}]}}