{"id":29665,"date":"2023-08-14T15:35:23","date_gmt":"2023-08-14T18:35:23","guid":{"rendered":"https:\/\/wpa.wscom.com.br\/?p=917683"},"modified":"2023-08-14T15:35:23","modified_gmt":"2023-08-14T18:35:23","slug":"pt-nacional-fara-pesquisa-em-joao-pessoa-para-escolher-candidato-a-prefeito-e-definicao-deve-sair-ainda-em-2023","status":"publish","type":"post","link":"https:\/\/sindaopcpb.org.br\/index.php\/2023\/08\/14\/pt-nacional-fara-pesquisa-em-joao-pessoa-para-escolher-candidato-a-prefeito-e-definicao-deve-sair-ainda-em-2023\/","title":{"rendered":"PT Nacional far\u00e1 pesquisa em Jo\u00e3o Pessoa para escolher candidato a prefeito e defini\u00e7\u00e3o deve sair ainda em 2023"},"content":{"rendered":"<p>Foi realizada na manh\u00e3 desta segunda-feira (14), comandado pelo senador Humberto Costa, uma reuni\u00e3o virtual com o Grupo de Trabalho Eleitoral (GTE) da dire\u00e7\u00e3o nacional do PT, com vistas \u00e0 elei\u00e7\u00e3o de 2024. A reuni\u00e3o contou com a presen\u00e7a de membros do diret\u00f3rio nacional, entre eles Henrique Fontana (Secret\u00e1rio Geral do PT nacional), Gleide Andrade (Secret\u00e1ria de Finan\u00e7as do PT Nacional), Rom\u00eanio Pereira (Secret\u00e1rio de Rela\u00e7\u00f5es Internacionais do PT Nacional); e membros do diret\u00f3rio estadual e municipal, como Jackson Macedo e Antonio Barbosa. Al\u00e9m de Cartaxo, tamb\u00e9m estiveram presentes os deputados estaduais Luciano Cartaxo e Cida Ramos, e o deputado federal Luiz Couto.<\/p>\n<p>Segundo o GTE do PT, o encontro foi extremamente positivo e apontou para a candidatura pr\u00f3pria na elei\u00e7\u00e3o municipal em Jo\u00e3o Pessoa. A dire\u00e7\u00e3o nacional do partido vai realizar uma pesquisa interna na Capital, quando vai avaliar as pr\u00e9-candidaturas postas. A previs\u00e3o \u00e9 que ainda neste semestre o partido j\u00e1 tenha a candidatura e o nome definido.<\/p>\n<p>O PT de Jo\u00e3o Pessoa j\u00e1 disp\u00f5e de v\u00e1rios nomes que se colocaram a disposi\u00e7\u00e3o para concorrer a Prefeitura Municipal em 2024, como os deputados estaduais Luciano Cartaxo e Cida Ramos, a ex-deputada estadual Estela Bezerra, a ex-prefeita de Conde M\u00e1rcia Lucena, e o vereador da capital Marcos Henriques.<\/p>\n<p>O deputado Luciano Cartaxo refor\u00e7ou o desejo do partido de criar uma unidade para o lan\u00e7amento de uma candidatura pr\u00f3pria no munic\u00edpio e destacou que acredita na viabilidade de uma vit\u00f3ria do PT em Jo\u00e3o Pessoa.<\/p>\n<p>\u201cO PT caminha para a constru\u00e7\u00e3o de uma unidade em torno da candidatura pr\u00f3pria e defini\u00e7\u00e3o de um nome ainda neste semestre, sem necessidade de pr\u00e9vias. J\u00e1 h\u00e1 a autoriza\u00e7\u00e3o da dire\u00e7\u00e3o nacional por uma pesquisa eleitoral em Jo\u00e3o Pessoa para analisar todo o cen\u00e1rio na Capital. Acredito muito na viabilidade de uma vit\u00f3ria do nosso partido&#8221;, disse o parlamentar, e complementou:<\/p>\n<p>&#8220;Coloquei meu nome a disposi\u00e7\u00e3o do partido e da cidade, na certeza que podemos fazer muito mais por Jo\u00e3o Pessoa com a parceria com o governo Lula. Confio muito no trabalho realizado como gestor nessa cidade e sei que juntos podemos trazer mais qualidade de vida para a popula\u00e7\u00e3o de Jo\u00e3o Pessoa, que vem sofrendo com a falta de resultados principalmente na sa\u00fade, educa\u00e7\u00e3o e transporte p\u00fablico\u201d, destacou Cartaxo.<\/p>\n<p>O post <a rel=\"nofollow noopener\" href=\"https:\/\/wscom.com.br\/pt-nacional-fara-pesquisa-em-joao-pessoa-para-escolher-candidato-a-prefeito-e-definicao-deve-sair-ainda-em-2023\/\" target=\"_blank\">PT Nacional far\u00e1 pesquisa em Jo\u00e3o Pessoa para escolher candidato a prefeito e defini\u00e7\u00e3o deve sair ainda em 2023<\/a> apareceu primeiro em <a rel=\"nofollow noopener\" href=\"https:\/\/wscom.com.br\/\" target=\"_blank\">WSCOM<\/a>.<\/p>\n","protected":false},"excerpt":{"rendered":"<p>Foi realizada na manh\u00e3 desta segunda-feira (14), comandado pelo senador Humberto Costa, uma reuni\u00e3o virtual com o Grupo de Trabalho Eleitoral (GTE) da dire\u00e7\u00e3o nacional do PT, com vistas \u00e0 elei\u00e7\u00e3o de 2024. A reuni\u00e3o contou com a presen\u00e7a de membros do diret\u00f3rio nacional, entre eles Henrique Fontana (Secret\u00e1rio Geral do PT nacional), Gleide Andrade [\u2026]<\/p>\n<p>O post <a rel=\"nofollow\" href=\"https:\/\/wscom.com.br\/pt-nacional-fara-pesquisa-em-joao-pessoa-para-escolher-candidato-a-prefeito-e-definicao-deve-sair-ainda-em-2023\/\">PT Nacional far\u00e1 pesquisa em Jo\u00e3o Pessoa para escolher candidato a prefeito e defini\u00e7\u00e3o deve sair ainda em 2023<\/a> apareceu primeiro em <a rel=\"nofollow\" href=\"https:\/\/wscom.com.br\/\">WSCOM<\/a>.<\/p>\n","protected":false},"author":49,"featured_media":0,"comment_status":"closed","ping_status":"closed","sticky":false,"template":"","format":"standard","meta":{"advgb_blocks_editor_width":"","advgb_blocks_columns_visual_guide":"","footnotes":""},"categories":[1175,333,34,908,47,7715,2017,813],"tags":[35],"class_list":["post-29665","post","type-post","status-publish","format-standard","hentry","category-cida-ramos","category-eleicoes-2024","category-g1","category-luciano-cartaxo","category-politica","category-pre-candidatos","category-prefeitura-de-joao-pessoa","category-pt","tag-g1"],"author_meta":{"display_name":"Cristiane Cavalcante","author_link":"https:\/\/sindaopcpb.org.br\/author\/cristiane-cavalcante\/"},"featured_img":null,"coauthors":[],"tax_additional":{"categories":{"linked":["<a href=\"https:\/\/sindaopcpb.org.br\/cida-ramos\/\" class=\"advgb-post-tax-term\">CIDA RAMOS<\/a>","<a href=\"https:\/\/sindaopcpb.org.br\/eleicoes-2024\/\" class=\"advgb-post-tax-term\">elei\u00e7\u00f5es 2024<\/a>","<a href=\"https:\/\/sindaopcpb.org.br\/g1\/\" class=\"advgb-post-tax-term\">G1<\/a>","<a href=\"https:\/\/sindaopcpb.org.br\/luciano-cartaxo\/\" class=\"advgb-post-tax-term\">Luciano Cartaxo<\/a>","<a href=\"https:\/\/sindaopcpb.org.br\/politica\/\" class=\"advgb-post-tax-term\">POLITICA<\/a>","<a href=\"https:\/\/sindaopcpb.org.br\/pre-candidatos\/\" class=\"advgb-post-tax-term\">pre-candidatos<\/a>","<a href=\"https:\/\/sindaopcpb.org.br\/prefeitura-de-joao-pessoa\/\" class=\"advgb-post-tax-term\">Prefeitura de Jo\u00e3o Pessoa<\/a>","<a href=\"https:\/\/sindaopcpb.org.br\/pt\/\" class=\"advgb-post-tax-term\">PT<\/a>"],"unlinked":["<span class=\"advgb-post-tax-term\">CIDA RAMOS<\/span>","<span class=\"advgb-post-tax-term\">elei\u00e7\u00f5es 2024<\/span>","<span class=\"advgb-post-tax-term\">G1<\/span>","<span class=\"advgb-post-tax-term\">Luciano Cartaxo<\/span>","<span class=\"advgb-post-tax-term\">POLITICA<\/span>","<span class=\"advgb-post-tax-term\">pre-candidatos<\/span>","<span class=\"advgb-post-tax-term\">Prefeitura de Jo\u00e3o Pessoa<\/span>","<span class=\"advgb-post-tax-term\">PT<\/span>"]},"tags":{"linked":["<a href=\"https:\/\/sindaopcpb.org.br\/pt\/\" class=\"advgb-post-tax-term\">g1<\/a>"],"unlinked":["<span class=\"advgb-post-tax-term\">g1<\/span>"]}},"comment_count":"0","relative_dates":{"created":"Publicado 3 anos atr\u00e1s","modified":"Atualizado 3 anos atr\u00e1s"},"absolute_dates":{"created":"Publicado em 14 de agosto de 2023","modified":"Atualizado em 14 de agosto de 2023"},"absolute_dates_time":{"created":"Publicado em 14 de agosto de 2023 15:35","modified":"Atualizado em 14 de agosto de 2023 15:35"},"featured_img_caption":"","series_order":"","_links":{"self":[{"href":"https:\/\/sindaopcpb.org.br\/index.php\/wp-json\/wp\/v2\/posts\/29665","targetHints":{"allow":["GET"]}}],"collection":[{"href":"https:\/\/sindaopcpb.org.br\/index.php\/wp-json\/wp\/v2\/posts"}],"about":[{"href":"https:\/\/sindaopcpb.org.br\/index.php\/wp-json\/wp\/v2\/types\/post"}],"author":[{"embeddable":true,"href":"https:\/\/sindaopcpb.org.br\/index.php\/wp-json\/wp\/v2\/users\/49"}],"replies":[{"embeddable":true,"href":"https:\/\/sindaopcpb.org.br\/index.php\/wp-json\/wp\/v2\/comments?post=29665"}],"version-history":[{"count":1,"href":"https:\/\/sindaopcpb.org.br\/index.php\/wp-json\/wp\/v2\/posts\/29665\/revisions"}],"predecessor-version":[{"id":29666,"href":"https:\/\/sindaopcpb.org.br\/index.php\/wp-json\/wp\/v2\/posts\/29665\/revisions\/29666"}],"wp:attachment":[{"href":"https:\/\/sindaopcpb.org.br\/index.php\/wp-json\/wp\/v2\/media?parent=29665"}],"wp:term":[{"taxonomy":"category","embeddable":true,"href":"https:\/\/sindaopcpb.org.br\/index.php\/wp-json\/wp\/v2\/categories?post=29665"},{"taxonomy":"post_tag","embeddable":true,"href":"https:\/\/sindaopcpb.org.br\/index.php\/wp-json\/wp\/v2\/tags?post=29665"}],"curies":[{"name":"wp","href":"https:\/\/api.w.org\/{rel}","templated":true}]}}