{"id":29646,"date":"2023-08-14T12:25:55","date_gmt":"2023-08-14T15:25:55","guid":{"rendered":"https:\/\/wpa.wscom.com.br\/?p=917630"},"modified":"2023-08-14T12:25:55","modified_gmt":"2023-08-14T15:25:55","slug":"oab-pb-inicia-obras-da-cidade-da-advocacia-nesta-segunda","status":"publish","type":"post","link":"https:\/\/sindaopcpb.org.br\/index.php\/2023\/08\/14\/oab-pb-inicia-obras-da-cidade-da-advocacia-nesta-segunda\/","title":{"rendered":"OAB-PB inicia obras da cidade da Advocacia nesta segunda"},"content":{"rendered":"<p>&nbsp;<\/p>\n<p>&nbsp;<\/p>\n<div dir=\"auto\">A Ordem dos Advogados do Brasil, Seccional da Para\u00edba (OAB-PB), iniciar\u00e1, nesta segunda-feira (14), as obras da Cidade da Advocacia, que integrar\u00e1, num s\u00f3 local, a nova sede da OAB-PB e depend\u00eancias da Caixa de Assist\u00eancia da Advocacia (CAA-PB).<\/div>\n<div dir=\"auto\"><\/div>\n<div dir=\"auto\">A solenidade acontecer\u00e1 no local da nova sede, localizada no bairro do Altiplano, em Jo\u00e3o Pessoa, a partir das 16h.<\/div>\n<div dir=\"auto\"><\/div>\n<div dir=\"auto\">O evento contar\u00e1 com a presen\u00e7a do presidente do Conselho Federal da OAB (CFOAB), Beto Simonetti; e do presidente do Fundo de Integra\u00e7\u00e3o e Desenvolvimento Assistencial dos Advogados (Fida), Felipe Sarmento.<\/div>\n<div dir=\"auto\"><\/div>\n<div dir=\"auto\">O terreno de 6.800 metros quadrados foi adquirido com recursos do Conselho Federal. A obra est\u00e1 or\u00e7ada em cerca de R$ 20 milh\u00f5es.<\/div>\n<div dir=\"auto\"><\/div>\n<div dir=\"auto\">Beto Simonetti afirmou que uma das prioridades da atual gest\u00e3o do CFOAB \u00e9 \u201colhar para a advocacia e melhorar as condi\u00e7\u00f5es de trabalho em todos os aspectos. \u201cMe sinto feliz em participar desta vit\u00f3ria hist\u00f3rica da advocacia paraibana: o in\u00edcio das obras da cidade da advocacia no pr\u00f3ximo dia 14\u201d, afirmou.<\/div>\n<div dir=\"auto\"><\/div>\n<div dir=\"auto\">O presidente da OAB-PB, Harrison Targino, destaca que o andamento do projeto, com a assinatura do contrato para o in\u00edcio da obra, \u00e9, de fato, um momento hist\u00f3rico para a advocacia paraibana. \u201cAgradecemos ao Conselho Federal e a lideran\u00e7a do presidente Beto para a realiza\u00e7\u00e3o da maior obra da hist\u00f3ria da OAB da Para\u00edba. O que antes era sonho, o que antes era promessa, agora vai se tornar realidade em favor de toda advocacia de nosso estado\u201d, festejou.<\/div>\n<div dir=\"auto\"><\/div>\n<div dir=\"auto\">Harrison Targino lembrou que a OAB-PB \u00e9 a \u00faltima Seccional sem um projeto de moderniza\u00e7\u00e3o da sede. \u201c\u00c9 importante enfatizar e ressaltar a sensibilidade e o apoio do Conselho Federal, em nome do presidente Beto Simonetti, que n\u00e3o tem faltado \u00e0 OAB da Para\u00edba\u201d, afirmou.<\/div>\n<div dir=\"auto\"><\/div>\n<div dir=\"auto\">O novo pr\u00e9dio era uma demanda antiga da OAB-PB. Hoje, a Seccional funciona no centro da capital, Jo\u00e3o Pessoa. A Para\u00edba tem cerca de 30 mil advogados e advogadas inscritos na Ordem. H\u00e1 40 anos a OAB da Para\u00edba ocupa o mesmo espa\u00e7o f\u00edsico, na sede atual. Beto Simonetti afirmou que o CFOAB reconhece a necessidade da moderniza\u00e7\u00e3o das instala\u00e7\u00f5es.<\/div>\n<p>O post <a rel=\"nofollow noopener\" href=\"https:\/\/wscom.com.br\/oab-pb-inicia-obras-da-cidade-da-advocacia-nesta-segunda\/\" target=\"_blank\">OAB-PB inicia obras da cidade da Advocacia nesta segunda<\/a> apareceu primeiro em <a rel=\"nofollow noopener\" href=\"https:\/\/wscom.com.br\/\" target=\"_blank\">WSCOM<\/a>.<\/p>\n","protected":false},"excerpt":{"rendered":"<p>\u00a0 \u00a0 A Ordem dos Advogados do Brasil, Seccional da Para\u00edba (OAB-PB), iniciar\u00e1, nesta segunda-feira (14), as obras da Cidade da Advocacia, que integrar\u00e1, num s\u00f3 local, a nova sede da OAB-PB e depend\u00eancias da Caixa de Assist\u00eancia da Advocacia (CAA-PB). A solenidade acontecer\u00e1 no local da nova sede, localizada no bairro do Altiplano, em [\u2026]<\/p>\n<p>O post <a rel=\"nofollow\" href=\"https:\/\/wscom.com.br\/oab-pb-inicia-obras-da-cidade-da-advocacia-nesta-segunda\/\">OAB-PB inicia obras da cidade da Advocacia nesta segunda<\/a> apareceu primeiro em <a rel=\"nofollow\" href=\"https:\/\/wscom.com.br\/\">WSCOM<\/a>.<\/p>\n","protected":false},"author":42,"featured_media":0,"comment_status":"closed","ping_status":"closed","sticky":false,"template":"","format":"standard","meta":{"advgb_blocks_editor_width":"","advgb_blocks_columns_visual_guide":"","footnotes":""},"categories":[7714,34,3132,71,3850,927,3393,54],"tags":[35],"class_list":["post-29646","post","type-post","status-publish","format-standard","hentry","category-cidade-da-advocacia","category-g1","category-harrison-targino","category-joao-pessoa","category-oab","category-oab-pb","category-obra","category-paraiba","tag-g1"],"author_meta":{"display_name":"Rafael Andrade","author_link":"https:\/\/sindaopcpb.org.br\/author\/rafael-andrade\/"},"featured_img":null,"coauthors":[],"tax_additional":{"categories":{"linked":["<a href=\"https:\/\/sindaopcpb.org.br\/cidade-da-advocacia\/\" class=\"advgb-post-tax-term\">cidade da Advocacia<\/a>","<a href=\"https:\/\/sindaopcpb.org.br\/g1\/\" class=\"advgb-post-tax-term\">G1<\/a>","<a href=\"https:\/\/sindaopcpb.org.br\/harrison-targino\/\" class=\"advgb-post-tax-term\">Harrison Targino<\/a>","<a href=\"https:\/\/sindaopcpb.org.br\/joao-pessoa\/\" class=\"advgb-post-tax-term\">Jo\u00e3o Pessoa<\/a>","<a href=\"https:\/\/sindaopcpb.org.br\/oab\/\" class=\"advgb-post-tax-term\">OAB<\/a>","<a href=\"https:\/\/sindaopcpb.org.br\/oab-pb\/\" class=\"advgb-post-tax-term\">oab-pb<\/a>","<a href=\"https:\/\/sindaopcpb.org.br\/obra\/\" class=\"advgb-post-tax-term\">Obra<\/a>","<a href=\"https:\/\/sindaopcpb.org.br\/paraiba\/\" class=\"advgb-post-tax-term\">Para\u00edba<\/a>"],"unlinked":["<span class=\"advgb-post-tax-term\">cidade da Advocacia<\/span>","<span class=\"advgb-post-tax-term\">G1<\/span>","<span class=\"advgb-post-tax-term\">Harrison Targino<\/span>","<span class=\"advgb-post-tax-term\">Jo\u00e3o Pessoa<\/span>","<span class=\"advgb-post-tax-term\">OAB<\/span>","<span class=\"advgb-post-tax-term\">oab-pb<\/span>","<span class=\"advgb-post-tax-term\">Obra<\/span>","<span class=\"advgb-post-tax-term\">Para\u00edba<\/span>"]},"tags":{"linked":["<a href=\"https:\/\/sindaopcpb.org.br\/paraiba\/\" class=\"advgb-post-tax-term\">g1<\/a>"],"unlinked":["<span class=\"advgb-post-tax-term\">g1<\/span>"]}},"comment_count":"0","relative_dates":{"created":"Publicado 3 anos atr\u00e1s","modified":"Atualizado 3 anos atr\u00e1s"},"absolute_dates":{"created":"Publicado em 14 de agosto de 2023","modified":"Atualizado em 14 de agosto de 2023"},"absolute_dates_time":{"created":"Publicado em 14 de agosto de 2023 12:25","modified":"Atualizado em 14 de agosto de 2023 12:25"},"featured_img_caption":"","series_order":"","_links":{"self":[{"href":"https:\/\/sindaopcpb.org.br\/index.php\/wp-json\/wp\/v2\/posts\/29646","targetHints":{"allow":["GET"]}}],"collection":[{"href":"https:\/\/sindaopcpb.org.br\/index.php\/wp-json\/wp\/v2\/posts"}],"about":[{"href":"https:\/\/sindaopcpb.org.br\/index.php\/wp-json\/wp\/v2\/types\/post"}],"author":[{"embeddable":true,"href":"https:\/\/sindaopcpb.org.br\/index.php\/wp-json\/wp\/v2\/users\/42"}],"replies":[{"embeddable":true,"href":"https:\/\/sindaopcpb.org.br\/index.php\/wp-json\/wp\/v2\/comments?post=29646"}],"version-history":[{"count":1,"href":"https:\/\/sindaopcpb.org.br\/index.php\/wp-json\/wp\/v2\/posts\/29646\/revisions"}],"predecessor-version":[{"id":29647,"href":"https:\/\/sindaopcpb.org.br\/index.php\/wp-json\/wp\/v2\/posts\/29646\/revisions\/29647"}],"wp:attachment":[{"href":"https:\/\/sindaopcpb.org.br\/index.php\/wp-json\/wp\/v2\/media?parent=29646"}],"wp:term":[{"taxonomy":"category","embeddable":true,"href":"https:\/\/sindaopcpb.org.br\/index.php\/wp-json\/wp\/v2\/categories?post=29646"},{"taxonomy":"post_tag","embeddable":true,"href":"https:\/\/sindaopcpb.org.br\/index.php\/wp-json\/wp\/v2\/tags?post=29646"}],"curies":[{"name":"wp","href":"https:\/\/api.w.org\/{rel}","templated":true}]}}