{"id":29629,"date":"2023-08-14T12:23:00","date_gmt":"2023-08-14T15:23:00","guid":{"rendered":"https:\/\/www.infomoney.com.br\/?p=2215009"},"modified":"2023-08-14T12:23:00","modified_gmt":"2023-08-14T15:23:00","slug":"lira-cajado-e-lideres-se-reunem-hoje-com-tecnicos-da-fazenda-para-discutir-arcabouco","status":"publish","type":"post","link":"https:\/\/sindaopcpb.org.br\/index.php\/2023\/08\/14\/lira-cajado-e-lideres-se-reunem-hoje-com-tecnicos-da-fazenda-para-discutir-arcabouco\/","title":{"rendered":"Lira, Cajado e l\u00edderes se re\u00fanem hoje com t\u00e9cnicos da Fazenda para discutir arcabou\u00e7o"},"content":{"rendered":"<p><img loading=\"lazy\" width=\"300\" height=\"200\" src=\"https:\/\/www.infomoney.com.br\/wp-content\/uploads\/2021\/02\/ArthurLira.jpg?fit=300%2C200&amp;quality=70&amp;strip=all\" class=\"attachment-medium size-medium wp-post-image\" alt=\"\" decoding=\"async\" style=\"float:right; margin:0 0 10px 10px;\" srcset=\"https:\/\/www.infomoney.com.br\/wp-content\/uploads\/2021\/02\/ArthurLira.jpg?w=1000&amp;quality=70&amp;strip=all 1000w, https:\/\/www.infomoney.com.br\/wp-content\/uploads\/2021\/02\/ArthurLira.jpg?w=300&amp;quality=70&amp;strip=all 300w, https:\/\/www.infomoney.com.br\/wp-content\/uploads\/2021\/02\/ArthurLira.jpg?w=768&amp;quality=70&amp;strip=all 768w, https:\/\/www.infomoney.com.br\/wp-content\/uploads\/2021\/02\/ArthurLira.jpg?w=150&amp;quality=70&amp;strip=all 150w\" sizes=\"auto, (max-width: 300px) 100vw, 300px\" data-attachment-id=\"1590341\" data-permalink=\"https:\/\/www.infomoney.com.br\/politica\/arthur-lira-e-eleito-presidente-da-camara-dos-deputados-com-302-votos\/attachment\/arthurlira\/\" data-orig-file=\"https:\/\/www.infomoney.com.br\/wp-content\/uploads\/2021\/02\/ArthurLira.jpg?fit=1000%2C667&amp;quality=70&amp;strip=all\" data-orig-size=\"1000,667\" data-comments-opened=\"1\" data-image-meta=\"{&quot;aperture&quot;:&quot;0&quot;,&quot;credit&quot;:&quot;&quot;,&quot;camera&quot;:&quot;&quot;,&quot;caption&quot;:&quot;&quot;,&quot;created_timestamp&quot;:&quot;0&quot;,&quot;copyright&quot;:&quot;&quot;,&quot;focal_length&quot;:&quot;0&quot;,&quot;iso&quot;:&quot;0&quot;,&quot;shutter_speed&quot;:&quot;0&quot;,&quot;title&quot;:&quot;&quot;,&quot;orientation&quot;:&quot;0&quot;}\" data-image-title=\"Arthur Lira (PP-AL)\" data-image-description=\"\" data-image-caption=\"&lt;p&gt;Arthur Lira (PP-AL) discursa no plen\u00e1rio da C\u00e2mara dos Deputados (Foto: Cleia Viana\/C\u00e2mara dos Deputados)&lt;\/p&gt;\n\" data-medium-file=\"https:\/\/www.infomoney.com.br\/wp-content\/uploads\/2021\/02\/ArthurLira.jpg?fit=300%2C200&amp;quality=70&amp;strip=all\" data-large-file=\"https:\/\/www.infomoney.com.br\/wp-content\/uploads\/2021\/02\/ArthurLira.jpg?fit=1000%2C667&amp;quality=70&amp;strip=all\" title=\"\"><\/p>\n<p>O presidente da C&acirc;mara, Arthur Lira (PP-AL), o relator do novo arcabou&ccedil;o fiscal na Casa, deputado Cl&aacute;udio Cajado (PP-BA), e l&iacute;deres partid&aacute;rios se re&uacute;nem nesta segunda-feira (14), &agrave;s 19 horas, com t&eacute;cnicos da Fazenda para discutir as mudan&ccedil;as feitas pelo Senado ao projeto de lei que substitui o atual teto de gastos. A expectativa &eacute; de que a mat&eacute;ria seja apreciada na C&acirc;mara esta semana, em meio &agrave;s trocas ministeriais que devem ser feitas pelo presidente Luiz In&aacute;cio Lula da Silva para acomodar partidos do Centr&atilde;o no primeiro escal&atilde;o do governo.<\/p>\n<p>Na semana passada, ap&oacute;s reuni&atilde;o com Lira e l&iacute;deres, Cajado anunciou que o arcabou&ccedil;o ficaria fora da pauta para que os deputados pudessem debater juntamente com a Fazenda as mudan&ccedil;as feitas pelo Senado em rela&ccedil;&atilde;o ao texto aprovado na C&acirc;mara. Lira tem repetido que o governo apoiou diferentes textos nas duas Casas e que seria preciso construir consenso entre os parlamentares para que a mat&eacute;ria fosse ao plen&aacute;rio.<\/p>\n<p>Nos bastidores, no entanto, l&iacute;deres atribuem o atraso na aprecia&ccedil;&atilde;o do projeto de lei &agrave; demora do governo em fazer ajustes ministeriais para atender os partidos do chamado Centr&atilde;o, como PP e Republicanos. Apesar de ainda n&atilde;o haver um cronograma definido, a expectativa &eacute; de que os acordos avancem esta semana e, consequentemente, destravem a pauta.<\/p>\n<div class=\"cta-middle\">\n<div class=\"im-cta bg-light bg-opacity-25 border rounded-4 p-3 p-sm-4 p-md-3 p-lg-4 px-xxl-5 my-5\" >\n<div class=\"d-flex flex-column align-items-center align-items-lg-start mb-4 flex-lg-row\">\n<div class=\"rounded-circle mb-2 mb-lg-0 mr-lg-4 me-lg-4 p-3 p-lg-4 bg-indigo-400\"><svg width=\"40\" height=\"40\" viewBox=\"0 0 40 40\" fill=\"none\" xmlns=\"http:\/\/www.w3.org\/2000\/svg\"><path d=\"m18.125 29.917-5.25-5.209 1.333-1.291 3.917 3.833 7.5-7.542 1.333 1.375-8.833 8.834ZM8.25 35.833a2.328 2.328 0 0 1-1.708-.708 2.328 2.328 0 0 1-.709-1.708V9.292c0-.64.236-1.202.709-1.688a2.295 2.295 0 0 1 1.708-.73h3.083V3.959h2.084v2.917h13.25V3.958h2.041v2.917h3.042c.667 0 1.236.243 1.708.73.473.485.709 1.048.709 1.687v24.125c0 .666-.236 1.236-.709 1.708a2.328 2.328 0 0 1-1.708.708H8.25Zm0-1.875h23.5a.518.518 0 0 0 .375-.166.518.518 0 0 0 .167-.375V16.875H7.708v16.542c0 .139.056.264.167.375a.518.518 0 0 0 .375.166ZM7.708 15h24.584V9.292a.454.454 0 0 0-.167-.355.555.555 0 0 0-.375-.145H8.25a.555.555 0 0 0-.375.145.454.454 0 0 0-.167.355V15Z\" fill=\"#fff\"\/><\/svg><\/div>\n<div class=\"flex-fill text-center text-lg-left\">\n<div class=\"h6 small text-orange-700 lh-base mb-1\">Cupom exclusivo InfoMoney<\/div>\n<div class=\"text-body h4 m-0\">Expert XP 2023<\/div>\n<div class=\"text-body small lh-base mt-2\">Garanta 5% de desconto no seu ingresso da Expert XP 2023. Cadastre-se e receba o seu cupom<\/div>\n<\/div>\n<\/div>\n<div class=\"im-shortcode-forms-v2\" data-component-type=\"multiformBootstrapV2\" data-configuracao='{\"id\":\"2212853\",\"optimize_id\":\"\",\"nome\":false,\"titulo\":\"Expert XP 2023\",\"icone\":\"event\",\"chapeu\":\"Cupom exclusivo InfoMoney\",\"email\":true,\"telefone\":false,\"cpf\":false,\"campanha\":\"EXPERT\",\"LancamentoID\":\"168\",\"thankYouUrl\":\"\",\"idJorney\":\"APIEvent-51a92df5-115a-a137-daa4-cb46448cef77\",\"idDE\":\"\",\"botaoLabel\":\"Quero receber\",\"contextSegment\":\"Newsletter\",\"urlOrigem\":\"https:\\\/\\\/www.infomoney.com.br\\\/politica\\\/lira-cajado-e-lideres-se-reunem-hoje-com-tecnicos-da-fazenda-para-discutir-arcabouco\\\/?utm_medium=materia&#038;utm_source=infomoney&#038;utm_campaign=EXPERT&#038;utm_term=politica&#038;utm_content=serie-aquisicao\",\"openBlank\":true,\"gaPosition\":\"meio\",\"gaCategory\":\"cta_form\",\"useCaptacaoLead\":true,\"dataUTM\":{\"utmMedium\":\"materia\",\"utmSource\":\"infomoney\",\"utmCampaign\":\"EXPERT\",\"utmTerm\":\"politica\",\"utmContent\":\"serie-aquisicao\"}}'><\/div>\n<\/p><\/div>\n<\/div>\n<p>Segundo um experiente deputado da Casa, se a reuni&atilde;o com t&eacute;cnicos foi marcada para esta segunda &eacute; porque j&aacute; h&aacute; sinaliza&ccedil;&otilde;es mais concretas sobre as negocia&ccedil;&otilde;es pol&iacute;ticas. Cajado tamb&eacute;m afirmou que deve se reunir esta semana com o ministro da Fazenda, Fernando Haddad, e com a ministra do Planejamento, Simone Tebet, para discutir a mat&eacute;ria.<\/p>\n<p>A principal preocupa&ccedil;&atilde;o do governo ao texto do arcabou&ccedil;o &eacute; em rela&ccedil;&atilde;o &agrave; emenda aprovada por senadores que prev&ecirc; despesas condicionadas na pe&ccedil;a or&ccedil;ament&aacute;ria de 2024 e evita um &ldquo;buraco&rdquo; de cerca de R$ 40 bi para despesas discricion&aacute;rias. O ponto do projeto de lei em que h&aacute; maior concord&acirc;ncia &eacute; em rela&ccedil;&atilde;o ao Fundo Constitucional do Distrito Federal, que deve ser mantido fora do limite de gastos, conforme aprovado no Senado.<\/p>\n<p>Como mostrou o <i>Broadcast Pol&iacute;tico<\/i> (sistema de not&iacute;cias em tempo real do Grupo Estado), em meio &agrave; indefini&ccedil;&atilde;o da C&acirc;mara dos Deputados sobre a vota&ccedil;&atilde;o do novo arcabou&ccedil;o fiscal, o governo federal tra&ccedil;ou um plano B para autorizar a previs&atilde;o de despesas extras no Or&ccedil;amento de 2024 no pr&oacute;prio Projeto de Lei de Diretrizes Or&ccedil;ament&aacute;rias (PLDO). As chamadas despesas condicionadas dependem de aprova&ccedil;&atilde;o de cr&eacute;dito adicional pelo Legislativo para serem executadas.<\/p>\n<p>O Executivo encaminhou ao Congresso Nacional, na &uacute;ltima segunda-feira, 7, uma mensagem modificativa ao PLDO, relatado pelo deputado Danilo Forte (Uni&atilde;o-CE), que lan&ccedil;a as bases para a elabora&ccedil;&atilde;o do Or&ccedil;amento federal.<\/p>\n<\/p>\n<div class=\"cta-end\">\n<div class=\"im-cta\" >\n<div class=\"im-shortcode-forms bg-light bg-opacity-25 border rounded-4 p-3 p-sm-4 p-md-3 p-lg-4 px-xxl-5 my-5\" data-configuration='{\"form_name\":false,\"form_hat\":\"Newsletter\",\"form_email\":true,\"form_icon\":\"newsletter\",\"form_phone\":false,\"form_campaign\":\"NIM\",\"form_thankyou\":\"\",\"form_journey\":\"APIEvent-26a5198d-8e09-06ef-5f80-cd9127757ad1\",\"form_button\":\"Quero receber\",\"form_context\":\"newsletter\",\"form_origin\":\"https:\\\/\\\/www.infomoney.com.br\\\/politica\\\/feed\\\/?utm_medium=materia&#038;utm_source=infomoney&#038;utm_campaign=NIM&#038;utm_term=politica&#038;utm_content=newsletter\",\"form_position\":\"final\",\"form_category\":\"cta_form\"}'>\n<div class=\"d-flex flex-column align-items-center align-items-lg-start mb-4 flex-lg-row\">\n<div class=\"rounded-circle mb-2 mb-lg-0 mr-lg-4 me-lg-4 p-3 p-lg-4 bg-blue-400\"><svg width=\"40\" height=\"40\" viewBox=\"0 0 40 40\" fill=\"none\" xmlns=\"http:\/\/www.w3.org\/2000\/svg\"><path d=\"M20 20.25 6.042 11.042v19.041c0 .167.048.299.146.396a.535.535 0 0 0 .395.146h15.792V32.5H6.583a2.328 2.328 0 0 1-1.708-.708 2.328 2.328 0 0 1-.708-1.709V9.917c0-.667.236-1.236.708-1.709A2.328 2.328 0 0 1 6.583 7.5h26.834c.666 0 1.236.236 1.708.708a2.33 2.33 0 0 1 .708 1.709v12.458h-1.875V11.042L20 20.25Zm0-2 13.667-8.875H6.333L20 18.25Zm11.75 18.958-1.292-1.333 3.334-3.375h-9v-1.875h9l-3.375-3.417 1.333-1.291 5.667 5.625-5.667 5.666ZM6.042 11.042v20.791-9.458.25-13.25 1.667Z\" fill=\"#fff\"\/><\/svg><\/div>\n<div class=\"flex-fill text-center text-lg-left\">\n<div class=\"h6 small text-orange-700 lh-base mb-1\">Newsletter<\/div>\n<div class=\"text-body h4 m-0\">Infomorning<\/div>\n<div class=\"text-body small lh-base mt-2\">Receba no seu e-mail logo pela manh&atilde; as not&iacute;cias que v&atilde;o mexer com os mercados, com os seus investimentos e o seu bolso durante o dia<\/div>\n<\/div>\n<\/div>\n<\/div>\n<\/div>\n<\/div>\n<p>The post <a rel=\"nofollow noopener\" href=\"https:\/\/www.infomoney.com.br\/politica\/lira-cajado-e-lideres-se-reunem-hoje-com-tecnicos-da-fazenda-para-discutir-arcabouco\/\" target=\"_blank\">Lira, Cajado e l\u00edderes se re\u00fanem hoje com t\u00e9cnicos da Fazenda para discutir arcabou\u00e7o<\/a> appeared first on <a rel=\"nofollow noopener\" href=\"https:\/\/www.infomoney.com.br\/\" target=\"_blank\">InfoMoney<\/a>.<\/p>\n","protected":false},"excerpt":{"rendered":"<p><img loading=\"lazy\" decoding=\"async\" width=\"300\" height=\"200\" src=\"https:\/\/www.infomoney.com.br\/wp-content\/uploads\/2021\/02\/ArthurLira.jpg?fit=300%2C200&amp;quality=70&amp;strip=all\" class=\"attachment-medium size-medium wp-post-image\" alt=\"\" data-attachment-id=\"1590341\" data-permalink=\"https:\/\/www.infomoney.com.br\/politica\/arthur-lira-e-eleito-presidente-da-camara-dos-deputados-com-302-votos\/attachment\/arthurlira\/\" data-orig-file=\"https:\/\/www.infomoney.com.br\/wp-content\/uploads\/2021\/02\/ArthurLira.jpg?fit=1000%2C667&amp;quality=70&amp;strip=all\" data-orig-size=\"1000,667\" data-comments-opened=\"1\" data-image-meta='{\"aperture\":\"0\",\"credit\":\"\",\"camera\":\"\",\"caption\":\"\",\"created_timestamp\":\"0\",\"copyright\":\"\",\"focal_length\":\"0\",\"iso\":\"0\",\"shutter_speed\":\"0\",\"title\":\"\",\"orientation\":\"0\"}' data-image-title=\"Arthur Lira (PP-AL)\" data-image-description=\"\" data-image-caption=\"&lt;p&gt;Arthur Lira (PP-AL) discursa no plen\u00e1rio da C\u00e2mara dos Deputados (Foto: Cleia Viana\/C\u00e2mara dos Deputados)&lt;\/p&gt;\n\" data-medium-file=\"https:\/\/www.infomoney.com.br\/wp-content\/uploads\/2021\/02\/ArthurLira.jpg?fit=300%2C200&amp;quality=70&amp;strip=all\" data-large-file=\"https:\/\/www.infomoney.com.br\/wp-content\/uploads\/2021\/02\/ArthurLira.jpg?fit=1000%2C667&amp;quality=70&amp;strip=all\">Expectativa \u00e9 de que a mat\u00e9ria seja apreciada na C\u00e2mara esta semana, em meio \u00e0s trocas ministeriais<\/p>\n<p>The post <a rel=\"nofollow\" href=\"https:\/\/www.infomoney.com.br\/politica\/lira-cajado-e-lideres-se-reunem-hoje-com-tecnicos-da-fazenda-para-discutir-arcabouco\/\">Lira, Cajado e l\u00edderes se re\u00fanem hoje com t\u00e9cnicos da Fazenda para discutir arcabou\u00e7o<\/a> appeared first on <a rel=\"nofollow\" href=\"https:\/\/www.infomoney.com.br\/\">InfoMoney<\/a>.<\/p>\n","protected":false},"author":43,"featured_media":0,"comment_status":"closed","ping_status":"closed","sticky":false,"template":"","format":"standard","meta":{"advgb_blocks_editor_width":"","advgb_blocks_columns_visual_guide":"","footnotes":""},"categories":[108,275,276,2952,359,34,47],"tags":[35],"class_list":["post-29629","post","type-post","status-publish","format-standard","hentry","category-arcabouco-fiscal","category-arthur-lira","category-camara-dos-deputados","category-claudio-cajado","category-congresso-nacional","category-g1","category-politica","tag-g1"],"author_meta":{"display_name":"Estad\u00e3o Conte\u00fado","author_link":"https:\/\/sindaopcpb.org.br\/author\/estadao-conteudo\/"},"featured_img":null,"coauthors":[],"tax_additional":{"categories":{"linked":["<a href=\"https:\/\/sindaopcpb.org.br\/arcabouco-fiscal\/\" class=\"advgb-post-tax-term\">Arcabou\u00e7o Fiscal<\/a>","<a href=\"https:\/\/sindaopcpb.org.br\/arthur-lira\/\" class=\"advgb-post-tax-term\">Arthur Lira<\/a>","<a href=\"https:\/\/sindaopcpb.org.br\/camara-dos-deputados\/\" class=\"advgb-post-tax-term\">C\u00e2mara dos Deputados<\/a>","<a href=\"https:\/\/sindaopcpb.org.br\/claudio-cajado\/\" class=\"advgb-post-tax-term\">Cl\u00e1udio Cajado<\/a>","<a href=\"https:\/\/sindaopcpb.org.br\/congresso-nacional\/\" class=\"advgb-post-tax-term\">Congresso Nacional<\/a>","<a href=\"https:\/\/sindaopcpb.org.br\/g1\/\" class=\"advgb-post-tax-term\">G1<\/a>","<a href=\"https:\/\/sindaopcpb.org.br\/politica\/\" class=\"advgb-post-tax-term\">POLITICA<\/a>"],"unlinked":["<span class=\"advgb-post-tax-term\">Arcabou\u00e7o Fiscal<\/span>","<span class=\"advgb-post-tax-term\">Arthur Lira<\/span>","<span class=\"advgb-post-tax-term\">C\u00e2mara dos Deputados<\/span>","<span class=\"advgb-post-tax-term\">Cl\u00e1udio Cajado<\/span>","<span class=\"advgb-post-tax-term\">Congresso Nacional<\/span>","<span class=\"advgb-post-tax-term\">G1<\/span>","<span class=\"advgb-post-tax-term\">POLITICA<\/span>"]},"tags":{"linked":["<a href=\"https:\/\/sindaopcpb.org.br\/politica\/\" class=\"advgb-post-tax-term\">g1<\/a>"],"unlinked":["<span class=\"advgb-post-tax-term\">g1<\/span>"]}},"comment_count":"0","relative_dates":{"created":"Publicado 3 anos atr\u00e1s","modified":"Atualizado 3 anos atr\u00e1s"},"absolute_dates":{"created":"Publicado em 14 de agosto de 2023","modified":"Atualizado em 14 de agosto de 2023"},"absolute_dates_time":{"created":"Publicado em 14 de agosto de 2023 12:23","modified":"Atualizado em 14 de agosto de 2023 12:23"},"featured_img_caption":"","series_order":"","_links":{"self":[{"href":"https:\/\/sindaopcpb.org.br\/index.php\/wp-json\/wp\/v2\/posts\/29629","targetHints":{"allow":["GET"]}}],"collection":[{"href":"https:\/\/sindaopcpb.org.br\/index.php\/wp-json\/wp\/v2\/posts"}],"about":[{"href":"https:\/\/sindaopcpb.org.br\/index.php\/wp-json\/wp\/v2\/types\/post"}],"author":[{"embeddable":true,"href":"https:\/\/sindaopcpb.org.br\/index.php\/wp-json\/wp\/v2\/users\/43"}],"replies":[{"embeddable":true,"href":"https:\/\/sindaopcpb.org.br\/index.php\/wp-json\/wp\/v2\/comments?post=29629"}],"version-history":[{"count":2,"href":"https:\/\/sindaopcpb.org.br\/index.php\/wp-json\/wp\/v2\/posts\/29629\/revisions"}],"predecessor-version":[{"id":29654,"href":"https:\/\/sindaopcpb.org.br\/index.php\/wp-json\/wp\/v2\/posts\/29629\/revisions\/29654"}],"wp:attachment":[{"href":"https:\/\/sindaopcpb.org.br\/index.php\/wp-json\/wp\/v2\/media?parent=29629"}],"wp:term":[{"taxonomy":"category","embeddable":true,"href":"https:\/\/sindaopcpb.org.br\/index.php\/wp-json\/wp\/v2\/categories?post=29629"},{"taxonomy":"post_tag","embeddable":true,"href":"https:\/\/sindaopcpb.org.br\/index.php\/wp-json\/wp\/v2\/tags?post=29629"}],"curies":[{"name":"wp","href":"https:\/\/api.w.org\/{rel}","templated":true}]}}