{"id":29531,"date":"2023-08-13T15:04:42","date_gmt":"2023-08-13T18:04:42","guid":{"rendered":"https:\/\/www.infomoney.com.br\/?p=2214445"},"modified":"2023-08-13T15:04:42","modified_gmt":"2023-08-13T18:04:42","slug":"stf-comeca-a-julgar-nesta-segunda-70-denuncias-sobre-atos-golpistas","status":"publish","type":"post","link":"https:\/\/sindaopcpb.org.br\/index.php\/2023\/08\/13\/stf-comeca-a-julgar-nesta-segunda-70-denuncias-sobre-atos-golpistas\/","title":{"rendered":"STF come\u00e7a a julgar nesta segunda 70 den\u00fancias sobre atos golpistas"},"content":{"rendered":"<p><img loading=\"lazy\" width=\"300\" height=\"179\" src=\"https:\/\/www.infomoney.com.br\/wp-content\/uploads\/2023\/07\/11042023-pzzb9239.jpg?fit=300%2C179&amp;quality=70&amp;strip=all\" class=\"attachment-medium size-medium wp-post-image\" alt=\"\" decoding=\"async\" style=\"float:right; margin:0 0 10px 10px;\" srcset=\"https:\/\/www.infomoney.com.br\/wp-content\/uploads\/2023\/07\/11042023-pzzb9239.jpg?w=1170&amp;quality=70&amp;strip=all 1170w, https:\/\/www.infomoney.com.br\/wp-content\/uploads\/2023\/07\/11042023-pzzb9239.jpg?w=300&amp;quality=70&amp;strip=all 300w, https:\/\/www.infomoney.com.br\/wp-content\/uploads\/2023\/07\/11042023-pzzb9239.jpg?w=768&amp;quality=70&amp;strip=all 768w, https:\/\/www.infomoney.com.br\/wp-content\/uploads\/2023\/07\/11042023-pzzb9239.jpg?w=150&amp;quality=70&amp;strip=all 150w\" sizes=\"auto, (max-width: 300px) 100vw, 300px\" data-attachment-id=\"2181825\" data-permalink=\"https:\/\/www.infomoney.com.br\/minhas-financas\/consignado-bolsa-familia-bpc-julgamento-stf-maioria\/attachment\/11042023-pzzb9239\/\" data-orig-file=\"https:\/\/www.infomoney.com.br\/wp-content\/uploads\/2023\/07\/11042023-pzzb9239.jpg?fit=1170%2C700&amp;quality=70&amp;strip=all\" data-orig-size=\"1170,700\" data-comments-opened=\"0\" data-image-meta=\"{&quot;aperture&quot;:&quot;22&quot;,&quot;credit&quot;:&quot;Fabio Rodrigues-Pozzebom\\\/ Ag\\u00eancia Brasil&quot;,&quot;camera&quot;:&quot;Canon EOS 5D Mark III&quot;,&quot;caption&quot;:&quot;Bras\\u00edlia (DF) 11\\\/04\\\/2023 Fachada do pal\\u00e1cio do Supremo Tribunal Federal (STF) Foto: Fabio Rodrigues-Pozzebom\\\/ Ag\\u00eancia Brasil&quot;,&quot;created_timestamp&quot;:&quot;1681208810&quot;,&quot;copyright&quot;:&quot;Ag\\u00eancia Brasil\\\/EBC&quot;,&quot;focal_length&quot;:&quot;17&quot;,&quot;iso&quot;:&quot;320&quot;,&quot;shutter_speed&quot;:&quot;0.01&quot;,&quot;title&quot;:&quot;&quot;,&quot;orientation&quot;:&quot;0&quot;}\" data-image-title=\"Pr\u00e9dio do STF\" data-image-description=\"\" data-image-caption=\"&lt;p&gt;Fachada do pal\u00e1cio do Supremo Tribunal Federal (STF) em Bras\u00edlia (DF), em 11\/04\/2023 (Foto: Fabio Rodrigues-Pozzebom\/ Ag\u00eancia Brasil)&lt;\/p&gt;\n\" data-medium-file=\"https:\/\/www.infomoney.com.br\/wp-content\/uploads\/2023\/07\/11042023-pzzb9239.jpg?fit=300%2C179&amp;quality=70&amp;strip=all\" data-large-file=\"https:\/\/www.infomoney.com.br\/wp-content\/uploads\/2023\/07\/11042023-pzzb9239.jpg?fit=1170%2C700&amp;quality=70&amp;strip=all\" title=\"\"><\/p>\n<p>O Supremo Tribunal Federal (STF) come&ccedil;a a julgar a 0h desta segunda-feira (14) &ndash; por meio do plen&aacute;rio virtual &ndash; 70 den&uacute;ncias apresentadas pela Procuradoria-Geral da Rep&uacute;blica (PGR) relacionadas aos ataques ao STF, ao Congresso Nacional e ao Pal&aacute;cio do Planalto em 8 de janeiro. O julgamento ir&aacute; at&eacute; as 23h59 de sexta-feira (18).<\/p>\n<p>A sess&atilde;o virtual extraordin&aacute;ria do plen&aacute;rio foi convocada pela presidente da Corte, ministra Rosa Weber, na &uacute;ltima quarta-feira (9).<\/p>\n<p>Com o julgamento virtual, o Supremo decidir&aacute; se abre a&ccedil;&otilde;es penais contra os acusados dos atos golpistas. Caso as den&uacute;ncias sejam aceitas, eles virar&atilde;o r&eacute;us e o processo poder&aacute; ser iniciado.<\/p>\n<p>Nesses casos, haver&aacute; coleta de provas e depoimentos de testemunhas da defesa e da acusa&ccedil;&atilde;o. Posteriormente, sem prazo para ocorrer, o STF julgar&aacute; os acusados.<\/p>\n<p>De acordo com o STF, essas den&uacute;ncias foram apresentadas nos inqu&eacute;ritos 4.921 e 4.922 e em sete peti&ccedil;&otilde;es (PET 10822, PET 10852, PET 11021, PET 10957, PET 10764, PET 10772, PET 10853), todos da relatoria do ministro do STF, Alexandre de Moraes.<\/p>\n<div class=\"cta-middle\">\n<div class=\"im-cta bg-light bg-opacity-25 border rounded-4 p-3 p-sm-4 p-md-3 p-lg-4 px-xxl-5 my-5\" >\n<div class=\"d-flex flex-column align-items-center align-items-lg-start mb-4 flex-lg-row\">\n<div class=\"rounded-circle mb-2 mb-lg-0 mr-lg-4 me-lg-4 p-3 p-lg-4 bg-indigo-400\"><svg width=\"40\" height=\"40\" viewBox=\"0 0 40 40\" fill=\"none\" xmlns=\"http:\/\/www.w3.org\/2000\/svg\"><path d=\"m18.125 29.917-5.25-5.209 1.333-1.291 3.917 3.833 7.5-7.542 1.333 1.375-8.833 8.834ZM8.25 35.833a2.328 2.328 0 0 1-1.708-.708 2.328 2.328 0 0 1-.709-1.708V9.292c0-.64.236-1.202.709-1.688a2.295 2.295 0 0 1 1.708-.73h3.083V3.959h2.084v2.917h13.25V3.958h2.041v2.917h3.042c.667 0 1.236.243 1.708.73.473.485.709 1.048.709 1.687v24.125c0 .666-.236 1.236-.709 1.708a2.328 2.328 0 0 1-1.708.708H8.25Zm0-1.875h23.5a.518.518 0 0 0 .375-.166.518.518 0 0 0 .167-.375V16.875H7.708v16.542c0 .139.056.264.167.375a.518.518 0 0 0 .375.166ZM7.708 15h24.584V9.292a.454.454 0 0 0-.167-.355.555.555 0 0 0-.375-.145H8.25a.555.555 0 0 0-.375.145.454.454 0 0 0-.167.355V15Z\" fill=\"#fff\"\/><\/svg><\/div>\n<div class=\"flex-fill text-center text-lg-left\">\n<div class=\"h6 small text-orange-700 lh-base mb-1\">Cupom exclusivo InfoMoney<\/div>\n<div class=\"text-body h4 m-0\">Expert XP 2023<\/div>\n<div class=\"text-body small lh-base mt-2\">Garanta 5% de desconto no seu ingresso da Expert XP 2023. Cadastre-se e receba o seu cupom<\/div>\n<\/div>\n<\/div>\n<div class=\"im-shortcode-forms-v2\" data-component-type=\"multiformBootstrapV2\" data-configuracao='{\"id\":\"2212853\",\"optimize_id\":\"\",\"nome\":false,\"titulo\":\"Expert XP 2023\",\"icone\":\"event\",\"chapeu\":\"Cupom exclusivo InfoMoney\",\"email\":true,\"telefone\":false,\"cpf\":false,\"campanha\":\"EXPERT\",\"LancamentoID\":\"168\",\"thankYouUrl\":\"\",\"idJorney\":\"APIEvent-51a92df5-115a-a137-daa4-cb46448cef77\",\"idDE\":\"\",\"botaoLabel\":\"Quero receber\",\"contextSegment\":\"Newsletter\",\"urlOrigem\":\"https:\\\/\\\/www.infomoney.com.br\\\/politica\\\/stf-comeca-a-julgar-nesta-segunda-70-denuncias-sobre-atos-golpistas\\\/?utm_medium=materia&#038;utm_source=infomoney&#038;utm_campaign=EXPERT&#038;utm_term=politica&#038;utm_content=serie-aquisicao\",\"openBlank\":true,\"gaPosition\":\"meio\",\"gaCategory\":\"cta_form\",\"useCaptacaoLead\":true,\"dataUTM\":{\"utmMedium\":\"materia\",\"utmSource\":\"infomoney\",\"utmCampaign\":\"EXPERT\",\"utmTerm\":\"politica\",\"utmContent\":\"serie-aquisicao\"}}'><\/div>\n<\/p><\/div>\n<\/div>\n<p>O Inqu&eacute;rito 4.921 investiga os autores intelectuais e as pessoas que instigaram os atos, e a acusa&ccedil;&atilde;o &eacute; de incita&ccedil;&atilde;o ao crime e associa&ccedil;&atilde;o criminosa (artigos 286, par&aacute;grafo &uacute;nico, e 288 do C&oacute;digo Penal). O Inqu&eacute;rito 4.922 investiga os executores materiais dos crimes.<\/p>\n<p>As den&uacute;ncias que ser&atilde;o julgadas a partir de amanh&atilde; envolvem os seguintes crimes, previstos no C&oacute;digo Penal:<\/p>\n<ul>\n<li>associa&ccedil;&atilde;o criminosa (Artigo 288);<\/li>\n<li>aboli&ccedil;&atilde;o violenta do Estado Democr&aacute;tico de Direito (Artigo 359-L);<\/li>\n<li>golpe de Estado (Artigo 359-M);<\/li>\n<li>amea&ccedil;a (Artigo 147);<\/li>\n<li>persegui&ccedil;&atilde;o (Artigo 147-A, inciso I, par&aacute;grafo 3&ordm;);<\/li>\n<li>incita&ccedil;&atilde;o ao crime (Artigo 286);<\/li>\n<li>dano qualificado (Artigo 163);<\/li>\n<li>e crime de deteriora&ccedil;&atilde;o de patrim&ocirc;nio tombado (Artigo 62 da Lei 9.605\/1998).<\/li>\n<\/ul>\n<p>Os advogados e procuradores poder&atilde;o apresentar sustenta&ccedil;&otilde;es orais at&eacute; as 23h59 deste domingo (13).<\/p>\n<h2>Outros r&eacute;us<\/h2>\n<p>Atualmente, seguem presas, em decorr&ecirc;ncia dos atos golpistas de janeiro, 128 pessoas (115 homens e 13 mulheres), das quais 49 foram detidas nos dias 8 e 9 de janeiro, ap&oacute;s os atos, e 79 em opera&ccedil;&otilde;es policiais realizadas nos &uacute;ltimos meses.<\/p>\n<p>Na &uacute;ltima ter&ccedil;a-feira (8), o STF concedeu liberdade provis&oacute;ria, com a substitui&ccedil;&atilde;o da pris&atilde;o preventiva por medidas cautelares, a 72 r&eacute;us pelos atos golpistas &ndash; 25 mulheres e 47 homens.<\/p>\n<p>O ministro Alexandre de Moraes entendeu que, em raz&atilde;o do fim da instru&ccedil;&atilde;o processual, a liberdade provis&oacute;ria desses r&eacute;us n&atilde;o representa mais risco de preju&iacute;zo &agrave;s investiga&ccedil;&otilde;es.<\/p>\n<p>Entre as medidas cautelares est&atilde;o a proibi&ccedil;&atilde;o de ausentar-se do pa&iacute;s, entrega de passaportes, proibi&ccedil;&atilde;o de se comunicar com os demais envolvidos, recolhimento domiciliar &agrave; noite e nos fins de semana, mediante uso de tornozeleira eletr&ocirc;nica, entre outras obriga&ccedil;&otilde;es.<\/p>\n<\/p>\n<div class=\"cta-end\">\n<div class=\"im-cta\" >\n<div class=\"im-shortcode-forms bg-light bg-opacity-25 border rounded-4 p-3 p-sm-4 p-md-3 p-lg-4 px-xxl-5 my-5\" data-configuration='{\"form_name\":false,\"form_hat\":\"Newsletter\",\"form_email\":true,\"form_icon\":\"newsletter\",\"form_phone\":false,\"form_campaign\":\"NIM\",\"form_thankyou\":\"\",\"form_journey\":\"APIEvent-26a5198d-8e09-06ef-5f80-cd9127757ad1\",\"form_button\":\"Quero receber\",\"form_context\":\"newsletter\",\"form_origin\":\"https:\\\/\\\/www.infomoney.com.br\\\/politica\\\/feed\\\/?utm_medium=materia&#038;utm_source=infomoney&#038;utm_campaign=NIM&#038;utm_term=politica&#038;utm_content=newsletter\",\"form_position\":\"final\",\"form_category\":\"cta_form\"}'>\n<div class=\"d-flex flex-column align-items-center align-items-lg-start mb-4 flex-lg-row\">\n<div class=\"rounded-circle mb-2 mb-lg-0 mr-lg-4 me-lg-4 p-3 p-lg-4 bg-blue-400\"><svg width=\"40\" height=\"40\" viewBox=\"0 0 40 40\" fill=\"none\" xmlns=\"http:\/\/www.w3.org\/2000\/svg\"><path d=\"M20 20.25 6.042 11.042v19.041c0 .167.048.299.146.396a.535.535 0 0 0 .395.146h15.792V32.5H6.583a2.328 2.328 0 0 1-1.708-.708 2.328 2.328 0 0 1-.708-1.709V9.917c0-.667.236-1.236.708-1.709A2.328 2.328 0 0 1 6.583 7.5h26.834c.666 0 1.236.236 1.708.708a2.33 2.33 0 0 1 .708 1.709v12.458h-1.875V11.042L20 20.25Zm0-2 13.667-8.875H6.333L20 18.25Zm11.75 18.958-1.292-1.333 3.334-3.375h-9v-1.875h9l-3.375-3.417 1.333-1.291 5.667 5.625-5.667 5.666ZM6.042 11.042v20.791-9.458.25-13.25 1.667Z\" fill=\"#fff\"\/><\/svg><\/div>\n<div class=\"flex-fill text-center text-lg-left\">\n<div class=\"h6 small text-orange-700 lh-base mb-1\">Newsletter<\/div>\n<div class=\"text-body h4 m-0\">Infomorning<\/div>\n<div class=\"text-body small lh-base mt-2\">Receba no seu e-mail logo pela manh&atilde; as not&iacute;cias que v&atilde;o mexer com os mercados, com os seus investimentos e o seu bolso durante o dia<\/div>\n<\/div>\n<\/div>\n<\/div>\n<\/div>\n<\/div>\n<p>The post <a rel=\"nofollow noopener\" href=\"https:\/\/www.infomoney.com.br\/politica\/stf-comeca-a-julgar-nesta-segunda-70-denuncias-sobre-atos-golpistas\/\" target=\"_blank\">STF come\u00e7a a julgar nesta segunda 70 den\u00fancias sobre atos golpistas<\/a> appeared first on <a rel=\"nofollow noopener\" href=\"https:\/\/www.infomoney.com.br\/\" target=\"_blank\">InfoMoney<\/a>.<\/p>\n","protected":false},"excerpt":{"rendered":"<p><img loading=\"lazy\" decoding=\"async\" width=\"300\" height=\"179\" src=\"https:\/\/www.infomoney.com.br\/wp-content\/uploads\/2023\/07\/11042023-pzzb9239.jpg?fit=300%2C179&amp;quality=70&amp;strip=all\" class=\"attachment-medium size-medium wp-post-image\" alt=\"\" data-attachment-id=\"2181825\" data-permalink=\"https:\/\/www.infomoney.com.br\/minhas-financas\/consignado-bolsa-familia-bpc-julgamento-stf-maioria\/attachment\/11042023-pzzb9239\/\" data-orig-file=\"https:\/\/www.infomoney.com.br\/wp-content\/uploads\/2023\/07\/11042023-pzzb9239.jpg?fit=1170%2C700&amp;quality=70&amp;strip=all\" data-orig-size=\"1170,700\" data-comments-opened=\"0\" data-image-meta='{\"aperture\":\"22\",\"credit\":\"Fabio Rodrigues-Pozzebom\\\/ Ag\\u00eancia Brasil\",\"camera\":\"Canon EOS 5D Mark III\",\"caption\":\"Bras\\u00edlia (DF) 11\\\/04\\\/2023 Fachada do pal\\u00e1cio do Supremo Tribunal Federal (STF) Foto: Fabio Rodrigues-Pozzebom\\\/ Ag\\u00eancia Brasil\",\"created_timestamp\":\"1681208810\",\"copyright\":\"Ag\\u00eancia Brasil\\\/EBC\",\"focal_length\":\"17\",\"iso\":\"320\",\"shutter_speed\":\"0.01\",\"title\":\"\",\"orientation\":\"0\"}' data-image-title=\"Pr\u00e9dio do STF\" data-image-description=\"\" data-image-caption=\"&lt;p&gt;Fachada do pal\u00e1cio do Supremo Tribunal Federal (STF) em Bras\u00edlia (DF), em 11\/04\/2023 (Foto: Fabio Rodrigues-Pozzebom\/ Ag\u00eancia Brasil)&lt;\/p&gt;\n\" data-medium-file=\"https:\/\/www.infomoney.com.br\/wp-content\/uploads\/2023\/07\/11042023-pzzb9239.jpg?fit=300%2C179&amp;quality=70&amp;strip=all\" data-large-file=\"https:\/\/www.infomoney.com.br\/wp-content\/uploads\/2023\/07\/11042023-pzzb9239.jpg?fit=1170%2C700&amp;quality=70&amp;strip=all\">Com o julgamento virtual, que ir\u00e1 at\u00e9 sexta-feira (18), o Supremo decide se abre a\u00e7\u00f5es penais contra os acusados<\/p>\n<p>The post <a rel=\"nofollow\" href=\"https:\/\/www.infomoney.com.br\/politica\/stf-comeca-a-julgar-nesta-segunda-70-denuncias-sobre-atos-golpistas\/\">STF come\u00e7a a julgar nesta segunda 70 den\u00fancias sobre atos golpistas<\/a> appeared first on <a rel=\"nofollow\" href=\"https:\/\/www.infomoney.com.br\/\">InfoMoney<\/a>.<\/p>\n","protected":false},"author":44,"featured_media":0,"comment_status":"closed","ping_status":"closed","sticky":false,"template":"","format":"standard","meta":{"advgb_blocks_editor_width":"","advgb_blocks_columns_visual_guide":"","footnotes":""},"categories":[34,278,47,449],"tags":[35],"class_list":["post-29531","post","type-post","status-publish","format-standard","hentry","category-g1","category-justica","category-politica","category-stf","tag-g1"],"author_meta":{"display_name":"Ag\u00eancia Brasil","author_link":"https:\/\/sindaopcpb.org.br\/author\/agencia-brasil\/"},"featured_img":null,"coauthors":[],"tax_additional":{"categories":{"linked":["<a href=\"https:\/\/sindaopcpb.org.br\/g1\/\" class=\"advgb-post-tax-term\">G1<\/a>","<a href=\"https:\/\/sindaopcpb.org.br\/justica\/\" class=\"advgb-post-tax-term\">Justi\u00e7a<\/a>","<a href=\"https:\/\/sindaopcpb.org.br\/politica\/\" class=\"advgb-post-tax-term\">POLITICA<\/a>","<a href=\"https:\/\/sindaopcpb.org.br\/stf\/\" class=\"advgb-post-tax-term\">STF<\/a>"],"unlinked":["<span class=\"advgb-post-tax-term\">G1<\/span>","<span class=\"advgb-post-tax-term\">Justi\u00e7a<\/span>","<span class=\"advgb-post-tax-term\">POLITICA<\/span>","<span class=\"advgb-post-tax-term\">STF<\/span>"]},"tags":{"linked":["<a href=\"https:\/\/sindaopcpb.org.br\/stf\/\" class=\"advgb-post-tax-term\">g1<\/a>"],"unlinked":["<span class=\"advgb-post-tax-term\">g1<\/span>"]}},"comment_count":"0","relative_dates":{"created":"Publicado 3 anos atr\u00e1s","modified":"Atualizado 3 anos atr\u00e1s"},"absolute_dates":{"created":"Publicado em 13 de agosto de 2023","modified":"Atualizado em 13 de agosto de 2023"},"absolute_dates_time":{"created":"Publicado em 13 de agosto de 2023 15:04","modified":"Atualizado em 13 de agosto de 2023 15:04"},"featured_img_caption":"","series_order":"","_links":{"self":[{"href":"https:\/\/sindaopcpb.org.br\/index.php\/wp-json\/wp\/v2\/posts\/29531","targetHints":{"allow":["GET"]}}],"collection":[{"href":"https:\/\/sindaopcpb.org.br\/index.php\/wp-json\/wp\/v2\/posts"}],"about":[{"href":"https:\/\/sindaopcpb.org.br\/index.php\/wp-json\/wp\/v2\/types\/post"}],"author":[{"embeddable":true,"href":"https:\/\/sindaopcpb.org.br\/index.php\/wp-json\/wp\/v2\/users\/44"}],"replies":[{"embeddable":true,"href":"https:\/\/sindaopcpb.org.br\/index.php\/wp-json\/wp\/v2\/comments?post=29531"}],"version-history":[{"count":2,"href":"https:\/\/sindaopcpb.org.br\/index.php\/wp-json\/wp\/v2\/posts\/29531\/revisions"}],"predecessor-version":[{"id":29564,"href":"https:\/\/sindaopcpb.org.br\/index.php\/wp-json\/wp\/v2\/posts\/29531\/revisions\/29564"}],"wp:attachment":[{"href":"https:\/\/sindaopcpb.org.br\/index.php\/wp-json\/wp\/v2\/media?parent=29531"}],"wp:term":[{"taxonomy":"category","embeddable":true,"href":"https:\/\/sindaopcpb.org.br\/index.php\/wp-json\/wp\/v2\/categories?post=29531"},{"taxonomy":"post_tag","embeddable":true,"href":"https:\/\/sindaopcpb.org.br\/index.php\/wp-json\/wp\/v2\/tags?post=29531"}],"curies":[{"name":"wp","href":"https:\/\/api.w.org\/{rel}","templated":true}]}}