{"id":29527,"date":"2023-08-13T14:23:51","date_gmt":"2023-08-13T17:23:51","guid":{"rendered":"https:\/\/wpa.wscom.com.br\/?p=917461"},"modified":"2023-08-13T14:23:51","modified_gmt":"2023-08-13T17:23:51","slug":"governo-da-paraiba-promove-aproximacao-entre-startups-paraibanas-e-investidores-na-expotec","status":"publish","type":"post","link":"https:\/\/sindaopcpb.org.br\/index.php\/2023\/08\/13\/governo-da-paraiba-promove-aproximacao-entre-startups-paraibanas-e-investidores-na-expotec\/","title":{"rendered":"Governo da Para\u00edba promove aproxima\u00e7\u00e3o entre startups paraibanas e investidores na Expotec"},"content":{"rendered":"<p>Governo da Para\u00edba, por meio da Secretaria de Estado da Ci\u00eancia, Tecnologia, Inova\u00e7\u00e3o e Ensino Superior (Secties), em parceria com a Funda\u00e7\u00e3o de Apoio \u00e0 Pesquisa da Para\u00edba (Fapesq), realizou na Expotec 2023, encerrada na sexta-feira (11) o Demoday: uma oportunidade para startups que est\u00e3o no Programa Parque Tecnol\u00f3gico Horizontes da Inova\u00e7\u00e3o (PTHI) se aproximarem de investidores e impulsionarem seus empreendimentos. Foi uma a\u00e7\u00e3o in\u00e9dita do governo estadual que investiu R$ 3 milh\u00f5es, por meio do edital Conectando Startups: Tecnologias Educacionais e Turismo Sustent\u00e1vel, aberto em 2022.<\/p>\n<p>Foram selecionados 12 projetos, a partir do edital e apresentados, em formato de \u201cpitch\u201d, uma metodologia que dinamiza os trabalhos permitindo um tempo curto de exposi\u00e7\u00e3o. Cada projeto recebeu o aporte financeiro de at\u00e9 R$ 150 mil em subven\u00e7\u00e3o.<\/p>\n<p>A atividade \u00e9 desenvolvida no \u00e2mbito do Programa PTHI pelo qual os empreendedores receberam apoio na mobiliza\u00e7\u00e3o do ecossistema de inova\u00e7\u00e3o para o desenvolvimento de um produto minimamente vi\u00e1vel (MVP). Eles passaram por um processo de oito meses e agora demonstram aos investidores a evolu\u00e7\u00e3o dos projetos.<\/p>\n<p>O evento teve a participa\u00e7\u00e3o do secret\u00e1rio de Estado da Ci\u00eancia, Tecnologia, Inova\u00e7\u00e3o e Ensino Superior, Cl\u00e1udio Furtado; da secret\u00e1ria-executiva de Inova\u00e7\u00e3o, Elis Regina Barreiro; do secret\u00e1rio-executivo da Ci\u00eancia, Tecnologia e Ensino Superior, Rubens Freire; da coordenadora de Programas e Projetos da Fapesq, Patr\u00edcia Costa; e da coordenadora do Programa Parque Tecnol\u00f3gico Horizontes de Inova\u00e7\u00e3o, Francilene Garcia Proc\u00f3pio.<\/p>\n<p>\u201cEsse Demoday j\u00e1 reflete investimentos que a secretaria tem feito nos \u00faltimos meses para selecionar empresas inovadoras com editais focados em linhas espec\u00edficas. A pr\u00f3xima etapa para a Secties ser\u00e3o novos editais para novas linhas que o Programa PTHI vai atuar: a quest\u00e3o da longevidade, das energias renov\u00e1veis, TI, TIC e a cultura. Em breve, teremos novidades sobre editais que visam fazer subven\u00e7\u00e3o para entidades culturais: uma maneira de fomentar a economia criativa\u201d, informa o secret\u00e1rio da Secties, Claudio Furtado.<\/p>\n<p>Para a secret\u00e1ria Executiva de Inova\u00e7\u00e3o, Elis Regina Barreiro, hoje se comprova que h\u00e1 meios de expandir os limites de investimentos na Para\u00edba, uma vez que neste Demoday participam investidores de fora do estado.<\/p>\n<p>\u201cEstamos vivenciando algo in\u00e9dito\u201d, salienta a secret\u00e1ria-executiva. \u201cO primeiro Demoday que promovemos atrav\u00e9s do programa Parque Tecnol\u00f3gico; \u00e9 algo que marca esse novo momento do programa Parque Tecnol\u00f3gico junto da Secretaria de Ci\u00eancia, Tecnologia, Inova\u00e7\u00e3o e Ensino Superior, ou seja, dentro de uma secretaria espec\u00edfica que vai cuidar do fomento ao empreendedorismo com base tecnol\u00f3gica na Para\u00edba. A expectativa \u00e9 de atrair o capital privado para a continuidade dos projetos aqui apresentados,\u201d destaca Elis Regina.<\/p>\n<p><b>Investimentos iniciais feitos pelo governo estadual firmam empreendimentos<\/b><\/p>\n<p>Os projetos foram analisados por uma banca de investidores especialista no setor de tecnologias para educa\u00e7\u00e3o e turismo. Presencialmente: Alex Pinheiro, pioneiro no setor de edtech; Fabiana Medeiros, respons\u00e1vel por fomento para inova\u00e7\u00e3o via Plataforma de Inova\u00e7\u00e3o SENAI; Wilson Roberto, advogado, empres\u00e1rio e especialista em participa\u00e7\u00e3o virtual; Diogo Cat\u00e3o, CEO da Dome Ventures. A cada apresenta\u00e7\u00e3o, eles atribu\u00edram recomenda\u00e7\u00f5es para a evolu\u00e7\u00e3o dos neg\u00f3cios.<\/p>\n<p>La\u00eds Catarine Ramos, especialista em Turismo participou do \u201cpitch\u201d. Ela trabalha com a WeGuide, uma startup que desenvolve a inova\u00e7\u00e3o nos servi\u00e7os de guias de turismo, e declarou: \u201cNosso objetivo \u00e9 amadurecer nossa proposta de valor, compreender onde podemos ir. Porque quando entendermos isso, os s\u00f3cios chegar\u00e3o de verdade porque saber\u00e3o do nosso potencial. Com a subven\u00e7\u00e3o do Governo do Estado recebida pela Fapesq, fizemos a parte do modelo de entendimento \u00e0 proposta de valor e tudo que isso envolve. Hoje estamos modelando esse crescimento para sermos atrativos para esses s\u00f3cios. Somos imensamente gratos ao Parque Tecnol\u00f3gico (PTHI); esperamos outras iniciativas com esse intento, porque aqui na Para\u00edba isso \u00e9 muito raro. \u00c9 uma importante iniciativa do Governo do Estado, entender que somos solu\u00e7\u00f5es que realmente precisam de incentivo para desenvolvermos nosso ecossistema de inova\u00e7\u00e3o\u201d, afirma La\u00eds.<\/p>\n<p>A coordenadora do programa Parque Tecnol\u00f3gico Horizontes de Inova\u00e7\u00e3o, Francilene Garcia, explica de que forma a metodologia do edital vem\u00a0 favorecendo o processo evolutivo vivenciado pelos representantes dos\u00a0 projetos.<\/p>\n<p>\u201cO primeiro desafio deste edital era que as empresas situadas no Estado da Para\u00edba, com solu\u00e7\u00f5es potenciais para resolverem problemas reais dos setores da educa\u00e7\u00e3o e do turismo sustent\u00e1vel, tivessem a oportunidade de dialogar com os reais atores que convivem com as duas \u00e1reas identificando as verdadeiras \u2018dores\u2019. Essas empresas passaram por uma imers\u00e3o para que elas tivessem uma valida\u00e7\u00e3o se a solu\u00e7\u00e3o que elas tinham de fato atendiam ao seu segmento.A imers\u00e3o foi fundamental para que as empresas pudessem revisitar as solu\u00e7\u00f5es que tinham nas suas startups e adequar para o n\u00edvel das demanda apresentadas\u201d.<\/p>\n<p>\u201cO segundo momento era oferecer as melhores condi\u00e7\u00f5es de acesso ao capital\u00a0 para que essas empresas, uma vez com a solu\u00e7\u00e3o, pudessem contactar investidores do mercado. Trata-se de fundos privados, em geral, que atuam no mercado de risco, sobretudo na \u00e1rea do empreendedorismo inovador, e que est\u00e3o aqui presentes neste momento [Demoday].\u201d<\/p>\n<p>\u201cO terceiro desafio \u00e9 o retorno dessas empresas aos locais onde elas identificarem as \u2018dores\u2019 e validarem mais uma vez as solu\u00e7\u00f5es e assim aprimorar os neg\u00f3cios\u201d, conclui Francilene.<\/p>\n<p>Os investidores deram dicas de como o neg\u00f3cio pode ser acelerado. Foi mencionado, com frequ\u00eancia, a quest\u00e3o da monetiza\u00e7\u00e3o e de que forma a empresa pretende tracionar o mercado com a solu\u00e7\u00e3o que ela tem. Em mensagens finais, Fabiana Medeiros considerou que os empres\u00e1rios est\u00e3o plantando sementes e a inten\u00e7\u00e3o \u00e9 a constru\u00e7\u00e3o de um ecossistema s\u00f3lido. Alex Pinheiro, satisfeito com o movimento e a qualidade t\u00e9cnica apresentada, afirmou que \u201co que se viu aqui n\u00e3o perde para nenhum outro pitch em nenhum outro lugar\u201d. Diogo Cat\u00e3o observou que o trabalho vem crescendo ao longo dos anos, e os empreendedores v\u00e3o conseguir apresentar instru\u00e7\u00f5es cada vez melhores. E Wilson Roberto enfatizou que \u00e9 importante ter o capital no momento certo.<\/p>\n<p>&nbsp;<\/p>\n<p><b>Os 12 projetos &#8211; Edital Conectando Startups<\/b><\/p>\n<p>&nbsp;<\/p>\n<p>ARTEZAUM DIGITAL<\/p>\n<p>Plataforma de ensino gamificado &#8211; recebe li\u00e7\u00f5es e as transforma em atividades gamificadas, tornando o aprendizado mais envolvente e divertido para os alunos.<\/p>\n<p>&nbsp;<\/p>\n<p>WEGUIDE: GUIA DE TURISMO EM REDE<\/p>\n<p>Plataforma digital multilateral promove capacita\u00e7\u00e3o continuada, inser\u00e7\u00e3o, intera\u00e7\u00e3o digital e para estimular o trabalho em rede e o empreendedorismo para guias e condutores de turismo.<\/p>\n<p>&nbsp;<\/p>\n<p>D\u00cdNAMO NUCL\u00c9OLO AUDIOVISUAL + DNA_HD<\/p>\n<p>DNA HD \u00e9 um aplicativo desenvolvido para realidade virtual\/aumentada para criar novas metodologias para ensino m\u00e9dio.<\/p>\n<p>&nbsp;<\/p>\n<p>EXPEDI\u00c7\u00c3O TERRO\u00c1 PARA\u00cdBA<\/p>\n<p>O Terro\u00e1 transformou todo o conte\u00fado adquirido em reportagens de v\u00eddeo em document\u00e1rio.<\/p>\n<p>&nbsp;<\/p>\n<p>METAEDU<\/p>\n<p>O projeto METAEDU\u00a0 facilita o acesso ao conhecimento por meio de uma tecnologia de baixo custo em sala de aula virtual.<\/p>\n<p>&nbsp;<\/p>\n<p>EAD MASTER<\/p>\n<p>Duas solu\u00e7\u00f5es tecnol\u00f3gicas inovadoras: o Sistema Planeje e a Plataforma Qstione. O objetivo \u00e9 simplificar a cria\u00e7\u00e3o, planejamento e execu\u00e7\u00e3o curricular.<\/p>\n<p>&nbsp;<\/p>\n<p>INOVATURPB \u00e9 um sistema da plataforma do Observat\u00f3rio de Turismo da Para\u00edba (OTPB) com o objetivo de realizar a transforma\u00e7\u00e3o digital na cadeia produtiva do turismo.<\/p>\n<p>&nbsp;<\/p>\n<p>NEORON<\/p>\n<p>Uma plataforma de intelig\u00eancia conversacional automatizada (chatbots), direcionado para os segmentos de sa\u00fade, educa\u00e7\u00e3o e ramo imobili\u00e1rio.<\/p>\n<p>&nbsp;<\/p>\n<p>PLATAFORMA UNIVERSE<\/p>\n<p>Aplicativo de aluguel de temporadas e espa\u00e7o para eventos, projetado para oferecer uma experi\u00eancia \u00fanica e acess\u00edvel de hospedagem alternativa aos visitantes.<\/p>\n<p>&nbsp;<\/p>\n<p>ENTRE PALAVRAS, IMAGENS E SONS<\/p>\n<p>Entre palavras, imagens e sons \u00e9 um produto educacional para auxiliar os processos de alfabetiza\u00e7\u00e3o e letramento com audiovisual.<\/p>\n<p>&nbsp;<\/p>\n<p>REVIGORADA MENTE<\/p>\n<p>Projeto que promove o bem-estar corporativo e potencializa a melhora da sa\u00fade mental dos colaboradores para empresas.<\/p>\n<p>&nbsp;<\/p>\n<p>VINVER EDUCA<\/p>\n<p>Plataforma de gest\u00e3o educacional pedag\u00f3gica direcionada \u00e0 administra\u00e7\u00e3o p\u00fablica, especificamente ao Estado da Para\u00edba.<\/p>\n<p>O post <a rel=\"nofollow noopener\" href=\"https:\/\/wscom.com.br\/governo-da-paraiba-promove-aproximacao-entre-startups-paraibanas-e-investidores-na-expotec\/\" target=\"_blank\">Governo da Para\u00edba promove aproxima\u00e7\u00e3o entre startups paraibanas e investidores na Expotec<\/a> apareceu primeiro em <a rel=\"nofollow noopener\" href=\"https:\/\/wscom.com.br\/\" target=\"_blank\">WSCOM<\/a>.<\/p>\n","protected":false},"excerpt":{"rendered":"<p>Governo da Para\u00edba, por meio da Secretaria de Estado da Ci\u00eancia, Tecnologia, Inova\u00e7\u00e3o e Ensino Superior (Secties), em parceria com a Funda\u00e7\u00e3o de Apoio \u00e0 Pesquisa da Para\u00edba (Fapesq), realizou na Expotec 2023, encerrada na sexta-feira (11) o Demoday: uma oportunidade para startups que est\u00e3o no Programa Parque Tecnol\u00f3gico Horizontes da Inova\u00e7\u00e3o (PTHI) se aproximarem [\u2026]<\/p>\n<p>O post <a rel=\"nofollow\" href=\"https:\/\/wscom.com.br\/governo-da-paraiba-promove-aproximacao-entre-startups-paraibanas-e-investidores-na-expotec\/\">Governo da Para\u00edba promove aproxima\u00e7\u00e3o entre startups paraibanas e investidores na Expotec<\/a> apareceu primeiro em <a rel=\"nofollow\" href=\"https:\/\/wscom.com.br\/\">WSCOM<\/a>.<\/p>\n","protected":false},"author":58,"featured_media":0,"comment_status":"closed","ping_status":"closed","sticky":false,"template":"","format":"standard","meta":{"advgb_blocks_editor_width":"","advgb_blocks_columns_visual_guide":"","footnotes":""},"categories":[7352,34,7688,418,54],"tags":[35],"class_list":["post-29527","post","type-post","status-publish","format-standard","hentry","category-expotec-2023","category-g1","category-investimnto","category-noticias","category-paraiba","tag-g1"],"author_meta":{"display_name":"Juliana Terra","author_link":"https:\/\/sindaopcpb.org.br\/author\/juliana-terra\/"},"featured_img":null,"coauthors":[],"tax_additional":{"categories":{"linked":["<a href=\"https:\/\/sindaopcpb.org.br\/expotec-2023\/\" class=\"advgb-post-tax-term\">Expotec 2023<\/a>","<a href=\"https:\/\/sindaopcpb.org.br\/g1\/\" class=\"advgb-post-tax-term\">G1<\/a>","<a href=\"https:\/\/sindaopcpb.org.br\/investimnto\/\" class=\"advgb-post-tax-term\">Investimnto<\/a>","<a href=\"https:\/\/sindaopcpb.org.br\/noticias\/\" class=\"advgb-post-tax-term\">Not\u00edcias<\/a>","<a href=\"https:\/\/sindaopcpb.org.br\/paraiba\/\" class=\"advgb-post-tax-term\">Para\u00edba<\/a>"],"unlinked":["<span class=\"advgb-post-tax-term\">Expotec 2023<\/span>","<span class=\"advgb-post-tax-term\">G1<\/span>","<span class=\"advgb-post-tax-term\">Investimnto<\/span>","<span class=\"advgb-post-tax-term\">Not\u00edcias<\/span>","<span class=\"advgb-post-tax-term\">Para\u00edba<\/span>"]},"tags":{"linked":["<a href=\"https:\/\/sindaopcpb.org.br\/paraiba\/\" class=\"advgb-post-tax-term\">g1<\/a>"],"unlinked":["<span class=\"advgb-post-tax-term\">g1<\/span>"]}},"comment_count":"0","relative_dates":{"created":"Publicado 3 anos atr\u00e1s","modified":"Atualizado 3 anos atr\u00e1s"},"absolute_dates":{"created":"Publicado em 13 de agosto de 2023","modified":"Atualizado em 13 de agosto de 2023"},"absolute_dates_time":{"created":"Publicado em 13 de agosto de 2023 14:23","modified":"Atualizado em 13 de agosto de 2023 14:23"},"featured_img_caption":"","series_order":"","_links":{"self":[{"href":"https:\/\/sindaopcpb.org.br\/index.php\/wp-json\/wp\/v2\/posts\/29527","targetHints":{"allow":["GET"]}}],"collection":[{"href":"https:\/\/sindaopcpb.org.br\/index.php\/wp-json\/wp\/v2\/posts"}],"about":[{"href":"https:\/\/sindaopcpb.org.br\/index.php\/wp-json\/wp\/v2\/types\/post"}],"author":[{"embeddable":true,"href":"https:\/\/sindaopcpb.org.br\/index.php\/wp-json\/wp\/v2\/users\/58"}],"replies":[{"embeddable":true,"href":"https:\/\/sindaopcpb.org.br\/index.php\/wp-json\/wp\/v2\/comments?post=29527"}],"version-history":[{"count":1,"href":"https:\/\/sindaopcpb.org.br\/index.php\/wp-json\/wp\/v2\/posts\/29527\/revisions"}],"predecessor-version":[{"id":29528,"href":"https:\/\/sindaopcpb.org.br\/index.php\/wp-json\/wp\/v2\/posts\/29527\/revisions\/29528"}],"wp:attachment":[{"href":"https:\/\/sindaopcpb.org.br\/index.php\/wp-json\/wp\/v2\/media?parent=29527"}],"wp:term":[{"taxonomy":"category","embeddable":true,"href":"https:\/\/sindaopcpb.org.br\/index.php\/wp-json\/wp\/v2\/categories?post=29527"},{"taxonomy":"post_tag","embeddable":true,"href":"https:\/\/sindaopcpb.org.br\/index.php\/wp-json\/wp\/v2\/tags?post=29527"}],"curies":[{"name":"wp","href":"https:\/\/api.w.org\/{rel}","templated":true}]}}