{"id":29525,"date":"2023-08-13T14:24:15","date_gmt":"2023-08-13T17:24:15","guid":{"rendered":"https:\/\/wpa.wscom.com.br\/?p=917456"},"modified":"2023-08-13T14:24:15","modified_gmt":"2023-08-13T17:24:15","slug":"pais-quilombolas-e-indigenas-defendem-legado-de-respeito-a-natureza","status":"publish","type":"post","link":"https:\/\/sindaopcpb.org.br\/index.php\/2023\/08\/13\/pais-quilombolas-e-indigenas-defendem-legado-de-respeito-a-natureza\/","title":{"rendered":"Pais quilombolas e ind\u00edgenas defendem legado de respeito \u00e0 natureza"},"content":{"rendered":"<p>A heran\u00e7a nas plantas da ro\u00e7a, no barulho do rio, no rochedo do monte, no canto dos p\u00e1ssaros, no movimento das manh\u00e3s, no sil\u00eancio da noite. O valor do respeito \u00e0 terra e da luta para se manter no mesmo lugar. Para comunidades tradicionais, o significado da paternidade n\u00e3o est\u00e1 na ligado a bens que s\u00e3o deixados, mas ao legado que permanece.\u00a0<img decoding=\"async\" src=\"https:\/\/agenciabrasil.ebc.com.br\/ebc.png?id=1548601&amp;o=node\" alt=\"\" title=\"\"><img decoding=\"async\" src=\"https:\/\/agenciabrasil.ebc.com.br\/ebc.gif?id=1548601&amp;o=node\" alt=\"\" title=\"\"><\/p>\n<p>\u201cO pai deve passar tudo. \u00c9 um livro aberto a ensinar. Heran\u00e7a n\u00e3o tem o mesmo sentido que se tem em grandes cidades. H\u00e1 uma diferen\u00e7a grande de olhar\u201d, diz o ind\u00edgena Hil\u00e1rio Kanayk\u00f5 Xakriab\u00e1, de 62 anos, morador da Aldeia Barreto Preto, em S\u00e3o Jo\u00e3o das Miss\u00f5es (MG).<\/p>\n<p>A heran\u00e7a que ele recebeu do pai e que passou aos quatro filhos \u00e9 o de reverenciar, conforme entende, as palavras e os gestos. Na comunidade em que vive, s\u00e3o cerca de mil pessoas na pr\u00e1tica de agricultura de subsist\u00eancia. L\u00e1 plantam milho, feij\u00e3o, arroz, ab\u00f3bora, melancia\u2026<\/p>\n<p>\u201cPrecisa respeitar o meio ambiente para a ro\u00e7a e para a pesca continuarem vivas\u201d. Ele explica que o seu povo est\u00e1 em 42 aldeias, incluindo tamb\u00e9m os povoados que vivem em Itacarambi, cidade vizinha. Ele diz que o pai, na figura dos mais velhos e tamb\u00e9m dos caciques, \u00e9 ouvido em cada palavra pelos mais novos.<\/p>\n<div class=\"dnd-widget-wrapper context-grande_6colunas type-image atom-align-right\">\n<div class=\"dnd-atom-rendered\">\n<div class=\"shadow overflow-hidden rounded-lg d-block zoom-on-hover-sm shadow-hover w-100\"><img decoding=\"async\" class=\"flex-fill img-cover\" title=\"Aquivo Pessoal\" src=\"https:\/\/imagens.ebc.com.br\/FcS4kRKU5iFixZK5ekZBItN8Pu8=\/\/d3rf2zoedgusog.cloudfront.net\/463x0\/smart\/https:\/\/agenciabrasil.ebc.com.br\/sites\/default\/files\/thumbnails\/image\/filha_marcia_e_jose_fragoso-topaz.jpeg?itok=_rtU6G9T\" alt=\"12\/08\/2023, Filha M\u00e1rcia e Jos\u00e9 Fragoso. - Mat\u00e9ria para o dia dos pais. Foto: Aquivo Pessoal\" \/><\/div>\n<\/div>\n<div class=\"dnd-caption-wrapper\">\n<h6 class=\"meta\">12\/08\/2023, M\u00e1rcia Ferreira da Silva destaca os ensinamentos de luta pela terra transmitidos pelo pai, Jos\u00e9 Fragoso. Foto:\u00a0<strong>Arquivo Pessoal<\/strong><\/h6>\n<\/div>\n<\/div>\n<h2>Um professor<\/h2>\n<p>A heran\u00e7a \u00e9 a luta, conforme explica o cacique Jos\u00e9 Fragoso, de 71 anos, do povo patax\u00f3.\u00a0Ele vive em Bom Jesus da Lapa (BA), na Aldeia Tib\u00e1. Ele \u00e9 pai de cinco filhos. E busca tentar passar o que ouviu do pai dele e tamb\u00e9m do av\u00f4. \u201cO pai \u00e9 como um professor. O que eu ouvi passei pra eles\u201d.<\/p>\n<p>\u201cEles\u201d s\u00e3o mais at\u00e9 que os filhos biol\u00f3gicos. S\u00e3o as mais de 100 pessoas que vivem na aldeia. Como Fragoso se tornou o mais velho no lugar, \u00e9 como se fosse um pai deles todos. Foi com os mais antigos que aprendeu o melhor momento para a banana, abacaxi, melancia e para o urucum. Aprendeu que tem que haver respeito \u00e0 natureza. O excedente do que consomem \u00e9 vendido em feirinha na regi\u00e3o. Neste ano, a prefeitura com o que \u00e9 plantado pelos ind\u00edgenas, motivo de grande orgulho do pai ind\u00edgena.<\/p>\n<p>Uma das filhas do cacique \u00e9 a agente de sa\u00fade M\u00e1rcia Ferreira da Silva, de 47 anos, que se emociona ao falar do pai. \u201cEle me ensinou o respeito \u00e0s pessoas e ao meio ambiente. Ele sempre focou muito valorizar a m\u00e3e terra, a nossa cultura e o modo de viver, para n\u00e3o deixar acabar. Ele nos motiva sempre a nunca desistir\u201d.<\/p>\n<h2>Quilombo, o gol e o futuro<\/h2>\n<div class=\"dnd-widget-wrapper context-medio_4colunas type-image atom-align-left\">\n<div class=\"dnd-atom-rendered\">\n<div class=\"shadow overflow-hidden rounded-lg d-block zoom-on-hover-sm shadow-hover w-100\"><img decoding=\"async\" class=\"flex-fill img-cover\" title=\"Aquivo Pessoal\" src=\"https:\/\/imagens.ebc.com.br\/9XQFZ4VPMwapsUY_ohVYToy3vBA=\/\/d3rf2zoedgusog.cloudfront.net\/365x0\/smart\/https:\/\/agenciabrasil.ebc.com.br\/sites\/default\/files\/thumbnails\/image\/florisvaldo_e_marcos_flavio-topaz.jpg?itok=6-AZPkEm\" alt=\"12\/08\/2023, Florisvaldo e Marcos Fl\u00e1vio. - Mat\u00e9ria para o dia dos pais. Foto: Aquivo Pessoal\" \/><\/div>\n<\/div>\n<div class=\"dnd-caption-wrapper\">\n<h6 class=\"meta\">12\/08\/2023, Orgulho do pai, Florisvaldo, Marcos Fl\u00e1vio \u00e9 surdo e jogador da Sele\u00e7\u00e3o Brasileira para deficientes auditivos.\u00a0<strong>Foto:\u00a0Arquivo Pessoal<\/strong><\/h6>\n<\/div>\n<\/div>\n<p>Ainda em Bom Jesus da Lapa (BA), uma comunidade quilombola, a Ara\u00e7\u00e1 Cariac\u00e1, tamb\u00e9m busca manter os ensinamentos dos pais, dos mais velhos. Florisvaldo Rodrigues, de 51, vive em gratid\u00e3o com a comunidade de mais de 700 pessoas. Ele recorda que o maior presente como pai que ele recebeu foi o apoio de todos na cria\u00e7\u00e3o de um filho deficiente auditivo, Marcos Fl\u00e1vio da Silva, de 25 anos.<\/p>\n<p>\u201cAs pessoas me ajudaram, estimularam que ele praticasse esporte e hoje ele joga em Bras\u00edlia, na Sele\u00e7\u00e3o Brasileira para pessoas com defici\u00eancia auditiva\u201d. Segundo ele, um presente que ele n\u00e3o esperava.<\/p>\n<p>O rapaz afirmou, \u00e0\u00a0reportagem da\u00a0<strong>Ag\u00eancia Brasil,\u00a0<\/strong>\u00a0que tem muito amor pela comunidade em que nasceu e cresceu, e tamb\u00e9m e pelo pai que o impulsionou a buscar seus sonhos. &#8220;Eu agrade\u00e7o muito por esse momento que estou passando e quero ajudar a minha fam\u00edlia.\u00a0Como surdo,\u00a0eu fiquei muito feliz por eles me aceitarem. Eu tenho\u00a0muito intimidade\u00a0com meu pai porque ele \u00e9 guerreiro e amoroso por mim e para minha fam\u00edlia. Estou sem palavras para dizer&#8221;. As palavras e os sonhos concretizados do filho formam o gola\u00e7o que o pai comemora todos os dias.<\/p>\n<p>O post <a rel=\"nofollow noopener\" href=\"https:\/\/wscom.com.br\/pais-quilombolas-e-indigenas-defendem-legado-de-respeito-a-natureza\/\" target=\"_blank\">Pais quilombolas e ind\u00edgenas defendem legado de respeito \u00e0 natureza<\/a> apareceu primeiro em <a rel=\"nofollow noopener\" href=\"https:\/\/wscom.com.br\/\" target=\"_blank\">WSCOM<\/a>.<\/p>\n","protected":false},"excerpt":{"rendered":"<p>A heran\u00e7a nas plantas da ro\u00e7a, no barulho do rio, no rochedo do monte, no canto dos p\u00e1ssaros, no movimento das manh\u00e3s, no sil\u00eancio da noite. O valor do respeito \u00e0 terra e da luta para se manter no mesmo lugar. Para comunidades tradicionais, o significado da paternidade n\u00e3o est\u00e1 na ligado a bens que [\u2026]<\/p>\n<p>O post <a rel=\"nofollow\" href=\"https:\/\/wscom.com.br\/pais-quilombolas-e-indigenas-defendem-legado-de-respeito-a-natureza\/\">Pais quilombolas e ind\u00edgenas defendem legado de respeito \u00e0 natureza<\/a> apareceu primeiro em <a rel=\"nofollow\" href=\"https:\/\/wscom.com.br\/\">WSCOM<\/a>.<\/p>\n","protected":false},"author":58,"featured_media":0,"comment_status":"closed","ping_status":"closed","sticky":false,"template":"","format":"standard","meta":{"advgb_blocks_editor_width":"","advgb_blocks_columns_visual_guide":"","footnotes":""},"categories":[115,6836,7273,34,418],"tags":[35],"class_list":["post-29525","post","type-post","status-publish","format-standard","hentry","category-brasil","category-comemoracao","category-dia-dos-pais","category-g1","category-noticias","tag-g1"],"author_meta":{"display_name":"Juliana Terra","author_link":"https:\/\/sindaopcpb.org.br\/author\/juliana-terra\/"},"featured_img":null,"coauthors":[],"tax_additional":{"categories":{"linked":["<a href=\"https:\/\/sindaopcpb.org.br\/brasil\/\" class=\"advgb-post-tax-term\">Brasil<\/a>","<a href=\"https:\/\/sindaopcpb.org.br\/comemoracao\/\" class=\"advgb-post-tax-term\">comemora\u00e7\u00e3o<\/a>","<a href=\"https:\/\/sindaopcpb.org.br\/dia-dos-pais\/\" class=\"advgb-post-tax-term\">dia dos pais<\/a>","<a href=\"https:\/\/sindaopcpb.org.br\/g1\/\" class=\"advgb-post-tax-term\">G1<\/a>","<a href=\"https:\/\/sindaopcpb.org.br\/noticias\/\" class=\"advgb-post-tax-term\">Not\u00edcias<\/a>"],"unlinked":["<span class=\"advgb-post-tax-term\">Brasil<\/span>","<span class=\"advgb-post-tax-term\">comemora\u00e7\u00e3o<\/span>","<span class=\"advgb-post-tax-term\">dia dos pais<\/span>","<span class=\"advgb-post-tax-term\">G1<\/span>","<span class=\"advgb-post-tax-term\">Not\u00edcias<\/span>"]},"tags":{"linked":["<a href=\"https:\/\/sindaopcpb.org.br\/noticias\/\" class=\"advgb-post-tax-term\">g1<\/a>"],"unlinked":["<span class=\"advgb-post-tax-term\">g1<\/span>"]}},"comment_count":"0","relative_dates":{"created":"Publicado 3 anos atr\u00e1s","modified":"Atualizado 3 anos atr\u00e1s"},"absolute_dates":{"created":"Publicado em 13 de agosto de 2023","modified":"Atualizado em 13 de agosto de 2023"},"absolute_dates_time":{"created":"Publicado em 13 de agosto de 2023 14:24","modified":"Atualizado em 13 de agosto de 2023 14:24"},"featured_img_caption":"","series_order":"","_links":{"self":[{"href":"https:\/\/sindaopcpb.org.br\/index.php\/wp-json\/wp\/v2\/posts\/29525","targetHints":{"allow":["GET"]}}],"collection":[{"href":"https:\/\/sindaopcpb.org.br\/index.php\/wp-json\/wp\/v2\/posts"}],"about":[{"href":"https:\/\/sindaopcpb.org.br\/index.php\/wp-json\/wp\/v2\/types\/post"}],"author":[{"embeddable":true,"href":"https:\/\/sindaopcpb.org.br\/index.php\/wp-json\/wp\/v2\/users\/58"}],"replies":[{"embeddable":true,"href":"https:\/\/sindaopcpb.org.br\/index.php\/wp-json\/wp\/v2\/comments?post=29525"}],"version-history":[{"count":1,"href":"https:\/\/sindaopcpb.org.br\/index.php\/wp-json\/wp\/v2\/posts\/29525\/revisions"}],"predecessor-version":[{"id":29526,"href":"https:\/\/sindaopcpb.org.br\/index.php\/wp-json\/wp\/v2\/posts\/29525\/revisions\/29526"}],"wp:attachment":[{"href":"https:\/\/sindaopcpb.org.br\/index.php\/wp-json\/wp\/v2\/media?parent=29525"}],"wp:term":[{"taxonomy":"category","embeddable":true,"href":"https:\/\/sindaopcpb.org.br\/index.php\/wp-json\/wp\/v2\/categories?post=29525"},{"taxonomy":"post_tag","embeddable":true,"href":"https:\/\/sindaopcpb.org.br\/index.php\/wp-json\/wp\/v2\/tags?post=29525"}],"curies":[{"name":"wp","href":"https:\/\/api.w.org\/{rel}","templated":true}]}}