{"id":29523,"date":"2023-08-13T14:24:20","date_gmt":"2023-08-13T17:24:20","guid":{"rendered":"https:\/\/wpa.wscom.com.br\/?p=917408"},"modified":"2023-08-13T14:24:20","modified_gmt":"2023-08-13T17:24:20","slug":"curtas-metragens-exibidos-por-yanomami-serao-mostrados-em-veneza","status":"publish","type":"post","link":"https:\/\/sindaopcpb.org.br\/index.php\/2023\/08\/13\/curtas-metragens-exibidos-por-yanomami-serao-mostrados-em-veneza\/","title":{"rendered":"Curtas-metragens exibidos por yanomami ser\u00e3o mostrados em Veneza"},"content":{"rendered":"<p>Tr\u00eas filmes curtas-metragens produzidos por ind\u00edgenas yanomami ser\u00e3o exibidos no 80\u00ba Festival de Veneza, na It\u00e1lia, que ocorre de 30 de agosto a 9 de setembro. Os curtas ser\u00e3o apresentados em 4 de setembro, no evento Olhos da Floresta. O dia ser\u00e1 dedicado ao cinema ind\u00edgena yanomami e homenagear\u00e1 o primeiro cineasta da etnia, Morzaniel \u0197ramari.<img decoding=\"async\" src=\"https:\/\/agenciabrasil.ebc.com.br\/ebc.png?id=1548613&amp;o=node\" alt=\"\" title=\"\"><img decoding=\"async\" src=\"https:\/\/agenciabrasil.ebc.com.br\/ebc.gif?id=1548613&amp;o=node\" alt=\"\" title=\"\"><\/p>\n<p><img decoding=\"async\" class=\"flex-fill img-cover aligncenter\" title=\"Roseane Yariana\/Divulga\u00e7\u00e3o\" src=\"https:\/\/imagens.ebc.com.br\/WBR4UloQ0MUoQWr_yY5wpVmUbew=\/\/d3rf2zoedgusog.cloudfront.net\/463x0\/smart\/https:\/\/agenciabrasil.ebc.com.br\/sites\/default\/files\/thumbnails\/image\/poster_yuri_u_xeatima_the_-_a_pesca_com_timbo_0.jpg?itok=uNcPGRMD\" alt=\"12\/08\/2023, Filmes exibidos no festival de cinema de Veneza. Yuri U X\u00ebatima Th\u00eb - A Pesca com Timb\u00f3. Foto: Roseane Yariana\/Divulga\u00e7\u00e3o\" \/><\/p>\n<p>Um dos tr\u00eas curtas exibidos ser\u00e1\u00a0<em>M\u00e3ri Hi &#8211; A \u00c1rvore do Sonho<\/em>, de \u0197ramari, vencedor da categoria Melhor Document\u00e1rio de Curta-Metragem Nacional, no Festival \u00c9 Tudo Verdade, de 2023. O filme conta com a participa\u00e7\u00e3o do l\u00edder e xam\u00e3 Davi Kopenawa, que mostra o conhecimento dos yanomami sobre os sonhos.<\/p>\n<p>\u201cEste filme vai ajudar a fazer com que os n\u00e3o ind\u00edgenas conhe\u00e7am o povo yanomami, conhe\u00e7am as nossas imagens. Assim todos podem conhecer como n\u00f3s vivemos na nossa casa e como n\u00f3s sonhamos, como os xam\u00e3s sonham\u201d, explica o cineasta.<\/p>\n<p>Morzaniel \u0197ramari nasceu em 1980 na aldeia Watorik\u0268, regi\u00e3o do Demini, da Terra Ind\u00edgena Yanomami, no estado do Amazonas. Foi formado no projeto Pontos de Cultura Ind\u00edgena &#8211; V\u00eddeo nas Aldeias e dirigiu o curta\u00a0<em>Casa dos Esp\u00edritos<\/em>, vencedor do pr\u00eamio de Melhor Filme, segundo o j\u00fari popular, na Mostra Aldeia SP, em 2014. Tamb\u00e9m dirigiu o filme longa-metragem\u00a0<em>Urihi Haromatimap\u00eb \u2013 Curadores da Terra-floresta<\/em>, que ganhou o pr\u00eamio de Melhor Filme do Forumdoc BH &#8211; Mostra Competitiva do Festival do Filme Document\u00e1rio e Etnogr\u00e1fico de Belo Horizonte.<\/p>\n<div class=\"dnd-widget-wrapper context-cheio_8colunas type-image\">\n<div class=\"dnd-atom-rendered\">\n<div class=\"shadow overflow-hidden rounded-lg d-block zoom-on-hover-sm shadow-hover w-100\"><img decoding=\"async\" class=\"flex-fill img-cover\" title=\"Roseane Yariana\/Divulga\u00e7\u00e3o\" src=\"https:\/\/imagens.ebc.com.br\/AXdwfrH_wxxHCSVCl0qpYzVNiCM=\/\/d3rf2zoedgusog.cloudfront.net\/754x0\/smart\/https:\/\/agenciabrasil.ebc.com.br\/sites\/default\/files\/thumbnails\/image\/poster_mari_hi_-_a_arvore_do_sonho_0.jpg?itok=61TFT1Tb\" alt=\"12\/08\/2023, Filmes exibidos no festival de cinema de Veneza. Poster M\u00e3ri Hi - A \u00c1rvore do Sonho. Foto: Roseane Yariana\/Divulga\u00e7\u00e3o\" \/><\/div>\n<\/div>\n<div class=\"dnd-caption-wrapper\">\n<h6 class=\"meta\">12\/08\/2023, Filmes exibidos no festival de cinema de Veneza. Poster M\u00e3ri Hi &#8211; A \u00c1rvore do Sonho. Foto:\u00a0<strong>Roseane Yariana\/Divulga\u00e7\u00e3o<\/strong><\/h6>\n<\/div>\n<\/div>\n<h2>Mulheres ind\u00edgenas<\/h2>\n<p>Os outros dois curtas ser\u00e3o\u00a0<em>Thu\u00eb Pihi Kuuwi \u2013 Uma Mulher Pensando<\/em>, e\u00a0<em>Yuri U X\u00ebatima Th\u00eb \u2013 A Pesca com Timb\u00f3<\/em>, ambos de Aida Harika, Roseane Yariana e Edmar Tokorino. Esta ser\u00e1 a primeira vez que as mulheres yanomami participar\u00e3o de um festival de cinema internacional.<\/p>\n<p>Aida Harika e Edmar Tokorino s\u00e3o dois cineastas yanomami que tamb\u00e9m residem na aldeia de Watorik\u0268. Ambos fazem parte do coletivo de comunicadores yanomami criado em 2018 pela Hutukara Associa\u00e7\u00e3o Yanomami. Roseane Yariana fez parte do primeiro grupo de jovens escolhidos para participar das oficinas de forma\u00e7\u00e3o em audiovisual, em 2018. Ela \u00e9 moradora da aldeia Buriti, na regi\u00e3o do Demini, no estado do Amazonas.<\/p>\n<p>Os tr\u00eas curtas s\u00e3o uma produ\u00e7\u00e3o Aruac Filmes, com coprodu\u00e7\u00e3o da Hutukara Associa\u00e7\u00e3o Yanomami e produ\u00e7\u00e3o associada da Gata Maior Filmes. Os filmes contam com o apoio institucional do Instituto Socioambiental e apoio de uma rede de funda\u00e7\u00f5es e institui\u00e7\u00f5es internacionais que trabalham diretamente com a Amaz\u00f4nia Brasileira.<\/p>\n<p><span style=\"font-size: 10pt;\"><strong>Ag\u00eancia Brasil<\/strong><\/span><\/p>\n<p>O post <a rel=\"nofollow noopener\" href=\"https:\/\/wscom.com.br\/curtas-metragens-exibidos-por-yanomami-serao-mostrados-em-veneza\/\" target=\"_blank\">Curtas-metragens exibidos por yanomami ser\u00e3o mostrados em Veneza<\/a> apareceu primeiro em <a rel=\"nofollow noopener\" href=\"https:\/\/wscom.com.br\/\" target=\"_blank\">WSCOM<\/a>.<\/p>\n","protected":false},"excerpt":{"rendered":"<p>Tr\u00eas filmes curtas-metragens produzidos por ind\u00edgenas yanomami ser\u00e3o exibidos no 80\u00ba Festival de Veneza, na It\u00e1lia, que ocorre de 30 de agosto a 9 de setembro. Os curtas ser\u00e3o apresentados em 4 de setembro, no evento Olhos da Floresta. O dia ser\u00e1 dedicado ao cinema ind\u00edgena yanomami e homenagear\u00e1 o primeiro cineasta da etnia, Morzaniel [\u2026]<\/p>\n<p>O post <a rel=\"nofollow\" href=\"https:\/\/wscom.com.br\/curtas-metragens-exibidos-por-yanomami-serao-mostrados-em-veneza\/\">Curtas-metragens exibidos por yanomami ser\u00e3o mostrados em Veneza<\/a> apareceu primeiro em <a rel=\"nofollow\" href=\"https:\/\/wscom.com.br\/\">WSCOM<\/a>.<\/p>\n","protected":false},"author":58,"featured_media":0,"comment_status":"closed","ping_status":"closed","sticky":false,"template":"","format":"standard","meta":{"advgb_blocks_editor_width":"","advgb_blocks_columns_visual_guide":"","footnotes":""},"categories":[940,34,7687,1606],"tags":[35],"class_list":["post-29523","post","type-post","status-publish","format-standard","hentry","category-cinema","category-g1","category-veneza","category-yanomami","tag-g1"],"author_meta":{"display_name":"Juliana Terra","author_link":"https:\/\/sindaopcpb.org.br\/author\/juliana-terra\/"},"featured_img":null,"coauthors":[],"tax_additional":{"categories":{"linked":["<a href=\"https:\/\/sindaopcpb.org.br\/cinema\/\" class=\"advgb-post-tax-term\">Cinema<\/a>","<a href=\"https:\/\/sindaopcpb.org.br\/g1\/\" class=\"advgb-post-tax-term\">G1<\/a>","<a href=\"https:\/\/sindaopcpb.org.br\/veneza\/\" class=\"advgb-post-tax-term\">veneza<\/a>","<a href=\"https:\/\/sindaopcpb.org.br\/yanomami\/\" class=\"advgb-post-tax-term\">yanomami<\/a>"],"unlinked":["<span class=\"advgb-post-tax-term\">Cinema<\/span>","<span class=\"advgb-post-tax-term\">G1<\/span>","<span class=\"advgb-post-tax-term\">veneza<\/span>","<span class=\"advgb-post-tax-term\">yanomami<\/span>"]},"tags":{"linked":["<a href=\"https:\/\/sindaopcpb.org.br\/yanomami\/\" class=\"advgb-post-tax-term\">g1<\/a>"],"unlinked":["<span class=\"advgb-post-tax-term\">g1<\/span>"]}},"comment_count":"0","relative_dates":{"created":"Publicado 3 anos atr\u00e1s","modified":"Atualizado 3 anos atr\u00e1s"},"absolute_dates":{"created":"Publicado em 13 de agosto de 2023","modified":"Atualizado em 13 de agosto de 2023"},"absolute_dates_time":{"created":"Publicado em 13 de agosto de 2023 14:24","modified":"Atualizado em 13 de agosto de 2023 14:24"},"featured_img_caption":"","series_order":"","_links":{"self":[{"href":"https:\/\/sindaopcpb.org.br\/index.php\/wp-json\/wp\/v2\/posts\/29523","targetHints":{"allow":["GET"]}}],"collection":[{"href":"https:\/\/sindaopcpb.org.br\/index.php\/wp-json\/wp\/v2\/posts"}],"about":[{"href":"https:\/\/sindaopcpb.org.br\/index.php\/wp-json\/wp\/v2\/types\/post"}],"author":[{"embeddable":true,"href":"https:\/\/sindaopcpb.org.br\/index.php\/wp-json\/wp\/v2\/users\/58"}],"replies":[{"embeddable":true,"href":"https:\/\/sindaopcpb.org.br\/index.php\/wp-json\/wp\/v2\/comments?post=29523"}],"version-history":[{"count":1,"href":"https:\/\/sindaopcpb.org.br\/index.php\/wp-json\/wp\/v2\/posts\/29523\/revisions"}],"predecessor-version":[{"id":29524,"href":"https:\/\/sindaopcpb.org.br\/index.php\/wp-json\/wp\/v2\/posts\/29523\/revisions\/29524"}],"wp:attachment":[{"href":"https:\/\/sindaopcpb.org.br\/index.php\/wp-json\/wp\/v2\/media?parent=29523"}],"wp:term":[{"taxonomy":"category","embeddable":true,"href":"https:\/\/sindaopcpb.org.br\/index.php\/wp-json\/wp\/v2\/categories?post=29523"},{"taxonomy":"post_tag","embeddable":true,"href":"https:\/\/sindaopcpb.org.br\/index.php\/wp-json\/wp\/v2\/tags?post=29523"}],"curies":[{"name":"wp","href":"https:\/\/api.w.org\/{rel}","templated":true}]}}