{"id":29489,"date":"2023-08-13T09:02:33","date_gmt":"2023-08-13T12:02:33","guid":{"rendered":"https:\/\/g1.globo.com\/pb\/paraiba\/noticia\/2023\/08\/13\/baleia-jubarte-e-encontrada-em-praia-de-lucena-na-grande-joao-pessoa.ghtml"},"modified":"2023-08-13T09:02:33","modified_gmt":"2023-08-13T12:02:33","slug":"baleia-jubarte-e-encontrada-em-praia-de-lucena-na-grande-joao-pessoa","status":"publish","type":"post","link":"https:\/\/sindaopcpb.org.br\/index.php\/2023\/08\/13\/baleia-jubarte-e-encontrada-em-praia-de-lucena-na-grande-joao-pessoa\/","title":{"rendered":"Baleia jubarte \u00e9 encontrada em praia de Lucena, na Grande Jo\u00e3o Pessoa"},"content":{"rendered":"   <img src=\"https:\/\/s2.glbimg.com\/0GMJ_bLWv8NZwoiiUlt0m7Fitgg=\/i.s3.glbimg.com\/v1\/AUTH_59edd422c0c84a879bd37670ae4f538a\/internal_photos\/bs\/2023\/K\/7\/sF1IvtTwmLl0qcwjxIcA\/baleia.jpeg\" \/><br \/>     \u00c9 o segundo caso de encontro do animal do mesmo tipo no litoral paraibano em pouco mais de uma semana. Baleia na praia de Fagundes, em Lucena, na Para\u00edba\nFunda\u00e7\u00e3o Mam\u00edferos Aqu\u00e1ticos\nUma baleia da esp\u00e9cie jubarte foi achada no s\u00e1bado (12) na praia de Fagundes, em Lucena, na Grande Jo\u00e3o Pessoa. \u00c9 a segunda vez que um animal do mesmo tipo \u00e9 encontrado no Litoral da Para\u00edba em pouco mais de uma semana. A remo\u00e7\u00e3o foi feita na manh\u00e3 deste domingo (13).\nA baleia estava em avan\u00e7ado estado de decomposi\u00e7\u00e3o, mas a Funda\u00e7\u00e3o Mam\u00edferos Aqu\u00e1ticos informou que seria de um animal com pelo menos cinco metros.\nExames dever\u00e3o ser feitos para que seja identificada a causa da morte e se o caso teria rela\u00e7\u00e3o com outra jubarte achada no dia 3 de agosto na Praia do Sol, em Jo\u00e3o Pessoa.\nCaso a popula\u00e7\u00e3o encontre mam\u00edferos marinhos vivos ou mortos, deve entrar em contato com a Funda\u00e7\u00e3o Mam\u00edferos Aqu\u00e1ticos no telefone que tamb\u00e9m \u00e9 WhatsApp 99961-1338.\nV\u00eddeos mais assistidos da Para\u00edba  ","protected":false},"excerpt":{"rendered":"<p>        \u00c9 o segundo caso de encontro do animal do mesmo tipo no litoral paraibano em pouco mais de uma semana. Baleia na praia de Fagundes, em Lucena, na Para\u00edba<br \/>\nFunda\u00e7\u00e3o Mam\u00edferos Aqu\u00e1ticos<br \/>\nUma baleia da esp\u00e9cie jubarte foi achada no s\u00e1bado (12) na pr&#8230;<\/p>\n","protected":false},"author":2,"featured_media":0,"comment_status":"closed","ping_status":"closed","sticky":false,"template":"","format":"standard","meta":{"advgb_blocks_editor_width":"","advgb_blocks_columns_visual_guide":"","footnotes":""},"categories":[34],"tags":[35],"class_list":["post-29489","post","type-post","status-publish","format-standard","hentry","category-g1","tag-g1"],"author_meta":{"display_name":"g1 &gt; Para\u00edba","author_link":"https:\/\/sindaopcpb.org.br\/author\/g1-paraiba\/"},"featured_img":null,"coauthors":[],"tax_additional":{"categories":{"linked":["<a href=\"https:\/\/sindaopcpb.org.br\/g1\/\" class=\"advgb-post-tax-term\">G1<\/a>"],"unlinked":["<span class=\"advgb-post-tax-term\">G1<\/span>"]},"tags":{"linked":["<a href=\"https:\/\/sindaopcpb.org.br\/g1\/\" class=\"advgb-post-tax-term\">g1<\/a>"],"unlinked":["<span class=\"advgb-post-tax-term\">g1<\/span>"]}},"comment_count":"0","relative_dates":{"created":"Publicado 3 anos atr\u00e1s","modified":"Atualizado 3 anos atr\u00e1s"},"absolute_dates":{"created":"Publicado em 13 de agosto de 2023","modified":"Atualizado em 13 de agosto de 2023"},"absolute_dates_time":{"created":"Publicado em 13 de agosto de 2023 09:02","modified":"Atualizado em 13 de agosto de 2023 09:02"},"featured_img_caption":"","series_order":"","_links":{"self":[{"href":"https:\/\/sindaopcpb.org.br\/index.php\/wp-json\/wp\/v2\/posts\/29489","targetHints":{"allow":["GET"]}}],"collection":[{"href":"https:\/\/sindaopcpb.org.br\/index.php\/wp-json\/wp\/v2\/posts"}],"about":[{"href":"https:\/\/sindaopcpb.org.br\/index.php\/wp-json\/wp\/v2\/types\/post"}],"author":[{"embeddable":true,"href":"https:\/\/sindaopcpb.org.br\/index.php\/wp-json\/wp\/v2\/users\/2"}],"replies":[{"embeddable":true,"href":"https:\/\/sindaopcpb.org.br\/index.php\/wp-json\/wp\/v2\/comments?post=29489"}],"version-history":[{"count":1,"href":"https:\/\/sindaopcpb.org.br\/index.php\/wp-json\/wp\/v2\/posts\/29489\/revisions"}],"predecessor-version":[{"id":29490,"href":"https:\/\/sindaopcpb.org.br\/index.php\/wp-json\/wp\/v2\/posts\/29489\/revisions\/29490"}],"wp:attachment":[{"href":"https:\/\/sindaopcpb.org.br\/index.php\/wp-json\/wp\/v2\/media?parent=29489"}],"wp:term":[{"taxonomy":"category","embeddable":true,"href":"https:\/\/sindaopcpb.org.br\/index.php\/wp-json\/wp\/v2\/categories?post=29489"},{"taxonomy":"post_tag","embeddable":true,"href":"https:\/\/sindaopcpb.org.br\/index.php\/wp-json\/wp\/v2\/tags?post=29489"}],"curies":[{"name":"wp","href":"https:\/\/api.w.org\/{rel}","templated":true}]}}