{"id":29463,"date":"2023-08-12T17:25:53","date_gmt":"2023-08-12T20:25:53","guid":{"rendered":"https:\/\/wpa.wscom.com.br\/?p=917355"},"modified":"2023-08-12T17:25:53","modified_gmt":"2023-08-12T20:25:53","slug":"paraiba-conquista-142-medalhas-e-termina-seletiva-norte-nordeste-das-paralimpiadas-escolares-na-segunda-colocacao-geral","status":"publish","type":"post","link":"https:\/\/sindaopcpb.org.br\/index.php\/2023\/08\/12\/paraiba-conquista-142-medalhas-e-termina-seletiva-norte-nordeste-das-paralimpiadas-escolares-na-segunda-colocacao-geral\/","title":{"rendered":"Para\u00edba conquista 142 medalhas e termina Seletiva Norte\/Nordeste das Paralimp\u00edadas Escolares na segunda coloca\u00e7\u00e3o geral"},"content":{"rendered":"<p>&nbsp;<\/p>\n<p>&nbsp;<\/p>\n<p>A delega\u00e7\u00e3o da Para\u00edba conquistou a incr\u00edvel marca de 142 medalhas na seletiva Norte\/Nordeste das Paralimp\u00edadas Escolares, evento organizado pelo Comit\u00ea Paral\u00edmpico Brasileiro (CPB), que foi encerrado nessa sexta-feira (11), em Bel\u00e9m (PA). Com o resultado final, o estado ficou como o melhor da regi\u00e3o Nordeste e na segunda coloca\u00e7\u00e3o no geral, atr\u00e1s apenas do anfitri\u00e3o Par\u00e1, que obteve 183.<\/p>\n<p>O evento teve dois dias de dura\u00e7\u00e3o, cujo objetivo foi selecionar os melhores \u00edndices visando as Paralimp\u00edadas Escolares, que ocorrer\u00e3o em S\u00e3o Paulo, de 27 de novembro a 2 de dezembro. A delega\u00e7\u00e3o paraibana, que contou com o apoio do Governo do Estado, por meio da Secretaria de Estado da Juventude, Esporte e Lazer (Sejel), teve 100 integrantes.<\/p>\n<p>Comparando com a participa\u00e7\u00e3o de 2022, quando a competi\u00e7\u00e3o foi realizada em Natal (RN), neste ano de 2023, os paraibanos obtiveram 38 medalhas a mais, nas tr\u00eas modalidades em disputa. A Para\u00edba conquistou 84 medalhas de ouro, 41 de prata e 17 bronzes.\u00a0A modalidade de atletismo foi a respons\u00e1vel pelo quantitativo de 105 medalhas, enquanto na nata\u00e7\u00e3o foram 25 e ainda 12 na bocha.<\/p>\n<p>&#8220;Foi mais uma consagra\u00e7\u00e3o para Para\u00edba no paradesporto, pois de todos os estados participantes das duas regi\u00f5es (Norte e Nordeste), nosso estado ficou como o segundo geral em n\u00famero de medalhas e ainda o melhor do Nordeste. Al\u00e9m disso, o avan\u00e7o no segmento vem ocorrendo a cada ano, que foi superado o quantitativo de medalhas do ano passado, j\u00e1 que foram 104 e agora, 142&#8221;, disse Jean Klaud, chefe da delega\u00e7\u00e3o da Para\u00edba.<\/p>\n<p>O secret\u00e1rio executivo de Esporte e Lazer, Harlen Vilarim, que esteve presente no evento, parabenizou a delega\u00e7\u00e3o pela excelente marca. &#8220;De perto acompanhei a luta de cada um integrante da Para\u00edba em Bel\u00e9m, e n\u00e3o existe outra palavra a n\u00e3o ser gratid\u00e3o pelo excelente desempenho. O Governo do Estado aposta no paradesporto\u00a0 e deu todo apoio para que pudessem ir ao Par\u00e1 e, agora, que venha a etapa nacional das Paralimp\u00edadas Escolares, que v\u00e3o ser em S\u00e3o Paulo&#8221;, frisou.<\/p>\n<p><strong>Classifica\u00e7\u00e3o Geral:<\/strong><\/p>\n<p>1 &#8211; Par\u00e1: 34pts.<br \/>\n2 &#8211; Para\u00edba: 29pts.<br \/>\n3 &#8211; Pernambuco: 22 pts.<br \/>\n4 &#8211; Rio Grande do Norte: 20 pts.<br \/>\n5 &#8211; Sergipe: 20 pts.<br \/>\n6 &#8211; Maranh\u00e3o: 19 pts.<br \/>\n7 &#8211; Cear\u00e1: 18pts.<br \/>\n8 &#8211; Amap\u00e1: 11pts.<br \/>\n9 &#8211; Alagoas: 7 pts.<br \/>\n10 &#8211; Piau\u00ed: 3pts.<\/p>\n<p><strong>Medalhas da Para\u00edba:<\/strong><\/p>\n<p>&#8211; Atletismo: 60 ouros, 30 pratas e 15 bronzes<br \/>\n&#8211; Bocha: 9 ouros, 2 pratas e 1 bronze<br \/>\n&#8211; Nata\u00e7\u00e3o: 15 ouros, 9 pratas e 1 bronze.<\/p>\n<p>O post <a rel=\"nofollow noopener\" href=\"https:\/\/wscom.com.br\/paraiba-conquista-142-medalhas-e-termina-seletiva-norte-nordeste-das-paralimpiadas-escolares-na-segunda-colocacao-geral\/\" target=\"_blank\">Para\u00edba conquista 142 medalhas e termina Seletiva Norte\/Nordeste das Paralimp\u00edadas Escolares na segunda coloca\u00e7\u00e3o geral<\/a> apareceu primeiro em <a rel=\"nofollow noopener\" href=\"https:\/\/wscom.com.br\/\" target=\"_blank\">WSCOM<\/a>.<\/p>\n","protected":false},"excerpt":{"rendered":"<p>\u00a0 \u00a0 A delega\u00e7\u00e3o da Para\u00edba conquistou a incr\u00edvel marca de 142 medalhas na seletiva Norte\/Nordeste das Paralimp\u00edadas Escolares, evento organizado pelo Comit\u00ea Paral\u00edmpico Brasileiro (CPB), que foi encerrado nessa sexta-feira (11), em Bel\u00e9m (PA). Com o resultado final, o estado ficou como o melhor da regi\u00e3o Nordeste e na segunda coloca\u00e7\u00e3o no geral, atr\u00e1s [\u2026]<\/p>\n<p>O post <a rel=\"nofollow\" href=\"https:\/\/wscom.com.br\/paraiba-conquista-142-medalhas-e-termina-seletiva-norte-nordeste-das-paralimpiadas-escolares-na-segunda-colocacao-geral\/\">Para\u00edba conquista 142 medalhas e termina Seletiva Norte\/Nordeste das Paralimp\u00edadas Escolares na segunda coloca\u00e7\u00e3o geral<\/a> apareceu primeiro em <a rel=\"nofollow\" href=\"https:\/\/wscom.com.br\/\">WSCOM<\/a>.<\/p>\n","protected":false},"author":42,"featured_media":0,"comment_status":"closed","ping_status":"closed","sticky":false,"template":"","format":"standard","meta":{"advgb_blocks_editor_width":"","advgb_blocks_columns_visual_guide":"","footnotes":""},"categories":[207,34],"tags":[35],"class_list":["post-29463","post","type-post","status-publish","format-standard","hentry","category-esporte","category-g1","tag-g1"],"author_meta":{"display_name":"Rafael Andrade","author_link":"https:\/\/sindaopcpb.org.br\/author\/rafael-andrade\/"},"featured_img":null,"coauthors":[],"tax_additional":{"categories":{"linked":["<a href=\"https:\/\/sindaopcpb.org.br\/esporte\/\" class=\"advgb-post-tax-term\">Esporte<\/a>","<a href=\"https:\/\/sindaopcpb.org.br\/g1\/\" class=\"advgb-post-tax-term\">G1<\/a>"],"unlinked":["<span class=\"advgb-post-tax-term\">Esporte<\/span>","<span class=\"advgb-post-tax-term\">G1<\/span>"]},"tags":{"linked":["<a href=\"https:\/\/sindaopcpb.org.br\/g1\/\" class=\"advgb-post-tax-term\">g1<\/a>"],"unlinked":["<span class=\"advgb-post-tax-term\">g1<\/span>"]}},"comment_count":"0","relative_dates":{"created":"Publicado 3 anos atr\u00e1s","modified":"Atualizado 3 anos atr\u00e1s"},"absolute_dates":{"created":"Publicado em 12 de agosto de 2023","modified":"Atualizado em 12 de agosto de 2023"},"absolute_dates_time":{"created":"Publicado em 12 de agosto de 2023 17:25","modified":"Atualizado em 12 de agosto de 2023 17:25"},"featured_img_caption":"","series_order":"","_links":{"self":[{"href":"https:\/\/sindaopcpb.org.br\/index.php\/wp-json\/wp\/v2\/posts\/29463","targetHints":{"allow":["GET"]}}],"collection":[{"href":"https:\/\/sindaopcpb.org.br\/index.php\/wp-json\/wp\/v2\/posts"}],"about":[{"href":"https:\/\/sindaopcpb.org.br\/index.php\/wp-json\/wp\/v2\/types\/post"}],"author":[{"embeddable":true,"href":"https:\/\/sindaopcpb.org.br\/index.php\/wp-json\/wp\/v2\/users\/42"}],"replies":[{"embeddable":true,"href":"https:\/\/sindaopcpb.org.br\/index.php\/wp-json\/wp\/v2\/comments?post=29463"}],"version-history":[{"count":1,"href":"https:\/\/sindaopcpb.org.br\/index.php\/wp-json\/wp\/v2\/posts\/29463\/revisions"}],"predecessor-version":[{"id":29464,"href":"https:\/\/sindaopcpb.org.br\/index.php\/wp-json\/wp\/v2\/posts\/29463\/revisions\/29464"}],"wp:attachment":[{"href":"https:\/\/sindaopcpb.org.br\/index.php\/wp-json\/wp\/v2\/media?parent=29463"}],"wp:term":[{"taxonomy":"category","embeddable":true,"href":"https:\/\/sindaopcpb.org.br\/index.php\/wp-json\/wp\/v2\/categories?post=29463"},{"taxonomy":"post_tag","embeddable":true,"href":"https:\/\/sindaopcpb.org.br\/index.php\/wp-json\/wp\/v2\/tags?post=29463"}],"curies":[{"name":"wp","href":"https:\/\/api.w.org\/{rel}","templated":true}]}}