{"id":29455,"date":"2023-08-12T16:11:54","date_gmt":"2023-08-12T19:11:54","guid":{"rendered":"https:\/\/wpa.wscom.com.br\/?p=917332"},"modified":"2023-08-12T16:11:54","modified_gmt":"2023-08-12T19:11:54","slug":"pl-decide-pedir-ao-conselho-de-etica-da-camara-a-cassacao-do-mandato-da-deputada-samia-bomfim","status":"publish","type":"post","link":"https:\/\/sindaopcpb.org.br\/index.php\/2023\/08\/12\/pl-decide-pedir-ao-conselho-de-etica-da-camara-a-cassacao-do-mandato-da-deputada-samia-bomfim\/","title":{"rendered":"PL decide pedir ao Conselho de \u00c9tica da C\u00e2mara a cassa\u00e7\u00e3o do mandato da deputada S\u00e2mia Bomfim"},"content":{"rendered":"<p>&nbsp;<\/p>\n<p>&nbsp;<\/p>\n<p>O PL de Jair Bolsonaro e dos deputados Nikolas Ferreira e Carla Zambelli quer cassar o mandato de S\u00e2mia Bomfim (PSOL-SP). Nesta semana, um acordo entre parlamentares, incluindo o petista Washington Quaqu\u00e1, arquivou processo por quebra de decoro contra os dois deputados do PL.<\/p>\n<p>O PL entrou com representa\u00e7\u00e3o no Conselho de \u00c9tica contra S\u00e2mia, por ela ter interrompido General Gir\u00e3o (PL-RN) durante a pol\u00eamica sess\u00e3o da CPI do MST em que a mesma acusou de difama\u00e7\u00e3o o Coronel Zucco (Republicanos-RS).<\/p>\n<p>Diz a pe\u00e7a, segundo Lauro Jardim, de\u00a0O Globo:<\/p>\n<p>\u201cEspecificamente em rela\u00e7\u00e3o ao aspecto verbal de sua conduta, a representada proferiu uma s\u00e9rie de palavras desabonadoras caluniosas por exemplo: \u2018bandido\u2019, \u2018terrorista\u2019, \u2018fascista\u2019, \u2018golpista\u2019 contra o deputado Gir\u00e3o\u201d.<\/p>\n<p>At\u00e9 ent\u00e3o, Gir\u00e3o era pe\u00e7a lateral na pol\u00eamica entre deputados do PL e S\u00e2mia. O l\u00edder da tropa de choque \u00e9 o Coronel Zucco, que a atacou durante sess\u00e3o da CPI, em que perguntou se S\u00e2mia queria um \u201crem\u00e9dio\u201d ou um \u201chamb\u00farguer\u201d para se acalmar.<\/p>\n<p>Em publica\u00e7\u00e3o nas redes sociais, o deputado afirmou que tem sido alvo de ataques e provoca\u00e7\u00f5es baixas que citam o nome de seu irm\u00e3o, em tratamento quimioter\u00e1pico devido a um c\u00e2ncer.<\/p>\n<p>Nesta semana, S\u00e2mia acionou o STF contra Zucco por difama\u00e7\u00e3o.<\/p>\n<p>O post <a rel=\"nofollow noopener\" href=\"https:\/\/wscom.com.br\/pl-decide-pedir-ao-conselho-de-etica-da-camara-a-cassacao-do-mandato-da-deputada-samia-bomfim\/\" target=\"_blank\">PL decide pedir ao Conselho de \u00c9tica da C\u00e2mara a cassa\u00e7\u00e3o do mandato da deputada S\u00e2mia Bomfim<\/a> apareceu primeiro em <a rel=\"nofollow noopener\" href=\"https:\/\/wscom.com.br\/\" target=\"_blank\">WSCOM<\/a>.<\/p>\n","protected":false},"excerpt":{"rendered":"<p>\u00a0 \u00a0 O PL de Jair Bolsonaro e dos deputados Nikolas Ferreira e Carla Zambelli quer cassar o mandato de S\u00e2mia Bomfim (PSOL-SP). Nesta semana, um acordo entre parlamentares, incluindo o petista Washington Quaqu\u00e1, arquivou processo por quebra de decoro contra os dois deputados do PL. O PL entrou com representa\u00e7\u00e3o no Conselho de \u00c9tica [\u2026]<\/p>\n<p>O post <a rel=\"nofollow\" href=\"https:\/\/wscom.com.br\/pl-decide-pedir-ao-conselho-de-etica-da-camara-a-cassacao-do-mandato-da-deputada-samia-bomfim\/\">PL decide pedir ao Conselho de \u00c9tica da C\u00e2mara a cassa\u00e7\u00e3o do mandato da deputada S\u00e2mia Bomfim<\/a> apareceu primeiro em <a rel=\"nofollow\" href=\"https:\/\/wscom.com.br\/\">WSCOM<\/a>.<\/p>\n","protected":false},"author":42,"featured_media":0,"comment_status":"closed","ping_status":"closed","sticky":false,"template":"","format":"standard","meta":{"advgb_blocks_editor_width":"","advgb_blocks_columns_visual_guide":"","footnotes":""},"categories":[1807,3005,34,2728,510,47,7678],"tags":[35],"class_list":["post-29455","post","type-post","status-publish","format-standard","hentry","category-carla-zambelli","category-cassacao","category-g1","category-nikolas-ferreira","category-pl","category-politica","category-samia-bomfim","tag-g1"],"author_meta":{"display_name":"Rafael Andrade","author_link":"https:\/\/sindaopcpb.org.br\/author\/rafael-andrade\/"},"featured_img":null,"coauthors":[],"tax_additional":{"categories":{"linked":["<a href=\"https:\/\/sindaopcpb.org.br\/carla-zambelli\/\" class=\"advgb-post-tax-term\">carla zambelli<\/a>","<a href=\"https:\/\/sindaopcpb.org.br\/cassacao\/\" class=\"advgb-post-tax-term\">cassa\u00e7\u00e3o<\/a>","<a href=\"https:\/\/sindaopcpb.org.br\/g1\/\" class=\"advgb-post-tax-term\">G1<\/a>","<a href=\"https:\/\/sindaopcpb.org.br\/nikolas-ferreira\/\" class=\"advgb-post-tax-term\">Nikolas Ferreira<\/a>","<a href=\"https:\/\/sindaopcpb.org.br\/pl\/\" class=\"advgb-post-tax-term\">pl<\/a>","<a href=\"https:\/\/sindaopcpb.org.br\/politica\/\" class=\"advgb-post-tax-term\">POLITICA<\/a>","<a href=\"https:\/\/sindaopcpb.org.br\/samia-bomfim\/\" class=\"advgb-post-tax-term\">S\u00e2mia Bomfim<\/a>"],"unlinked":["<span class=\"advgb-post-tax-term\">carla zambelli<\/span>","<span class=\"advgb-post-tax-term\">cassa\u00e7\u00e3o<\/span>","<span class=\"advgb-post-tax-term\">G1<\/span>","<span class=\"advgb-post-tax-term\">Nikolas Ferreira<\/span>","<span class=\"advgb-post-tax-term\">pl<\/span>","<span class=\"advgb-post-tax-term\">POLITICA<\/span>","<span class=\"advgb-post-tax-term\">S\u00e2mia Bomfim<\/span>"]},"tags":{"linked":["<a href=\"https:\/\/sindaopcpb.org.br\/samia-bomfim\/\" class=\"advgb-post-tax-term\">g1<\/a>"],"unlinked":["<span class=\"advgb-post-tax-term\">g1<\/span>"]}},"comment_count":"0","relative_dates":{"created":"Publicado 3 anos atr\u00e1s","modified":"Atualizado 3 anos atr\u00e1s"},"absolute_dates":{"created":"Publicado em 12 de agosto de 2023","modified":"Atualizado em 12 de agosto de 2023"},"absolute_dates_time":{"created":"Publicado em 12 de agosto de 2023 16:11","modified":"Atualizado em 12 de agosto de 2023 16:11"},"featured_img_caption":"","series_order":"","_links":{"self":[{"href":"https:\/\/sindaopcpb.org.br\/index.php\/wp-json\/wp\/v2\/posts\/29455","targetHints":{"allow":["GET"]}}],"collection":[{"href":"https:\/\/sindaopcpb.org.br\/index.php\/wp-json\/wp\/v2\/posts"}],"about":[{"href":"https:\/\/sindaopcpb.org.br\/index.php\/wp-json\/wp\/v2\/types\/post"}],"author":[{"embeddable":true,"href":"https:\/\/sindaopcpb.org.br\/index.php\/wp-json\/wp\/v2\/users\/42"}],"replies":[{"embeddable":true,"href":"https:\/\/sindaopcpb.org.br\/index.php\/wp-json\/wp\/v2\/comments?post=29455"}],"version-history":[{"count":1,"href":"https:\/\/sindaopcpb.org.br\/index.php\/wp-json\/wp\/v2\/posts\/29455\/revisions"}],"predecessor-version":[{"id":29456,"href":"https:\/\/sindaopcpb.org.br\/index.php\/wp-json\/wp\/v2\/posts\/29455\/revisions\/29456"}],"wp:attachment":[{"href":"https:\/\/sindaopcpb.org.br\/index.php\/wp-json\/wp\/v2\/media?parent=29455"}],"wp:term":[{"taxonomy":"category","embeddable":true,"href":"https:\/\/sindaopcpb.org.br\/index.php\/wp-json\/wp\/v2\/categories?post=29455"},{"taxonomy":"post_tag","embeddable":true,"href":"https:\/\/sindaopcpb.org.br\/index.php\/wp-json\/wp\/v2\/tags?post=29455"}],"curies":[{"name":"wp","href":"https:\/\/api.w.org\/{rel}","templated":true}]}}