{"id":29411,"date":"2023-08-12T08:55:28","date_gmt":"2023-08-12T11:55:28","guid":{"rendered":"https:\/\/www.infomoney.com.br\/?p=2214363"},"modified":"2023-08-12T08:55:28","modified_gmt":"2023-08-12T11:55:28","slug":"empresas-devem-formar-consorcios-para-obras-do-pac-diz-ministro","status":"publish","type":"post","link":"https:\/\/sindaopcpb.org.br\/index.php\/2023\/08\/12\/empresas-devem-formar-consorcios-para-obras-do-pac-diz-ministro\/","title":{"rendered":"Empresas devem formar cons\u00f3rcios para obras do PAC, diz ministro"},"content":{"rendered":"<p><img loading=\"lazy\" width=\"300\" height=\"225\" src=\"https:\/\/www.infomoney.com.br\/wp-content\/uploads\/2023\/01\/rui_costa_fcpzzb_abr_0601233611.jpg?fit=300%2C225&amp;quality=70&amp;strip=all\" class=\"attachment-medium size-medium wp-post-image\" alt=\"\" decoding=\"async\" style=\"float:right; margin:0 0 10px 10px;\" srcset=\"https:\/\/www.infomoney.com.br\/wp-content\/uploads\/2023\/01\/rui_costa_fcpzzb_abr_0601233611.jpg?w=1024&amp;quality=70&amp;strip=all 1024w, https:\/\/www.infomoney.com.br\/wp-content\/uploads\/2023\/01\/rui_costa_fcpzzb_abr_0601233611.jpg?w=300&amp;quality=70&amp;strip=all 300w, https:\/\/www.infomoney.com.br\/wp-content\/uploads\/2023\/01\/rui_costa_fcpzzb_abr_0601233611.jpg?w=768&amp;quality=70&amp;strip=all 768w, https:\/\/www.infomoney.com.br\/wp-content\/uploads\/2023\/01\/rui_costa_fcpzzb_abr_0601233611.jpg?w=150&amp;quality=70&amp;strip=all 150w\" sizes=\"auto, (max-width: 300px) 100vw, 300px\" data-attachment-id=\"2024752\" data-permalink=\"https:\/\/www.infomoney.com.br\/politica\/ministro-do-trabalho-vai-convocar-pronunciamento-sobre-salario-minimo-diz-rui-costa\/attachment\/ministro-da-casa-civil-rui-costa-fala-a-imprensa-apos-reuniao-ministerial\/\" data-orig-file=\"https:\/\/www.infomoney.com.br\/wp-content\/uploads\/2023\/01\/rui_costa_fcpzzb_abr_0601233611.jpg?fit=1024%2C768&amp;quality=70&amp;strip=all\" data-orig-size=\"1024,768\" data-comments-opened=\"0\" data-image-meta=\"{&quot;aperture&quot;:&quot;3.5&quot;,&quot;credit&quot;:&quot;Fabio Rodrigues-Pozzebom\\\/ Ag\\u00eancia Brasil&quot;,&quot;camera&quot;:&quot;Canon EOS 7D Mark II&quot;,&quot;caption&quot;:&quot;Ministro da Casa Civil, Rui Costa, fala \\u00e0 imprensa ap\\u00f3s reuni\\u00e3o ministerial&quot;,&quot;created_timestamp&quot;:&quot;1673016449&quot;,&quot;copyright&quot;:&quot;Ag\\u00eancia Brasil\\\/EBC&quot;,&quot;focal_length&quot;:&quot;200&quot;,&quot;iso&quot;:&quot;800&quot;,&quot;shutter_speed&quot;:&quot;0.005&quot;,&quot;title&quot;:&quot;Ministro da Casa Civil, Rui Costa, fala \\u00e0 imprensa ap\\u00f3s reuni\\u00e3o ministerial&quot;,&quot;orientation&quot;:&quot;1&quot;}\" data-image-title=\"Rui Costa\" data-image-description=\"\" data-image-caption=\"&lt;p&gt;O ministro da Casa Civil, Rui Costa (PT), fala \u00e0 imprensa ap\u00f3s reuni\u00e3o ministerial (Foto: Fabio Rodrigues-Pozzebom\/ Ag\u00eancia Brasil)&lt;\/p&gt;\n\" data-medium-file=\"https:\/\/www.infomoney.com.br\/wp-content\/uploads\/2023\/01\/rui_costa_fcpzzb_abr_0601233611.jpg?fit=300%2C225&amp;quality=70&amp;strip=all\" data-large-file=\"https:\/\/www.infomoney.com.br\/wp-content\/uploads\/2023\/01\/rui_costa_fcpzzb_abr_0601233611.jpg?fit=1024%2C768&amp;quality=70&amp;strip=all\" title=\"\"><\/p>\n<p>O ministro-chefe da Casa Civil, Rui Costa, afirmou, nesta sexta-feira (11), que as empresas brasileiras devem formar cons&oacute;rcios para atuar nas obras do novo Programa de Acelera&ccedil;&atilde;o de Investimentos (PAC). O programa foi lan&ccedil;ado hoje, no Theatro Municipal do Rio de Janeiro, no centro da capital fluminense.<\/p>\n<p>&ldquo;As empresas, isoladamente, n&atilde;o t&ecirc;m tido capacidade de disputar grandes obras. O movimento que elas fizeram, e &eacute; um movimento acertado, &eacute; que t&ecirc;m formado cons&oacute;rcios para disputar grandes obras nos estados e mesmo obras federais, seja atrav&eacute;s de uma concess&atilde;o ou PPP [parcerias p&uacute;blico-privadas], seja de uma licita&ccedil;&atilde;o direta. &Eacute; o que acredito que acontecer&aacute; no PAC, a forma&ccedil;&atilde;o de cons&oacute;rcios de duas ou mais empresas para disputar as licita&ccedil;&otilde;es. Isso j&aacute; est&aacute; ocorrendo e vai se intensificar&rdquo;, disse Costa.<\/p>\n<div class=\"cta-middle\">\n<div class=\"im-cta bg-light bg-opacity-25 border rounded-4 p-3 p-sm-4 p-md-3 p-lg-4 px-xxl-5 my-5\" >\n<div class=\"d-flex flex-column align-items-center align-items-lg-start mb-4 flex-lg-row\">\n<div class=\"rounded-circle mb-2 mb-lg-0 mr-lg-4 me-lg-4 p-3 p-lg-4 bg-indigo-400\"><svg width=\"40\" height=\"40\" viewBox=\"0 0 40 40\" fill=\"none\" xmlns=\"http:\/\/www.w3.org\/2000\/svg\"><path d=\"m18.125 29.917-5.25-5.209 1.333-1.291 3.917 3.833 7.5-7.542 1.333 1.375-8.833 8.834ZM8.25 35.833a2.328 2.328 0 0 1-1.708-.708 2.328 2.328 0 0 1-.709-1.708V9.292c0-.64.236-1.202.709-1.688a2.295 2.295 0 0 1 1.708-.73h3.083V3.959h2.084v2.917h13.25V3.958h2.041v2.917h3.042c.667 0 1.236.243 1.708.73.473.485.709 1.048.709 1.687v24.125c0 .666-.236 1.236-.709 1.708a2.328 2.328 0 0 1-1.708.708H8.25Zm0-1.875h23.5a.518.518 0 0 0 .375-.166.518.518 0 0 0 .167-.375V16.875H7.708v16.542c0 .139.056.264.167.375a.518.518 0 0 0 .375.166ZM7.708 15h24.584V9.292a.454.454 0 0 0-.167-.355.555.555 0 0 0-.375-.145H8.25a.555.555 0 0 0-.375.145.454.454 0 0 0-.167.355V15Z\" fill=\"#fff\"\/><\/svg><\/div>\n<div class=\"flex-fill text-center text-lg-left\">\n<div class=\"h6 small text-orange-700 lh-base mb-1\">Cupom exclusivo InfoMoney<\/div>\n<div class=\"text-body h4 m-0\">Expert XP 2023<\/div>\n<div class=\"text-body small lh-base mt-2\">Garanta 5% de desconto no seu ingresso da Expert XP 2023. Cadastre-se e receba o seu cupom<\/div>\n<\/div>\n<\/div>\n<div class=\"im-shortcode-forms-v2\" data-component-type=\"multiformBootstrapV2\" data-configuracao='{\"id\":\"2212853\",\"optimize_id\":\"\",\"nome\":false,\"titulo\":\"Expert XP 2023\",\"icone\":\"event\",\"chapeu\":\"Cupom exclusivo InfoMoney\",\"email\":true,\"telefone\":false,\"cpf\":false,\"campanha\":\"EXPERT\",\"LancamentoID\":\"168\",\"thankYouUrl\":\"\",\"idJorney\":\"APIEvent-51a92df5-115a-a137-daa4-cb46448cef77\",\"idDE\":\"\",\"botaoLabel\":\"Quero receber\",\"contextSegment\":\"Newsletter\",\"urlOrigem\":\"https:\\\/\\\/www.infomoney.com.br\\\/politica\\\/empresas-devem-formar-consorcios-para-obras-do-pac-diz-ministro\\\/?utm_medium=materia&#038;utm_source=infomoney&#038;utm_campaign=EXPERT&#038;utm_term=politica&#038;utm_content=serie-aquisicao\",\"openBlank\":true,\"gaPosition\":\"meio\",\"gaCategory\":\"cta_form\",\"useCaptacaoLead\":true,\"dataUTM\":{\"utmMedium\":\"materia\",\"utmSource\":\"infomoney\",\"utmCampaign\":\"EXPERT\",\"utmTerm\":\"politica\",\"utmContent\":\"serie-aquisicao\"}}'><\/div>\n<\/p><\/div>\n<\/div>\n<p>De acordo com o ministro, no primeiro ciclo do novo PAC, deve ser formado um grande n&uacute;mero de cons&oacute;rcios para as obras do programa. O segundo ciclo ser&aacute; de licita&ccedil;&otilde;es, em que muitas das empresas retomam sua musculatura financeira ou a credibilidade no mercado para contrair empr&eacute;stimos e sustentar as obras sozinhas. &ldquo;Acredito que teremos uma primeira etapa de reabilita&ccedil;&atilde;o dessas empresas e uma segunda etapa que, uma vez reabilitadas, elas disputar&atilde;o sozinhas&rdquo;, completou.<\/p>\n<p>Durante a cerim&ocirc;nia, Costa disse que o novo PAC se diferencia das duas edi&ccedil;&otilde;es anteriores por promover, induzir e apoiar as PPPs. Segundo o ministro, as op&ccedil;&otilde;es priorit&aacute;rias dos projetos ser&atilde;o concess&otilde;es e PPPs &ldquo;para que os recursos do Or&ccedil;amento da Uni&atilde;o sobrem para projetos que n&atilde;o tenham viabilidade para PPP ou concess&atilde;o, mas que s&atilde;o extremamente importantes para a popula&ccedil;&atilde;o&rdquo;.<\/p>\n<p>Do total de recursos para o novo PAC, R$ 371 bilh&otilde;es vir&atilde;o do Or&ccedil;amento Geral da Uni&atilde;o. O setor privado entrar&aacute; com R$ 612 bilh&otilde;es, e as empresas estatais v&atilde;o aportar R$ 343 bilh&otilde;es, especialmente a Petrobras. Mais R$ 362 bilh&otilde;es vir&atilde;o de financiamentos. A previs&atilde;o &eacute; que R$ 1,4 trilh&atilde;o sejam aplicados at&eacute; 2026 e o restante ap&oacute;s essa data.<\/p>\n<\/p>\n<div class=\"cta-end\">\n<div class=\"im-cta\" >\n<div class=\"im-shortcode-forms bg-light bg-opacity-25 border rounded-4 p-3 p-sm-4 p-md-3 p-lg-4 px-xxl-5 my-5\" data-configuration='{\"form_name\":false,\"form_hat\":\"Newsletter\",\"form_email\":true,\"form_icon\":\"newsletter\",\"form_phone\":false,\"form_campaign\":\"NIM\",\"form_thankyou\":\"\",\"form_journey\":\"APIEvent-26a5198d-8e09-06ef-5f80-cd9127757ad1\",\"form_button\":\"Quero receber\",\"form_context\":\"newsletter\",\"form_origin\":\"https:\\\/\\\/www.infomoney.com.br\\\/politica\\\/feed\\\/?utm_medium=materia&#038;utm_source=infomoney&#038;utm_campaign=NIM&#038;utm_term=politica&#038;utm_content=newsletter\",\"form_position\":\"final\",\"form_category\":\"cta_form\"}'>\n<div class=\"d-flex flex-column align-items-center align-items-lg-start mb-4 flex-lg-row\">\n<div class=\"rounded-circle mb-2 mb-lg-0 mr-lg-4 me-lg-4 p-3 p-lg-4 bg-blue-400\"><svg width=\"40\" height=\"40\" viewBox=\"0 0 40 40\" fill=\"none\" xmlns=\"http:\/\/www.w3.org\/2000\/svg\"><path d=\"M20 20.25 6.042 11.042v19.041c0 .167.048.299.146.396a.535.535 0 0 0 .395.146h15.792V32.5H6.583a2.328 2.328 0 0 1-1.708-.708 2.328 2.328 0 0 1-.708-1.709V9.917c0-.667.236-1.236.708-1.709A2.328 2.328 0 0 1 6.583 7.5h26.834c.666 0 1.236.236 1.708.708a2.33 2.33 0 0 1 .708 1.709v12.458h-1.875V11.042L20 20.25Zm0-2 13.667-8.875H6.333L20 18.25Zm11.75 18.958-1.292-1.333 3.334-3.375h-9v-1.875h9l-3.375-3.417 1.333-1.291 5.667 5.625-5.667 5.666ZM6.042 11.042v20.791-9.458.25-13.25 1.667Z\" fill=\"#fff\"\/><\/svg><\/div>\n<div class=\"flex-fill text-center text-lg-left\">\n<div class=\"h6 small text-orange-700 lh-base mb-1\">Newsletter<\/div>\n<div class=\"text-body h4 m-0\">Infomorning<\/div>\n<div class=\"text-body small lh-base mt-2\">Receba no seu e-mail logo pela manh&atilde; as not&iacute;cias que v&atilde;o mexer com os mercados, com os seus investimentos e o seu bolso durante o dia<\/div>\n<\/div>\n<\/div>\n<\/div>\n<\/div>\n<\/div>\n<p>The post <a rel=\"nofollow noopener\" href=\"https:\/\/www.infomoney.com.br\/politica\/empresas-devem-formar-consorcios-para-obras-do-pac-diz-ministro\/\" target=\"_blank\">Empresas devem formar cons\u00f3rcios para obras do PAC, diz ministro<\/a> appeared first on <a rel=\"nofollow noopener\" href=\"https:\/\/www.infomoney.com.br\/\" target=\"_blank\">InfoMoney<\/a>.<\/p>\n","protected":false},"excerpt":{"rendered":"<p><img loading=\"lazy\" decoding=\"async\" width=\"300\" height=\"225\" src=\"https:\/\/www.infomoney.com.br\/wp-content\/uploads\/2023\/01\/rui_costa_fcpzzb_abr_0601233611.jpg?fit=300%2C225&amp;quality=70&amp;strip=all\" class=\"attachment-medium size-medium wp-post-image\" alt=\"\" data-attachment-id=\"2024752\" data-permalink=\"https:\/\/www.infomoney.com.br\/politica\/ministro-do-trabalho-vai-convocar-pronunciamento-sobre-salario-minimo-diz-rui-costa\/attachment\/ministro-da-casa-civil-rui-costa-fala-a-imprensa-apos-reuniao-ministerial\/\" data-orig-file=\"https:\/\/www.infomoney.com.br\/wp-content\/uploads\/2023\/01\/rui_costa_fcpzzb_abr_0601233611.jpg?fit=1024%2C768&amp;quality=70&amp;strip=all\" data-orig-size=\"1024,768\" data-comments-opened=\"0\" data-image-meta='{\"aperture\":\"3.5\",\"credit\":\"Fabio Rodrigues-Pozzebom\\\/ Ag\\u00eancia Brasil\",\"camera\":\"Canon EOS 7D Mark II\",\"caption\":\"Ministro da Casa Civil, Rui Costa, fala \\u00e0 imprensa ap\\u00f3s reuni\\u00e3o ministerial\",\"created_timestamp\":\"1673016449\",\"copyright\":\"Ag\\u00eancia Brasil\\\/EBC\",\"focal_length\":\"200\",\"iso\":\"800\",\"shutter_speed\":\"0.005\",\"title\":\"Ministro da Casa Civil, Rui Costa, fala \\u00e0 imprensa ap\\u00f3s reuni\\u00e3o ministerial\",\"orientation\":\"1\"}' data-image-title=\"Rui Costa\" data-image-description=\"\" data-image-caption=\"&lt;p&gt;O ministro da Casa Civil, Rui Costa (PT), fala \u00e0 imprensa ap\u00f3s reuni\u00e3o ministerial (Foto: Fabio Rodrigues-Pozzebom\/ Ag\u00eancia Brasil)&lt;\/p&gt;\n\" data-medium-file=\"https:\/\/www.infomoney.com.br\/wp-content\/uploads\/2023\/01\/rui_costa_fcpzzb_abr_0601233611.jpg?fit=300%2C225&amp;quality=70&amp;strip=all\" data-large-file=\"https:\/\/www.infomoney.com.br\/wp-content\/uploads\/2023\/01\/rui_costa_fcpzzb_abr_0601233611.jpg?fit=1024%2C768&amp;quality=70&amp;strip=all\">Novo programa se diferencia das edi\u00e7\u00f5es anteriores pelo apoio \u00e0s PPPs<\/p>\n<p>The post <a rel=\"nofollow\" href=\"https:\/\/www.infomoney.com.br\/politica\/empresas-devem-formar-consorcios-para-obras-do-pac-diz-ministro\/\">Empresas devem formar cons\u00f3rcios para obras do PAC, diz ministro<\/a> appeared first on <a rel=\"nofollow\" href=\"https:\/\/www.infomoney.com.br\/\">InfoMoney<\/a>.<\/p>\n","protected":false},"author":44,"featured_media":0,"comment_status":"closed","ping_status":"closed","sticky":false,"template":"","format":"standard","meta":{"advgb_blocks_editor_width":"","advgb_blocks_columns_visual_guide":"","footnotes":""},"categories":[34,260,343,47,5738,573],"tags":[35],"class_list":["post-29411","post","type-post","status-publish","format-standard","hentry","category-g1","category-governo","category-pac","category-politica","category-programa-de-aceleracao-do-crescimento","category-rui-costa","tag-g1"],"author_meta":{"display_name":"Ag\u00eancia Brasil","author_link":"https:\/\/sindaopcpb.org.br\/author\/agencia-brasil\/"},"featured_img":null,"coauthors":[],"tax_additional":{"categories":{"linked":["<a href=\"https:\/\/sindaopcpb.org.br\/g1\/\" class=\"advgb-post-tax-term\">G1<\/a>","<a href=\"https:\/\/sindaopcpb.org.br\/governo\/\" class=\"advgb-post-tax-term\">Governo<\/a>","<a href=\"https:\/\/sindaopcpb.org.br\/pac\/\" class=\"advgb-post-tax-term\">pac<\/a>","<a href=\"https:\/\/sindaopcpb.org.br\/politica\/\" class=\"advgb-post-tax-term\">POLITICA<\/a>","<a href=\"https:\/\/sindaopcpb.org.br\/programa-de-aceleracao-do-crescimento\/\" class=\"advgb-post-tax-term\">Programa de Acelera\u00e7\u00e3o do Crescimento<\/a>","<a href=\"https:\/\/sindaopcpb.org.br\/rui-costa\/\" class=\"advgb-post-tax-term\">Rui Costa<\/a>"],"unlinked":["<span class=\"advgb-post-tax-term\">G1<\/span>","<span class=\"advgb-post-tax-term\">Governo<\/span>","<span class=\"advgb-post-tax-term\">pac<\/span>","<span class=\"advgb-post-tax-term\">POLITICA<\/span>","<span class=\"advgb-post-tax-term\">Programa de Acelera\u00e7\u00e3o do Crescimento<\/span>","<span class=\"advgb-post-tax-term\">Rui Costa<\/span>"]},"tags":{"linked":["<a href=\"https:\/\/sindaopcpb.org.br\/rui-costa\/\" class=\"advgb-post-tax-term\">g1<\/a>"],"unlinked":["<span class=\"advgb-post-tax-term\">g1<\/span>"]}},"comment_count":"0","relative_dates":{"created":"Publicado 3 anos atr\u00e1s","modified":"Atualizado 3 anos atr\u00e1s"},"absolute_dates":{"created":"Publicado em 12 de agosto de 2023","modified":"Atualizado em 12 de agosto de 2023"},"absolute_dates_time":{"created":"Publicado em 12 de agosto de 2023 08:55","modified":"Atualizado em 12 de agosto de 2023 08:55"},"featured_img_caption":"","series_order":"","_links":{"self":[{"href":"https:\/\/sindaopcpb.org.br\/index.php\/wp-json\/wp\/v2\/posts\/29411","targetHints":{"allow":["GET"]}}],"collection":[{"href":"https:\/\/sindaopcpb.org.br\/index.php\/wp-json\/wp\/v2\/posts"}],"about":[{"href":"https:\/\/sindaopcpb.org.br\/index.php\/wp-json\/wp\/v2\/types\/post"}],"author":[{"embeddable":true,"href":"https:\/\/sindaopcpb.org.br\/index.php\/wp-json\/wp\/v2\/users\/44"}],"replies":[{"embeddable":true,"href":"https:\/\/sindaopcpb.org.br\/index.php\/wp-json\/wp\/v2\/comments?post=29411"}],"version-history":[{"count":1,"href":"https:\/\/sindaopcpb.org.br\/index.php\/wp-json\/wp\/v2\/posts\/29411\/revisions"}],"predecessor-version":[{"id":29412,"href":"https:\/\/sindaopcpb.org.br\/index.php\/wp-json\/wp\/v2\/posts\/29411\/revisions\/29412"}],"wp:attachment":[{"href":"https:\/\/sindaopcpb.org.br\/index.php\/wp-json\/wp\/v2\/media?parent=29411"}],"wp:term":[{"taxonomy":"category","embeddable":true,"href":"https:\/\/sindaopcpb.org.br\/index.php\/wp-json\/wp\/v2\/categories?post=29411"},{"taxonomy":"post_tag","embeddable":true,"href":"https:\/\/sindaopcpb.org.br\/index.php\/wp-json\/wp\/v2\/tags?post=29411"}],"curies":[{"name":"wp","href":"https:\/\/api.w.org\/{rel}","templated":true}]}}