{"id":29397,"date":"2023-08-12T08:21:25","date_gmt":"2023-08-12T11:21:25","guid":{"rendered":"https:\/\/wpa.wscom.com.br\/?p=917261"},"modified":"2023-08-12T08:21:25","modified_gmt":"2023-08-12T11:21:25","slug":"ws-pac-mantem-pacto-federativo-mas-proporcao-estadual-expoe-sudeste-na-lideranca","status":"publish","type":"post","link":"https:\/\/sindaopcpb.org.br\/index.php\/2023\/08\/12\/ws-pac-mantem-pacto-federativo-mas-proporcao-estadual-expoe-sudeste-na-lideranca\/","title":{"rendered":"WS: PAC mant\u00e9m Pacto Federativo, mas propor\u00e7\u00e3o estadual exp\u00f5e Sudeste na lideran\u00e7a"},"content":{"rendered":"<p>O post <a rel=\"nofollow noopener\" href=\"https:\/\/wscom.com.br\/ws-pac-mantem-pacto-federativo-mas-proporcao-estadual-expoe-sudeste-na-lideranca\/\" target=\"_blank\">WS: PAC mant\u00e9m Pacto Federativo, mas propor\u00e7\u00e3o estadual exp\u00f5e Sudeste na lideran\u00e7a<\/a> apareceu primeiro em <a rel=\"nofollow noopener\" href=\"https:\/\/wscom.com.br\/\" target=\"_blank\">WSCOM<\/a>.<\/p>\n","protected":false},"excerpt":{"rendered":"<p>O post WS: PAC mant\u00e9m Pacto Federativo, mas propor\u00e7\u00e3o estadual exp\u00f5e Sudeste na lideran\u00e7a apareceu primeiro em WSCOM.<\/p>\n","protected":false},"author":42,"featured_media":0,"comment_status":"closed","ping_status":"closed","sticky":false,"template":"","format":"standard","meta":{"advgb_blocks_editor_width":"","advgb_blocks_columns_visual_guide":"","footnotes":""},"categories":[115,34],"tags":[35],"class_list":["post-29397","post","type-post","status-publish","format-standard","hentry","category-brasil","category-g1","tag-g1"],"author_meta":{"display_name":"Rafael Andrade","author_link":"https:\/\/sindaopcpb.org.br\/author\/rafael-andrade\/"},"featured_img":null,"coauthors":[],"tax_additional":{"categories":{"linked":["<a href=\"https:\/\/sindaopcpb.org.br\/brasil\/\" class=\"advgb-post-tax-term\">Brasil<\/a>","<a href=\"https:\/\/sindaopcpb.org.br\/g1\/\" class=\"advgb-post-tax-term\">G1<\/a>"],"unlinked":["<span class=\"advgb-post-tax-term\">Brasil<\/span>","<span class=\"advgb-post-tax-term\">G1<\/span>"]},"tags":{"linked":["<a href=\"https:\/\/sindaopcpb.org.br\/g1\/\" class=\"advgb-post-tax-term\">g1<\/a>"],"unlinked":["<span class=\"advgb-post-tax-term\">g1<\/span>"]}},"comment_count":"0","relative_dates":{"created":"Publicado 3 anos atr\u00e1s","modified":"Atualizado 3 anos atr\u00e1s"},"absolute_dates":{"created":"Publicado em 12 de agosto de 2023","modified":"Atualizado em 12 de agosto de 2023"},"absolute_dates_time":{"created":"Publicado em 12 de agosto de 2023 08:21","modified":"Atualizado em 12 de agosto de 2023 08:21"},"featured_img_caption":"","series_order":"","_links":{"self":[{"href":"https:\/\/sindaopcpb.org.br\/index.php\/wp-json\/wp\/v2\/posts\/29397","targetHints":{"allow":["GET"]}}],"collection":[{"href":"https:\/\/sindaopcpb.org.br\/index.php\/wp-json\/wp\/v2\/posts"}],"about":[{"href":"https:\/\/sindaopcpb.org.br\/index.php\/wp-json\/wp\/v2\/types\/post"}],"author":[{"embeddable":true,"href":"https:\/\/sindaopcpb.org.br\/index.php\/wp-json\/wp\/v2\/users\/42"}],"replies":[{"embeddable":true,"href":"https:\/\/sindaopcpb.org.br\/index.php\/wp-json\/wp\/v2\/comments?post=29397"}],"version-history":[{"count":1,"href":"https:\/\/sindaopcpb.org.br\/index.php\/wp-json\/wp\/v2\/posts\/29397\/revisions"}],"predecessor-version":[{"id":29398,"href":"https:\/\/sindaopcpb.org.br\/index.php\/wp-json\/wp\/v2\/posts\/29397\/revisions\/29398"}],"wp:attachment":[{"href":"https:\/\/sindaopcpb.org.br\/index.php\/wp-json\/wp\/v2\/media?parent=29397"}],"wp:term":[{"taxonomy":"category","embeddable":true,"href":"https:\/\/sindaopcpb.org.br\/index.php\/wp-json\/wp\/v2\/categories?post=29397"},{"taxonomy":"post_tag","embeddable":true,"href":"https:\/\/sindaopcpb.org.br\/index.php\/wp-json\/wp\/v2\/tags?post=29397"}],"curies":[{"name":"wp","href":"https:\/\/api.w.org\/{rel}","templated":true}]}}