{"id":29395,"date":"2023-08-12T08:42:13","date_gmt":"2023-08-12T11:42:13","guid":{"rendered":"https:\/\/wpa.wscom.com.br\/?p=917264"},"modified":"2023-08-12T08:42:13","modified_gmt":"2023-08-12T11:42:13","slug":"homem-e-achado-morto-em-rio-entre-joao-pessoa-e-bayeux","status":"publish","type":"post","link":"https:\/\/sindaopcpb.org.br\/index.php\/2023\/08\/12\/homem-e-achado-morto-em-rio-entre-joao-pessoa-e-bayeux\/","title":{"rendered":"Homem \u00e9 achado morto em rio entre Jo\u00e3o Pessoa e Bayeux"},"content":{"rendered":"<p>&nbsp;<\/p>\n<p>&nbsp;<\/p>\n<p>O corpo de um homem foi encontrado na manh\u00e3 deste s\u00e1bado (12) boiando em um rio no bairro da Ilha do Bispo, em Jo\u00e3o Pessoa, pr\u00f3ximo do munic\u00edpio de Bayeux. O homem foi avistado por pescadores da regi\u00e3o que acionaram a pol\u00edcia para fazer a retirada do corpo.<\/p>\n<p>De acordo com as primeiras informa\u00e7\u00f5es, o corpo seria de um jovem que estava desaparecido e teria sido assassinado a tiros na noite desta sexta-feira (11), na ponte do Baralho.<\/p>\n<p>O corpo retirado ap\u00f3s a chegada de equipe dos Bombeiros.<\/p>\n<p>O post <a rel=\"nofollow noopener\" href=\"https:\/\/wscom.com.br\/homem-e-achado-morto-em-rio-entre-joao-pessoa-e-bayeux\/\" target=\"_blank\">Homem \u00e9 achado morto em rio entre Jo\u00e3o Pessoa e Bayeux<\/a> apareceu primeiro em <a rel=\"nofollow noopener\" href=\"https:\/\/wscom.com.br\/\" target=\"_blank\">WSCOM<\/a>.<\/p>\n","protected":false},"excerpt":{"rendered":"<p>\u00a0 \u00a0 O corpo de um homem foi encontrado na manh\u00e3 deste s\u00e1bado (12) boiando em um rio no bairro da Ilha do Bispo, em Jo\u00e3o Pessoa, pr\u00f3ximo do munic\u00edpio de Bayeux. O homem foi avistado por pescadores da regi\u00e3o que acionaram a pol\u00edcia para fazer a retirada do corpo. De acordo com as primeiras [\u2026]<\/p>\n<p>O post <a rel=\"nofollow\" href=\"https:\/\/wscom.com.br\/homem-e-achado-morto-em-rio-entre-joao-pessoa-e-bayeux\/\">Homem \u00e9 achado morto em rio entre Jo\u00e3o Pessoa e Bayeux<\/a> apareceu primeiro em <a rel=\"nofollow\" href=\"https:\/\/wscom.com.br\/\">WSCOM<\/a>.<\/p>\n","protected":false},"author":42,"featured_media":0,"comment_status":"closed","ping_status":"closed","sticky":false,"template":"","format":"standard","meta":{"advgb_blocks_editor_width":"","advgb_blocks_columns_visual_guide":"","footnotes":""},"categories":[7666,34,7667,71,54,4325],"tags":[35],"class_list":["post-29395","post","type-post","status-publish","format-standard","hentry","category-corpo-de-homem","category-g1","category-ilha-do-bispo","category-joao-pessoa","category-paraiba","category-rio","tag-g1"],"author_meta":{"display_name":"Rafael Andrade","author_link":"https:\/\/sindaopcpb.org.br\/author\/rafael-andrade\/"},"featured_img":null,"coauthors":[],"tax_additional":{"categories":{"linked":["<a href=\"https:\/\/sindaopcpb.org.br\/corpo-de-homem\/\" class=\"advgb-post-tax-term\">corpo de homem<\/a>","<a href=\"https:\/\/sindaopcpb.org.br\/g1\/\" class=\"advgb-post-tax-term\">G1<\/a>","<a href=\"https:\/\/sindaopcpb.org.br\/ilha-do-bispo\/\" class=\"advgb-post-tax-term\">ilha do bispo<\/a>","<a href=\"https:\/\/sindaopcpb.org.br\/joao-pessoa\/\" class=\"advgb-post-tax-term\">Jo\u00e3o Pessoa<\/a>","<a href=\"https:\/\/sindaopcpb.org.br\/paraiba\/\" class=\"advgb-post-tax-term\">Para\u00edba<\/a>","<a href=\"https:\/\/sindaopcpb.org.br\/rio\/\" class=\"advgb-post-tax-term\">Rio<\/a>"],"unlinked":["<span class=\"advgb-post-tax-term\">corpo de homem<\/span>","<span class=\"advgb-post-tax-term\">G1<\/span>","<span class=\"advgb-post-tax-term\">ilha do bispo<\/span>","<span class=\"advgb-post-tax-term\">Jo\u00e3o Pessoa<\/span>","<span class=\"advgb-post-tax-term\">Para\u00edba<\/span>","<span class=\"advgb-post-tax-term\">Rio<\/span>"]},"tags":{"linked":["<a href=\"https:\/\/sindaopcpb.org.br\/rio\/\" class=\"advgb-post-tax-term\">g1<\/a>"],"unlinked":["<span class=\"advgb-post-tax-term\">g1<\/span>"]}},"comment_count":"0","relative_dates":{"created":"Publicado 3 anos atr\u00e1s","modified":"Atualizado 3 anos atr\u00e1s"},"absolute_dates":{"created":"Publicado em 12 de agosto de 2023","modified":"Atualizado em 12 de agosto de 2023"},"absolute_dates_time":{"created":"Publicado em 12 de agosto de 2023 08:42","modified":"Atualizado em 12 de agosto de 2023 08:42"},"featured_img_caption":"","series_order":"","_links":{"self":[{"href":"https:\/\/sindaopcpb.org.br\/index.php\/wp-json\/wp\/v2\/posts\/29395","targetHints":{"allow":["GET"]}}],"collection":[{"href":"https:\/\/sindaopcpb.org.br\/index.php\/wp-json\/wp\/v2\/posts"}],"about":[{"href":"https:\/\/sindaopcpb.org.br\/index.php\/wp-json\/wp\/v2\/types\/post"}],"author":[{"embeddable":true,"href":"https:\/\/sindaopcpb.org.br\/index.php\/wp-json\/wp\/v2\/users\/42"}],"replies":[{"embeddable":true,"href":"https:\/\/sindaopcpb.org.br\/index.php\/wp-json\/wp\/v2\/comments?post=29395"}],"version-history":[{"count":1,"href":"https:\/\/sindaopcpb.org.br\/index.php\/wp-json\/wp\/v2\/posts\/29395\/revisions"}],"predecessor-version":[{"id":29396,"href":"https:\/\/sindaopcpb.org.br\/index.php\/wp-json\/wp\/v2\/posts\/29395\/revisions\/29396"}],"wp:attachment":[{"href":"https:\/\/sindaopcpb.org.br\/index.php\/wp-json\/wp\/v2\/media?parent=29395"}],"wp:term":[{"taxonomy":"category","embeddable":true,"href":"https:\/\/sindaopcpb.org.br\/index.php\/wp-json\/wp\/v2\/categories?post=29395"},{"taxonomy":"post_tag","embeddable":true,"href":"https:\/\/sindaopcpb.org.br\/index.php\/wp-json\/wp\/v2\/tags?post=29395"}],"curies":[{"name":"wp","href":"https:\/\/api.w.org\/{rel}","templated":true}]}}