{"id":29393,"date":"2023-08-12T08:46:48","date_gmt":"2023-08-12T11:46:48","guid":{"rendered":"https:\/\/wpa.wscom.com.br\/?p=917268"},"modified":"2023-08-12T08:46:48","modified_gmt":"2023-08-12T11:46:48","slug":"deputado-gilbertinho-se-antecipa-e-anuncia-apoio-a-reeleicao-de-veneziano-para-o-senados-em-2026","status":"publish","type":"post","link":"https:\/\/sindaopcpb.org.br\/index.php\/2023\/08\/12\/deputado-gilbertinho-se-antecipa-e-anuncia-apoio-a-reeleicao-de-veneziano-para-o-senados-em-2026\/","title":{"rendered":"Deputado Gilbertinho se antecipa e anuncia apoio \u00e0 reelei\u00e7\u00e3o de Veneziano para o Senados em 2026"},"content":{"rendered":"<p>&nbsp;<\/p>\n<p>&nbsp;<\/p>\n<p>O deputado estadual Gilbertinho (Uni\u00e3o Brasil), ex-prefeito de Lagoa, que tem atua\u00e7\u00e3o no sert\u00e3o da Para\u00edba, anunciou esta semana, durante entrevista \u00e0 imprensa sertaneja, que ir\u00e1 apoiar a reelei\u00e7\u00e3o do Senador Veneziano Vital do R\u00eago (MDB-PB) para o Senado, nas elei\u00e7\u00f5es estaduais de 2026. Gilbertinho foi recebido recentemente por Veneziano, em Bras\u00edlia, para firmar parcerias que beneficiaram os munic\u00edpios onde tem atua\u00e7\u00e3o pol\u00edtica.<\/p>\n<p>\u201cRecentemente estive em Bras\u00edlia, fiz uma visita ao senador Veneziano Vital do R\u00eago, e fui muito bem recebido, procurando recursos e melhorias para as minhas bases eleitorais, principalmente para o sert\u00e3o do nosso estado. E, prontamente, o Senador se prontificou a ajudar as cidades para as quais reivindiquei recursos. A gente est\u00e1 construindo parceiras, desenvolvimento e, acima de tudo, a melhoria do povo do sert\u00e3o paraibano\u201d, destacou o parlamentar.<\/p>\n<p>Gilbertinho disse que a aten\u00e7\u00e3o que vem recebendo por parte do Senador e de sua equipe em Bras\u00edlia tem se refletido em v\u00e1rios benef\u00edcios para os mun\u00edcipios onde atua, motivo pelo qual dever\u00e1 apoiar a reelei\u00e7\u00e3o de Veneziano. Para Gilbertinho, a rela\u00e7\u00e3o com Veneziano \u00e9 \u201cuma via de m\u00e3o dupla\u201d, pois ao atender as solicita\u00e7\u00f5es dos paraibanos, em especial das cidades onde atua, Veneziano merece ter, de sua parte, as aten\u00e7\u00f5es necess\u00e1rias para renovar o mandato em 2026.<\/p>\n<p>\u201cEssa \u00e9 uma via de m\u00e3o dupla. A gente fazendo parceira, ajudando o munic\u00edpio, consequentemente a gente vai junto na reelei\u00e7\u00e3o do Senador. A gente est\u00e1 trabalhando isso a\u00ed. Ele fazendo o papel dele e a gente fazendo nosso papel aqui no nosso estado e l\u00e1, em Bras\u00edlia, procurando recurso para todo o estado da Para\u00edba\u201d, destacou Gilbertinho.<\/p>\n<p>O post <a rel=\"nofollow noopener\" href=\"https:\/\/wscom.com.br\/deputado-gilbertinho-se-antecipa-e-anuncia-apoio-a-reeleicao-de-veneziano-para-o-senados-em-2026\/\" target=\"_blank\">Deputado Gilbertinho se antecipa e anuncia apoio \u00e0 reelei\u00e7\u00e3o de Veneziano para o Senados em 2026<\/a> apareceu primeiro em <a rel=\"nofollow noopener\" href=\"https:\/\/wscom.com.br\/\" target=\"_blank\">WSCOM<\/a>.<\/p>\n","protected":false},"excerpt":{"rendered":"<p>\u00a0 \u00a0 O deputado estadual Gilbertinho (Uni\u00e3o Brasil), ex-prefeito de Lagoa, que tem atua\u00e7\u00e3o no sert\u00e3o da Para\u00edba, anunciou esta semana, durante entrevista \u00e0 imprensa sertaneja, que ir\u00e1 apoiar a reelei\u00e7\u00e3o do Senador Veneziano Vital do R\u00eago (MDB-PB) para o Senado, nas elei\u00e7\u00f5es estaduais de 2026. Gilbertinho foi recebido recentemente por Veneziano, em Bras\u00edlia, para [\u2026]<\/p>\n<p>O post <a rel=\"nofollow\" href=\"https:\/\/wscom.com.br\/deputado-gilbertinho-se-antecipa-e-anuncia-apoio-a-reeleicao-de-veneziano-para-o-senados-em-2026\/\">Deputado Gilbertinho se antecipa e anuncia apoio \u00e0 reelei\u00e7\u00e3o de Veneziano para o Senados em 2026<\/a> apareceu primeiro em <a rel=\"nofollow\" href=\"https:\/\/wscom.com.br\/\">WSCOM<\/a>.<\/p>\n","protected":false},"author":42,"featured_media":0,"comment_status":"closed","ping_status":"closed","sticky":false,"template":"","format":"standard","meta":{"advgb_blocks_editor_width":"","advgb_blocks_columns_visual_guide":"","footnotes":""},"categories":[1636,34,7665,47,403,174],"tags":[35],"class_list":["post-29393","post","type-post","status-publish","format-standard","hentry","category-eleicoes-2026","category-g1","category-gilbertinho","category-politica","category-senado","category-veneziano","tag-g1"],"author_meta":{"display_name":"Rafael Andrade","author_link":"https:\/\/sindaopcpb.org.br\/author\/rafael-andrade\/"},"featured_img":null,"coauthors":[],"tax_additional":{"categories":{"linked":["<a href=\"https:\/\/sindaopcpb.org.br\/eleicoes-2026\/\" class=\"advgb-post-tax-term\">Elei\u00e7\u00f5es 2026<\/a>","<a href=\"https:\/\/sindaopcpb.org.br\/g1\/\" class=\"advgb-post-tax-term\">G1<\/a>","<a href=\"https:\/\/sindaopcpb.org.br\/gilbertinho\/\" class=\"advgb-post-tax-term\">Gilbertinho<\/a>","<a href=\"https:\/\/sindaopcpb.org.br\/politica\/\" class=\"advgb-post-tax-term\">POLITICA<\/a>","<a href=\"https:\/\/sindaopcpb.org.br\/senado\/\" class=\"advgb-post-tax-term\">Senado<\/a>","<a href=\"https:\/\/sindaopcpb.org.br\/veneziano\/\" class=\"advgb-post-tax-term\">Veneziano<\/a>"],"unlinked":["<span class=\"advgb-post-tax-term\">Elei\u00e7\u00f5es 2026<\/span>","<span class=\"advgb-post-tax-term\">G1<\/span>","<span class=\"advgb-post-tax-term\">Gilbertinho<\/span>","<span class=\"advgb-post-tax-term\">POLITICA<\/span>","<span class=\"advgb-post-tax-term\">Senado<\/span>","<span class=\"advgb-post-tax-term\">Veneziano<\/span>"]},"tags":{"linked":["<a href=\"https:\/\/sindaopcpb.org.br\/veneziano\/\" class=\"advgb-post-tax-term\">g1<\/a>"],"unlinked":["<span class=\"advgb-post-tax-term\">g1<\/span>"]}},"comment_count":"0","relative_dates":{"created":"Publicado 3 anos atr\u00e1s","modified":"Atualizado 3 anos atr\u00e1s"},"absolute_dates":{"created":"Publicado em 12 de agosto de 2023","modified":"Atualizado em 12 de agosto de 2023"},"absolute_dates_time":{"created":"Publicado em 12 de agosto de 2023 08:46","modified":"Atualizado em 12 de agosto de 2023 08:46"},"featured_img_caption":"","series_order":"","_links":{"self":[{"href":"https:\/\/sindaopcpb.org.br\/index.php\/wp-json\/wp\/v2\/posts\/29393","targetHints":{"allow":["GET"]}}],"collection":[{"href":"https:\/\/sindaopcpb.org.br\/index.php\/wp-json\/wp\/v2\/posts"}],"about":[{"href":"https:\/\/sindaopcpb.org.br\/index.php\/wp-json\/wp\/v2\/types\/post"}],"author":[{"embeddable":true,"href":"https:\/\/sindaopcpb.org.br\/index.php\/wp-json\/wp\/v2\/users\/42"}],"replies":[{"embeddable":true,"href":"https:\/\/sindaopcpb.org.br\/index.php\/wp-json\/wp\/v2\/comments?post=29393"}],"version-history":[{"count":1,"href":"https:\/\/sindaopcpb.org.br\/index.php\/wp-json\/wp\/v2\/posts\/29393\/revisions"}],"predecessor-version":[{"id":29394,"href":"https:\/\/sindaopcpb.org.br\/index.php\/wp-json\/wp\/v2\/posts\/29393\/revisions\/29394"}],"wp:attachment":[{"href":"https:\/\/sindaopcpb.org.br\/index.php\/wp-json\/wp\/v2\/media?parent=29393"}],"wp:term":[{"taxonomy":"category","embeddable":true,"href":"https:\/\/sindaopcpb.org.br\/index.php\/wp-json\/wp\/v2\/categories?post=29393"},{"taxonomy":"post_tag","embeddable":true,"href":"https:\/\/sindaopcpb.org.br\/index.php\/wp-json\/wp\/v2\/tags?post=29393"}],"curies":[{"name":"wp","href":"https:\/\/api.w.org\/{rel}","templated":true}]}}