{"id":29389,"date":"2023-08-12T05:30:32","date_gmt":"2023-08-12T08:30:32","guid":{"rendered":"https:\/\/g1.globo.com\/pb\/paraiba\/noticia\/2023\/08\/12\/litoral-da-paraiba-tem-10-trechos-de-praias-improprios-para-banho-veja-locais.ghtml"},"modified":"2023-08-12T05:30:32","modified_gmt":"2023-08-12T08:30:32","slug":"litoral-da-paraiba-tem-10-trechos-de-praias-improprios-para-banho-veja-locais","status":"publish","type":"post","link":"https:\/\/sindaopcpb.org.br\/index.php\/2023\/08\/12\/litoral-da-paraiba-tem-10-trechos-de-praias-improprios-para-banho-veja-locais\/","title":{"rendered":"Litoral da Para\u00edba tem 10 trechos de praias impr\u00f3prios para banho; veja locais"},"content":{"rendered":"   <img src=\"https:\/\/s2.glbimg.com\/SLxbokGigRm5IJ9VK43lIPGj9Xg=\/i.s3.glbimg.com\/v1\/AUTH_59edd422c0c84a879bd37670ae4f538a\/internal_photos\/bs\/2022\/3\/o\/pZEgphTwma74e6813eSA\/praia-cabedelo.jpg\" \/><br \/>     Relat\u00f3rio de balneabilidade da Sudema traz a lista de praias da Para\u00edba que est\u00e3o impr\u00f3prias para banho no Litoral. Praia de Ponta de Matos, em Cabedelo, na Para\u00edba\nKrys Carneiro\/g1\nDez trechos de praias est\u00e3o impr\u00f3prios para banho no Litoral da Para\u00edba,  neste final de semana,  conforme o relat\u00f3rio de balneabilidade divulgado pela Superintend\u00eancia de Administra\u00e7\u00e3o do Meio Ambiente (Sudema). De acordo com o relat\u00f3rio, s\u00e3o sete \u00e1reas impr\u00f3prias em Jo\u00e3o Pessoa, uma em Lucena, uma em Cabedelo e uma em Pitimbu.\nOs outros pontos monitorados, situados em Mataraca, Ba\u00eda da Trai\u00e7\u00e3o, Rio Tinto e Conde tiveram a qualidade das \u00e1guas classificada como pr\u00f3pria.\nA an\u00e1lise da balneabilidade da \u00e1gua foi realizada de sete a 10 de agosto e \u00e9 v\u00e1lida at\u00e9 o dia 18 deste m\u00eas, data da nova divulga\u00e7\u00e3o do relat\u00f3rio. As demais praias monitoradas continuamente pela Sudema est\u00e3o liberadas para o banho.\nLista de praias da Para\u00edba impr\u00f3prias para banho\nPraias em Jo\u00e3o Pessoa\nBessa I, Em frente \u00e0 desembocadura do Macei\u00f3 do Bessa;\nBessa, no final da Rua Dr. Abel Beltr\u00e3o;\nMana\u00edra, em m frente a quadra de Mana\u00edra;\nMana\u00edra, em frente ao N\u00b0 315 da Av. Jo\u00e3o Maur\u00edcio;\nMana\u00edra, no final da Av. Ruy Carneiro;\nCabo Branco, em frente a rotat\u00f3ria do Cabo Branco;\nCabo Branco, em frente a galeria de \u00e1guas pluviais.\nPraia em Lucena\nGameleira, em frente \u00e0 desembocadura do Riacho Ara\u00e7\u00e1.\nPraia em Cabedelo \nPonta de Campina, em frente a galeria de \u00e1guas pluviais.\nPraia em Pitimbu\nMacei\u00f3, em frente \u00e0 desembocadura do riacho Engenho Velho.\nV\u00eddeos mais assistidos do g1 Para\u00edba  ","protected":false},"excerpt":{"rendered":"<p>        Relat\u00f3rio de balneabilidade da Sudema traz a lista de praias da Para\u00edba que est\u00e3o impr\u00f3prias para banho no Litoral. Praia de Ponta de Matos, em Cabedelo, na Para\u00edba<br \/>\nKrys Carneiro\/g1<br \/>\nDez trechos de praias est\u00e3o impr\u00f3prios para banho no Litoral d&#8230;<\/p>\n","protected":false},"author":2,"featured_media":0,"comment_status":"closed","ping_status":"closed","sticky":false,"template":"","format":"standard","meta":{"advgb_blocks_editor_width":"","advgb_blocks_columns_visual_guide":"","footnotes":""},"categories":[34],"tags":[35],"class_list":["post-29389","post","type-post","status-publish","format-standard","hentry","category-g1","tag-g1"],"author_meta":{"display_name":"g1 &gt; Para\u00edba","author_link":"https:\/\/sindaopcpb.org.br\/author\/g1-paraiba\/"},"featured_img":null,"coauthors":[],"tax_additional":{"categories":{"linked":["<a href=\"https:\/\/sindaopcpb.org.br\/g1\/\" class=\"advgb-post-tax-term\">G1<\/a>"],"unlinked":["<span class=\"advgb-post-tax-term\">G1<\/span>"]},"tags":{"linked":["<a href=\"https:\/\/sindaopcpb.org.br\/g1\/\" class=\"advgb-post-tax-term\">g1<\/a>"],"unlinked":["<span class=\"advgb-post-tax-term\">g1<\/span>"]}},"comment_count":"0","relative_dates":{"created":"Publicado 3 anos atr\u00e1s","modified":"Atualizado 3 anos atr\u00e1s"},"absolute_dates":{"created":"Publicado em 12 de agosto de 2023","modified":"Atualizado em 12 de agosto de 2023"},"absolute_dates_time":{"created":"Publicado em 12 de agosto de 2023 05:30","modified":"Atualizado em 12 de agosto de 2023 05:30"},"featured_img_caption":"","series_order":"","_links":{"self":[{"href":"https:\/\/sindaopcpb.org.br\/index.php\/wp-json\/wp\/v2\/posts\/29389","targetHints":{"allow":["GET"]}}],"collection":[{"href":"https:\/\/sindaopcpb.org.br\/index.php\/wp-json\/wp\/v2\/posts"}],"about":[{"href":"https:\/\/sindaopcpb.org.br\/index.php\/wp-json\/wp\/v2\/types\/post"}],"author":[{"embeddable":true,"href":"https:\/\/sindaopcpb.org.br\/index.php\/wp-json\/wp\/v2\/users\/2"}],"replies":[{"embeddable":true,"href":"https:\/\/sindaopcpb.org.br\/index.php\/wp-json\/wp\/v2\/comments?post=29389"}],"version-history":[{"count":1,"href":"https:\/\/sindaopcpb.org.br\/index.php\/wp-json\/wp\/v2\/posts\/29389\/revisions"}],"predecessor-version":[{"id":29390,"href":"https:\/\/sindaopcpb.org.br\/index.php\/wp-json\/wp\/v2\/posts\/29389\/revisions\/29390"}],"wp:attachment":[{"href":"https:\/\/sindaopcpb.org.br\/index.php\/wp-json\/wp\/v2\/media?parent=29389"}],"wp:term":[{"taxonomy":"category","embeddable":true,"href":"https:\/\/sindaopcpb.org.br\/index.php\/wp-json\/wp\/v2\/categories?post=29389"},{"taxonomy":"post_tag","embeddable":true,"href":"https:\/\/sindaopcpb.org.br\/index.php\/wp-json\/wp\/v2\/tags?post=29389"}],"curies":[{"name":"wp","href":"https:\/\/api.w.org\/{rel}","templated":true}]}}