{"id":29383,"date":"2023-08-11T20:01:05","date_gmt":"2023-08-11T23:01:05","guid":{"rendered":"https:\/\/www.infomoney.com.br\/?p=2214302"},"modified":"2023-08-11T20:01:05","modified_gmt":"2023-08-11T23:01:05","slug":"lula-diz-que-austeridade-fiscal-obsessiva-nao-vai-interromper-obras-do-novo-pac","status":"publish","type":"post","link":"https:\/\/sindaopcpb.org.br\/index.php\/2023\/08\/11\/lula-diz-que-austeridade-fiscal-obsessiva-nao-vai-interromper-obras-do-novo-pac\/","title":{"rendered":"Lula diz que \u201causteridade fiscal obsessiva\u201d n\u00e3o vai interromper obras do Novo PAC"},"content":{"rendered":"<p><img loading=\"lazy\" width=\"300\" height=\"215\" src=\"https:\/\/www.infomoney.com.br\/wp-content\/uploads\/2023\/08\/53100897441_1bff5dd7fb_c.jpg?fit=300%2C215&amp;quality=70&amp;strip=all\" class=\"attachment-medium size-medium wp-post-image\" alt=\"\" decoding=\"async\" style=\"float:right; margin:0 0 10px 10px;\" srcset=\"https:\/\/www.infomoney.com.br\/wp-content\/uploads\/2023\/08\/53100897441_1bff5dd7fb_c.jpg?w=800&amp;quality=70&amp;strip=all 800w, https:\/\/www.infomoney.com.br\/wp-content\/uploads\/2023\/08\/53100897441_1bff5dd7fb_c.jpg?w=300&amp;quality=70&amp;strip=all 300w, https:\/\/www.infomoney.com.br\/wp-content\/uploads\/2023\/08\/53100897441_1bff5dd7fb_c.jpg?w=768&amp;quality=70&amp;strip=all 768w, https:\/\/www.infomoney.com.br\/wp-content\/uploads\/2023\/08\/53100897441_1bff5dd7fb_c.jpg?w=150&amp;quality=70&amp;strip=all 150w\" sizes=\"auto, (max-width: 300px) 100vw, 300px\" data-attachment-id=\"2209172\" data-permalink=\"https:\/\/www.infomoney.com.br\/politica\/nunca-foi-tao-urgente-retomar-e-ampliar-cooperacao-diz-lula-na-abertura-da-cupula-da-amazonia\/attachment\/53100897441_1bff5dd7fb_c\/\" data-orig-file=\"https:\/\/www.infomoney.com.br\/wp-content\/uploads\/2023\/08\/53100897441_1bff5dd7fb_c.jpg?fit=800%2C572&amp;quality=70&amp;strip=all\" data-orig-size=\"800,572\" data-comments-opened=\"0\" data-image-meta=\"{&quot;aperture&quot;:&quot;0&quot;,&quot;credit&quot;:&quot;Ricardo Stuckert\\\/PR&quot;,&quot;camera&quot;:&quot;&quot;,&quot;caption&quot;:&quot;&quot;,&quot;created_timestamp&quot;:&quot;0&quot;,&quot;copyright&quot;:&quot;&quot;,&quot;focal_length&quot;:&quot;0&quot;,&quot;iso&quot;:&quot;0&quot;,&quot;shutter_speed&quot;:&quot;0&quot;,&quot;title&quot;:&quot;&quot;,&quot;orientation&quot;:&quot;0&quot;}\" data-image-title=\"Luiz In\u00e1cio Lula da Silva (PT)\" data-image-description=\"\" data-image-caption=\"&lt;p&gt;O presidente Luiz In\u00e1cio Lula da Silva (PT) faz discurso durante cerim\u00f4nia alusiva \u00e0 inaugura\u00e7\u00e3o da Infovia 01 \u2013 Trecho Santar\u00e9m (PA) &#8211; Manaus (AM). (Foto: Ricardo Stuckert\/PR)&lt;\/p&gt;\n\" data-medium-file=\"https:\/\/www.infomoney.com.br\/wp-content\/uploads\/2023\/08\/53100897441_1bff5dd7fb_c.jpg?fit=300%2C215&amp;quality=70&amp;strip=all\" data-large-file=\"https:\/\/www.infomoney.com.br\/wp-content\/uploads\/2023\/08\/53100897441_1bff5dd7fb_c.jpg?fit=800%2C572&amp;quality=70&amp;strip=all\" title=\"\"><\/p>\n<p>O presidente <strong>Luiz In&aacute;cio Lula da Silva (PT)<\/strong>, afirmou, nesta sexta-feira (11), que o governo retomar&aacute; milhares de obras paralisadas com o lan&ccedil;amento do Novo PAC (Programa de Acelera&ccedil;&atilde;o do Crescimento), garantiu que a press&atilde;o fiscal n&atilde;o mais paralisar&aacute; a execu&ccedil;&atilde;o de empreendimentos pa&iacute;s afora e disse que o novo ciclo econ&ocirc;mico brasileiro n&atilde;o pode deixar para tr&aacute;s setores da sociedade.<\/p>\n<p>&ldquo;N&atilde;o admitiremos mais ver o sonho de uma nova escola, de um novo hospital, de um novo equipamento p&uacute;blico ou de uma nova estrada se tornar pesadelo de uma obra inacabada jogada &agrave;s moscas&rdquo;, afirmou em discurso de encerramento da cerim&ocirc;nia realizada no Theatro Municipal do Rio de Janeiro (RJ).<\/p>\n<p>&ldquo;&Eacute; exatamente por isso que assumimos o compromisso moral nesse Novo PAC de retomar a constru&ccedil;&atilde;o de milhares de obras, n&atilde;o deixar mais que a falta de gest&atilde;o ou a austeridade fiscal quase obsessiva interrompa pela metade os anseios mais justos da nossa popula&ccedil;&atilde;o&rdquo;, disse.<\/p>\n<p>O Novo PAC prev&ecirc; R$ 1,7 trilh&atilde;o em investimentos, sendo R$371 bilh&otilde;es oriundos do Or&ccedil;amento Geral da Uni&atilde;o, R$ 612 bilh&otilde;es de capital privado, R$ 362 bilh&otilde;es de financiamentos e R$ 343 bilh&otilde;es de recursos de empresas estatais. Deste montante total, R$ 1,4 trilh&atilde;o s&atilde;o previstos entre 2023 e 2026 e o restante para os anos seguintes.<\/p>\n<p>O volume de recursos p&uacute;blicos &eacute; menor do que o alocado nas edi&ccedil;&otilde;es anteriores do programa, mas a maior abertura a concess&otilde;es e Parcerias P&uacute;blico-Privadas (PPPs) garante maior alavancagem aos resultados esperados at&eacute; o fim do mandato.<\/p>\n<p>A promessa do governo federal &eacute; que a nova vers&atilde;o do programa ter&aacute; um olhar mais atento para quest&otilde;es ambientais e relacionadas &agrave; transi&ccedil;&atilde;o ecol&oacute;gica. Os projetos ser&atilde;o divididos em nove grandes &aacute;reas, cada uma com suas devidas segmenta&ccedil;&otilde;es. <a href=\"https:\/\/www.infomoney.com.br\/politica\/governo-lanca-novo-pac-com-previsao-de-r-240-bilhoes-em-investimentos-publicos-e-parcerias-com-o-setor-privado\/\" rel=\"nofollow noopener\" target=\"_blank\">Clique aqui para ver a distribui&ccedil;&atilde;o dos recursos<\/a>.<\/p>\n<p>A volta do Novo PAC deve come&ccedil;ar com foco em obras paralisadas pa&iacute;s afora, al&eacute;m de empreendimentos propostos pelos minist&eacute;rios e pelos governos. Uma segunda contar&aacute; com uma sele&ccedil;&atilde;o p&uacute;blica de propostas apresentadas por Estados e Munic&iacute;pios.<\/p>\n<div class=\"cta-middle\">\n<div class=\"im-cta bg-light bg-opacity-25 border rounded-4 p-3 p-sm-4 p-md-3 p-lg-4 px-xxl-5 my-5\" >\n<div class=\"d-flex flex-column align-items-center align-items-lg-start mb-4 flex-lg-row\">\n<div class=\"rounded-circle mb-2 mb-lg-0 mr-lg-4 me-lg-4 p-3 p-lg-4 bg-indigo-400\"><svg width=\"40\" height=\"40\" viewBox=\"0 0 40 40\" fill=\"none\" xmlns=\"http:\/\/www.w3.org\/2000\/svg\"><path d=\"m18.125 29.917-5.25-5.209 1.333-1.291 3.917 3.833 7.5-7.542 1.333 1.375-8.833 8.834ZM8.25 35.833a2.328 2.328 0 0 1-1.708-.708 2.328 2.328 0 0 1-.709-1.708V9.292c0-.64.236-1.202.709-1.688a2.295 2.295 0 0 1 1.708-.73h3.083V3.959h2.084v2.917h13.25V3.958h2.041v2.917h3.042c.667 0 1.236.243 1.708.73.473.485.709 1.048.709 1.687v24.125c0 .666-.236 1.236-.709 1.708a2.328 2.328 0 0 1-1.708.708H8.25Zm0-1.875h23.5a.518.518 0 0 0 .375-.166.518.518 0 0 0 .167-.375V16.875H7.708v16.542c0 .139.056.264.167.375a.518.518 0 0 0 .375.166ZM7.708 15h24.584V9.292a.454.454 0 0 0-.167-.355.555.555 0 0 0-.375-.145H8.25a.555.555 0 0 0-.375.145.454.454 0 0 0-.167.355V15Z\" fill=\"#fff\"\/><\/svg><\/div>\n<div class=\"flex-fill text-center text-lg-left\">\n<div class=\"h6 small text-orange-700 lh-base mb-1\">Cupom exclusivo InfoMoney<\/div>\n<div class=\"text-body h4 m-0\">Expert XP 2023<\/div>\n<div class=\"text-body small lh-base mt-2\">Garanta 5% de desconto no seu ingresso da Expert XP 2023. Cadastre-se e receba o seu cupom<\/div>\n<\/div>\n<\/div>\n<div class=\"im-shortcode-forms-v2\" data-component-type=\"multiformBootstrapV2\" data-configuracao='{\"id\":\"2212853\",\"optimize_id\":\"\",\"nome\":false,\"titulo\":\"Expert XP 2023\",\"icone\":\"event\",\"chapeu\":\"Cupom exclusivo InfoMoney\",\"email\":true,\"telefone\":false,\"cpf\":false,\"campanha\":\"EXPERT\",\"LancamentoID\":\"168\",\"thankYouUrl\":\"\",\"idJorney\":\"APIEvent-51a92df5-115a-a137-daa4-cb46448cef77\",\"idDE\":\"\",\"botaoLabel\":\"Quero receber\",\"contextSegment\":\"Newsletter\",\"urlOrigem\":\"https:\\\/\\\/www.infomoney.com.br\\\/politica\\\/lula-diz-que-austeridade-fiscal-obsessiva-nao-vai-interromper-obras-do-novo-pac\\\/?utm_medium=materia&#038;utm_source=infomoney&#038;utm_campaign=EXPERT&#038;utm_term=politica&#038;utm_content=serie-aquisicao\",\"openBlank\":true,\"gaPosition\":\"meio\",\"gaCategory\":\"cta_form\",\"useCaptacaoLead\":true,\"dataUTM\":{\"utmMedium\":\"materia\",\"utmSource\":\"infomoney\",\"utmCampaign\":\"EXPERT\",\"utmTerm\":\"politica\",\"utmContent\":\"serie-aquisicao\"}}'><\/div>\n<\/p><\/div>\n<\/div>\n<p>Al&eacute;m das melhorias em infraestrutura e acesso a servi&ccedil;os p&uacute;blicos, o governo espera que que a a&ccedil;&atilde;o ajude na gera&ccedil;&atilde;o de empregos (estima-se que 4 milh&otilde;es de postos de trabalho vinculados &agrave;s obras) e elevem o potencial de crescimento da economia brasileira. A ideia tamb&eacute;m &eacute; que o programa tenha um olhar espec&iacute;fico para a inclus&atilde;o social.<\/p>\n<p>Durante seu discurso, Lula disse que o Novo PAC direciona o pa&iacute;s para um crescimento &ldquo;de maneira correta&rdquo;, reduzindo desigualdades e fazendo com que &ldquo;o aquecimento da economia resulte em ganhos reais na vida das pessoas&rdquo;.<\/p>\n<p>&ldquo;Com o Novo PAC, o pa&iacute;s voltar&aacute; a crescer e entrar&aacute; no rumo certo para recuperar todas as conquistas que nos foram tomadas nos &uacute;ltimos anos. O crescimento do Brasil voltar&aacute; a ser correto e acelerado, mas precisa ir al&eacute;m: ter&aacute; que ser sustent&aacute;vel. O planeta n&atilde;o aguenta mais a press&atilde;o ambiental. N&atilde;o h&aacute; como pensar em qualquer forma de crescimento econ&ocirc;mico, em qualquer forma de gera&ccedil;&atilde;o de riqueza que n&atilde;o seja de forma verde e sustent&aacute;vel&rdquo;, completou.<\/p>\n<p>O presidente destacou, ainda, a vantagem competitiva do Brasil em rela&ccedil;&atilde;o a outras economias mundiais na seara ambiental, com a abund&acirc;ncia de recursos naturais e a possibilidade de gera&ccedil;&atilde;o relevante de energia com base em fontes limpas e renov&aacute;veis.<\/p>\n<p>&ldquo;Enquanto a Europa, a &Aacute;sia e a Am&eacute;rica do Norte lutam para encontrar um modo de reduzir suas emiss&otilde;es de carbono, temos no Brasil um enorme potencial de energia limpa e renov&aacute;vel&rdquo;, disse.<\/p>\n<p>&ldquo;Podemos produzir mais, seja na ind&uacute;stria, seja no campo, sem gerar mais carbono, sem destruir nossa mata. Temos uma das matrizes energ&eacute;ticas mais limpas e renov&aacute;veis do mundo e vamos investir cada vez mais em energia solar e e&oacute;lica, biodiesel e biomassa, e muito em breve o Brasil vai se tornar uma potencia mundial em hidrog&ecirc;nio verde. Aproveitaremos esta que talvez seja a maior oportunidade hist&oacute;rica da nossa gera&ccedil;&atilde;o para nos tornarmos a grande pot&ecirc;ncia sustent&aacute;vel do planeta, e o Novo PAC certamente ajudar&aacute; nisso&rdquo;, continuou.<\/p>\n<p>Durante sua fala, Lula tamb&eacute;m exaltou o di&aacute;logo com governadores e prefeitos na execu&ccedil;&atilde;o do programa e valorizou a participa&ccedil;&atilde;o do Congresso Nacional na aprova&ccedil;&atilde;o de itens relevantes da agenda econ&ocirc;mica defendida pelo Pal&aacute;cio do Planalto.<\/p>\n<p>O presidente tamb&eacute;m fez acenos a empres&aacute;rios e disse que o Estado n&atilde;o ter&aacute; papel de empres&aacute;rio na nova edi&ccedil;&atilde;o do programa, mas de indutor de projetos e da atividade econ&ocirc;mica. &ldquo;Os empres&aacute;rios n&atilde;o tenham medo disso. A gente n&atilde;o quer o Estado empres&aacute;rio. A gente quer o Estado indutor. A gente quer o Estado capaz de promover o debate e de dizer onde as coisas devem ser feitas&rdquo;, disse.<\/p>\n<\/p>\n<div class=\"cta-end\">\n<div class=\"im-cta\" >\n<div class=\"im-shortcode-forms bg-light bg-opacity-25 border rounded-4 p-3 p-sm-4 p-md-3 p-lg-4 px-xxl-5 my-5\" data-configuration='{\"form_name\":false,\"form_hat\":\"Newsletter\",\"form_email\":true,\"form_icon\":\"newsletter\",\"form_phone\":false,\"form_campaign\":\"NIM\",\"form_thankyou\":\"\",\"form_journey\":\"APIEvent-26a5198d-8e09-06ef-5f80-cd9127757ad1\",\"form_button\":\"Quero receber\",\"form_context\":\"newsletter\",\"form_origin\":\"https:\\\/\\\/www.infomoney.com.br\\\/politica\\\/feed\\\/?utm_medium=materia&#038;utm_source=infomoney&#038;utm_campaign=NIM&#038;utm_term=politica&#038;utm_content=newsletter\",\"form_position\":\"final\",\"form_category\":\"cta_form\"}'>\n<div class=\"d-flex flex-column align-items-center align-items-lg-start mb-4 flex-lg-row\">\n<div class=\"rounded-circle mb-2 mb-lg-0 mr-lg-4 me-lg-4 p-3 p-lg-4 bg-blue-400\"><svg width=\"40\" height=\"40\" viewBox=\"0 0 40 40\" fill=\"none\" xmlns=\"http:\/\/www.w3.org\/2000\/svg\"><path d=\"M20 20.25 6.042 11.042v19.041c0 .167.048.299.146.396a.535.535 0 0 0 .395.146h15.792V32.5H6.583a2.328 2.328 0 0 1-1.708-.708 2.328 2.328 0 0 1-.708-1.709V9.917c0-.667.236-1.236.708-1.709A2.328 2.328 0 0 1 6.583 7.5h26.834c.666 0 1.236.236 1.708.708a2.33 2.33 0 0 1 .708 1.709v12.458h-1.875V11.042L20 20.25Zm0-2 13.667-8.875H6.333L20 18.25Zm11.75 18.958-1.292-1.333 3.334-3.375h-9v-1.875h9l-3.375-3.417 1.333-1.291 5.667 5.625-5.667 5.666ZM6.042 11.042v20.791-9.458.25-13.25 1.667Z\" fill=\"#fff\"\/><\/svg><\/div>\n<div class=\"flex-fill text-center text-lg-left\">\n<div class=\"h6 small text-orange-700 lh-base mb-1\">Newsletter<\/div>\n<div class=\"text-body h4 m-0\">Infomorning<\/div>\n<div class=\"text-body small lh-base mt-2\">Receba no seu e-mail logo pela manh&atilde; as not&iacute;cias que v&atilde;o mexer com os mercados, com os seus investimentos e o seu bolso durante o dia<\/div>\n<\/div>\n<\/div>\n<\/div>\n<\/div>\n<\/div>\n<p>The post <a rel=\"nofollow noopener\" href=\"https:\/\/www.infomoney.com.br\/politica\/lula-diz-que-austeridade-fiscal-obsessiva-nao-vai-interromper-obras-do-novo-pac\/\" target=\"_blank\">Lula diz que &#8220;austeridade fiscal obsessiva&#8221; n\u00e3o vai interromper obras do Novo PAC<\/a> appeared first on <a rel=\"nofollow noopener\" href=\"https:\/\/www.infomoney.com.br\/\" target=\"_blank\">InfoMoney<\/a>.<\/p>\n","protected":false},"excerpt":{"rendered":"<p><img loading=\"lazy\" decoding=\"async\" width=\"300\" height=\"215\" src=\"https:\/\/www.infomoney.com.br\/wp-content\/uploads\/2023\/08\/53100897441_1bff5dd7fb_c.jpg?fit=300%2C215&amp;quality=70&amp;strip=all\" class=\"attachment-medium size-medium wp-post-image\" alt=\"\" data-attachment-id=\"2209172\" data-permalink=\"https:\/\/www.infomoney.com.br\/politica\/nunca-foi-tao-urgente-retomar-e-ampliar-cooperacao-diz-lula-na-abertura-da-cupula-da-amazonia\/attachment\/53100897441_1bff5dd7fb_c\/\" data-orig-file=\"https:\/\/www.infomoney.com.br\/wp-content\/uploads\/2023\/08\/53100897441_1bff5dd7fb_c.jpg?fit=800%2C572&amp;quality=70&amp;strip=all\" data-orig-size=\"800,572\" data-comments-opened=\"0\" data-image-meta='{\"aperture\":\"0\",\"credit\":\"Ricardo Stuckert\\\/PR\",\"camera\":\"\",\"caption\":\"\",\"created_timestamp\":\"0\",\"copyright\":\"\",\"focal_length\":\"0\",\"iso\":\"0\",\"shutter_speed\":\"0\",\"title\":\"\",\"orientation\":\"0\"}' data-image-title=\"Luiz In\u00e1cio Lula da Silva (PT)\" data-image-description=\"\" data-image-caption=\"&lt;p&gt;O presidente Luiz In\u00e1cio Lula da Silva (PT) faz discurso durante cerim\u00f4nia alusiva \u00e0 inaugura\u00e7\u00e3o da Infovia 01 \u2013 Trecho Santar\u00e9m (PA) \u2013 Manaus (AM). (Foto: Ricardo Stuckert\/PR)&lt;\/p&gt;\n\" data-medium-file=\"https:\/\/www.infomoney.com.br\/wp-content\/uploads\/2023\/08\/53100897441_1bff5dd7fb_c.jpg?fit=300%2C215&amp;quality=70&amp;strip=all\" data-large-file=\"https:\/\/www.infomoney.com.br\/wp-content\/uploads\/2023\/08\/53100897441_1bff5dd7fb_c.jpg?fit=800%2C572&amp;quality=70&amp;strip=all\">No lan\u00e7amento do novo programa, presidente refor\u00e7a prioridade para obras paradas e inacabadas e faz acenos a governadores e ao Congresso<\/p>\n<p>The post <a rel=\"nofollow\" href=\"https:\/\/www.infomoney.com.br\/politica\/lula-diz-que-austeridade-fiscal-obsessiva-nao-vai-interromper-obras-do-novo-pac\/\">Lula diz que \u201causteridade fiscal obsessiva\u201d n\u00e3o vai interromper obras do Novo PAC<\/a> appeared first on <a rel=\"nofollow\" href=\"https:\/\/www.infomoney.com.br\/\">InfoMoney<\/a>.<\/p>\n","protected":false},"author":52,"featured_media":0,"comment_status":"closed","ping_status":"closed","sticky":false,"template":"","format":"standard","meta":{"advgb_blocks_editor_width":"","advgb_blocks_columns_visual_guide":"","footnotes":""},"categories":[34,260,341,129,47,5738],"tags":[35],"class_list":["post-29383","post","type-post","status-publish","format-standard","hentry","category-g1","category-governo","category-infraestrutura","category-luiz-inacio-lula-da-silva","category-politica","category-programa-de-aceleracao-do-crescimento","tag-g1"],"author_meta":{"display_name":"Marcos Mortari","author_link":"https:\/\/sindaopcpb.org.br\/author\/marcos-mortari\/"},"featured_img":null,"coauthors":[],"tax_additional":{"categories":{"linked":["<a href=\"https:\/\/sindaopcpb.org.br\/g1\/\" class=\"advgb-post-tax-term\">G1<\/a>","<a href=\"https:\/\/sindaopcpb.org.br\/governo\/\" class=\"advgb-post-tax-term\">Governo<\/a>","<a href=\"https:\/\/sindaopcpb.org.br\/infraestrutura\/\" class=\"advgb-post-tax-term\">infraestrutura<\/a>","<a href=\"https:\/\/sindaopcpb.org.br\/luiz-inacio-lula-da-silva\/\" class=\"advgb-post-tax-term\">Luiz In\u00e1cio Lula da Silva<\/a>","<a href=\"https:\/\/sindaopcpb.org.br\/politica\/\" class=\"advgb-post-tax-term\">POLITICA<\/a>","<a href=\"https:\/\/sindaopcpb.org.br\/programa-de-aceleracao-do-crescimento\/\" class=\"advgb-post-tax-term\">Programa de Acelera\u00e7\u00e3o do Crescimento<\/a>"],"unlinked":["<span class=\"advgb-post-tax-term\">G1<\/span>","<span class=\"advgb-post-tax-term\">Governo<\/span>","<span class=\"advgb-post-tax-term\">infraestrutura<\/span>","<span class=\"advgb-post-tax-term\">Luiz In\u00e1cio Lula da Silva<\/span>","<span class=\"advgb-post-tax-term\">POLITICA<\/span>","<span class=\"advgb-post-tax-term\">Programa de Acelera\u00e7\u00e3o do Crescimento<\/span>"]},"tags":{"linked":["<a href=\"https:\/\/sindaopcpb.org.br\/programa-de-aceleracao-do-crescimento\/\" class=\"advgb-post-tax-term\">g1<\/a>"],"unlinked":["<span class=\"advgb-post-tax-term\">g1<\/span>"]}},"comment_count":"0","relative_dates":{"created":"Publicado 3 anos atr\u00e1s","modified":"Atualizado 3 anos atr\u00e1s"},"absolute_dates":{"created":"Publicado em 11 de agosto de 2023","modified":"Atualizado em 11 de agosto de 2023"},"absolute_dates_time":{"created":"Publicado em 11 de agosto de 2023 20:01","modified":"Atualizado em 11 de agosto de 2023 20:01"},"featured_img_caption":"","series_order":"","_links":{"self":[{"href":"https:\/\/sindaopcpb.org.br\/index.php\/wp-json\/wp\/v2\/posts\/29383","targetHints":{"allow":["GET"]}}],"collection":[{"href":"https:\/\/sindaopcpb.org.br\/index.php\/wp-json\/wp\/v2\/posts"}],"about":[{"href":"https:\/\/sindaopcpb.org.br\/index.php\/wp-json\/wp\/v2\/types\/post"}],"author":[{"embeddable":true,"href":"https:\/\/sindaopcpb.org.br\/index.php\/wp-json\/wp\/v2\/users\/52"}],"replies":[{"embeddable":true,"href":"https:\/\/sindaopcpb.org.br\/index.php\/wp-json\/wp\/v2\/comments?post=29383"}],"version-history":[{"count":2,"href":"https:\/\/sindaopcpb.org.br\/index.php\/wp-json\/wp\/v2\/posts\/29383\/revisions"}],"predecessor-version":[{"id":29413,"href":"https:\/\/sindaopcpb.org.br\/index.php\/wp-json\/wp\/v2\/posts\/29383\/revisions\/29413"}],"wp:attachment":[{"href":"https:\/\/sindaopcpb.org.br\/index.php\/wp-json\/wp\/v2\/media?parent=29383"}],"wp:term":[{"taxonomy":"category","embeddable":true,"href":"https:\/\/sindaopcpb.org.br\/index.php\/wp-json\/wp\/v2\/categories?post=29383"},{"taxonomy":"post_tag","embeddable":true,"href":"https:\/\/sindaopcpb.org.br\/index.php\/wp-json\/wp\/v2\/tags?post=29383"}],"curies":[{"name":"wp","href":"https:\/\/api.w.org\/{rel}","templated":true}]}}