{"id":29369,"date":"2023-08-11T19:05:46","date_gmt":"2023-08-11T22:05:46","guid":{"rendered":"https:\/\/wpa.wscom.com.br\/?p=917212"},"modified":"2023-08-11T19:05:46","modified_gmt":"2023-08-11T22:05:46","slug":"denilson-diz-que-polemica-de-divida-com-belo-acabou-de-forma-amigavel","status":"publish","type":"post","link":"https:\/\/sindaopcpb.org.br\/index.php\/2023\/08\/11\/denilson-diz-que-polemica-de-divida-com-belo-acabou-de-forma-amigavel\/","title":{"rendered":"Denilson diz que pol\u00eamica de d\u00edvida com Belo \u2018acabou\u2019: \u201cDe forma amig\u00e1vel\u201d"},"content":{"rendered":"<p>O ex-jogador <strong>Denilson<\/strong> anunciou o fim de uma pol\u00eamica envolvendo uma d\u00edvida do cantor <strong>Belo<\/strong>.<\/p>\n<p>O artista compartilhou o post do atual comentarista da Band. Os valores no imbr\u00f3glio judicial n\u00e3o foram revelados.<\/p>\n<p>&#8220;O cantor Belo e eu conversamos e, de forma amig\u00e1vel, chegamos a um acordo. \u00c9 de suma import\u00e2ncia ressaltar a todos que nossas diverg\u00eancias nunca foram pessoais, ao contr\u00e1rio, elas eram &#8211; e portanto n\u00e3o s\u00e3o mais &#8211; no campo jur\u00eddico. Como homens, adultos e profissionais que somos, era importante colocar fim a esse imbr\u00f3glio que nos afastava h\u00e1 mais de 20 anos. Hoje, com alegria, damos por encerrado esse assunto. Muito obrigado a todos os envolvidos. Agora \u00e9 olhar pra frente. Acabou!&#8221;<\/p>\n<p>O post <a rel=\"nofollow noopener\" href=\"https:\/\/wscom.com.br\/denilson-diz-que-polemica-de-divida-com-belo-acabou-de-forma-amigavel\/\" target=\"_blank\">Denilson diz que pol\u00eamica de d\u00edvida com Belo &#8216;acabou&#8217;: &#8220;De forma amig\u00e1vel&#8221;<\/a> apareceu primeiro em <a rel=\"nofollow noopener\" href=\"https:\/\/wscom.com.br\/\" target=\"_blank\">WSCOM<\/a>.<\/p>\n","protected":false},"excerpt":{"rendered":"<p>O ex-jogador Denilson anunciou o fim de uma pol\u00eamica envolvendo uma d\u00edvida do cantor Belo. O artista compartilhou o post do atual comentarista da Band. Os valores no imbr\u00f3glio judicial n\u00e3o foram revelados. \u201cO cantor Belo e eu conversamos e, de forma amig\u00e1vel, chegamos a um acordo. \u00c9 de suma import\u00e2ncia ressaltar a todos que [\u2026]<\/p>\n<p>O post <a rel=\"nofollow\" href=\"https:\/\/wscom.com.br\/denilson-diz-que-polemica-de-divida-com-belo-acabou-de-forma-amigavel\/\">Denilson diz que pol\u00eamica de d\u00edvida com Belo \u2018acabou\u2019: \u201cDe forma amig\u00e1vel\u201d<\/a> apareceu primeiro em <a rel=\"nofollow\" href=\"https:\/\/wscom.com.br\/\">WSCOM<\/a>.<\/p>\n","protected":false},"author":50,"featured_media":0,"comment_status":"closed","ping_status":"closed","sticky":false,"template":"","format":"standard","meta":{"advgb_blocks_editor_width":"","advgb_blocks_columns_visual_guide":"","footnotes":""},"categories":[6202,115,6203,34],"tags":[35],"class_list":["post-29369","post","type-post","status-publish","format-standard","hentry","category-belo","category-brasil","category-denilson","category-g1","tag-g1"],"author_meta":{"display_name":"Wallyson","author_link":"https:\/\/sindaopcpb.org.br\/author\/wallyson\/"},"featured_img":null,"coauthors":[],"tax_additional":{"categories":{"linked":["<a href=\"https:\/\/sindaopcpb.org.br\/belo\/\" class=\"advgb-post-tax-term\">Belo<\/a>","<a href=\"https:\/\/sindaopcpb.org.br\/brasil\/\" class=\"advgb-post-tax-term\">Brasil<\/a>","<a href=\"https:\/\/sindaopcpb.org.br\/denilson\/\" class=\"advgb-post-tax-term\">Denilson<\/a>","<a href=\"https:\/\/sindaopcpb.org.br\/g1\/\" class=\"advgb-post-tax-term\">G1<\/a>"],"unlinked":["<span class=\"advgb-post-tax-term\">Belo<\/span>","<span class=\"advgb-post-tax-term\">Brasil<\/span>","<span class=\"advgb-post-tax-term\">Denilson<\/span>","<span class=\"advgb-post-tax-term\">G1<\/span>"]},"tags":{"linked":["<a href=\"https:\/\/sindaopcpb.org.br\/g1\/\" class=\"advgb-post-tax-term\">g1<\/a>"],"unlinked":["<span class=\"advgb-post-tax-term\">g1<\/span>"]}},"comment_count":"0","relative_dates":{"created":"Publicado 3 anos atr\u00e1s","modified":"Atualizado 3 anos atr\u00e1s"},"absolute_dates":{"created":"Publicado em 11 de agosto de 2023","modified":"Atualizado em 11 de agosto de 2023"},"absolute_dates_time":{"created":"Publicado em 11 de agosto de 2023 19:05","modified":"Atualizado em 11 de agosto de 2023 19:05"},"featured_img_caption":"","series_order":"","_links":{"self":[{"href":"https:\/\/sindaopcpb.org.br\/index.php\/wp-json\/wp\/v2\/posts\/29369","targetHints":{"allow":["GET"]}}],"collection":[{"href":"https:\/\/sindaopcpb.org.br\/index.php\/wp-json\/wp\/v2\/posts"}],"about":[{"href":"https:\/\/sindaopcpb.org.br\/index.php\/wp-json\/wp\/v2\/types\/post"}],"author":[{"embeddable":true,"href":"https:\/\/sindaopcpb.org.br\/index.php\/wp-json\/wp\/v2\/users\/50"}],"replies":[{"embeddable":true,"href":"https:\/\/sindaopcpb.org.br\/index.php\/wp-json\/wp\/v2\/comments?post=29369"}],"version-history":[{"count":1,"href":"https:\/\/sindaopcpb.org.br\/index.php\/wp-json\/wp\/v2\/posts\/29369\/revisions"}],"predecessor-version":[{"id":29370,"href":"https:\/\/sindaopcpb.org.br\/index.php\/wp-json\/wp\/v2\/posts\/29369\/revisions\/29370"}],"wp:attachment":[{"href":"https:\/\/sindaopcpb.org.br\/index.php\/wp-json\/wp\/v2\/media?parent=29369"}],"wp:term":[{"taxonomy":"category","embeddable":true,"href":"https:\/\/sindaopcpb.org.br\/index.php\/wp-json\/wp\/v2\/categories?post=29369"},{"taxonomy":"post_tag","embeddable":true,"href":"https:\/\/sindaopcpb.org.br\/index.php\/wp-json\/wp\/v2\/tags?post=29369"}],"curies":[{"name":"wp","href":"https:\/\/api.w.org\/{rel}","templated":true}]}}