{"id":29322,"date":"2023-08-11T14:25:36","date_gmt":"2023-08-11T17:25:36","guid":{"rendered":"https:\/\/wpa.wscom.com.br\/?p=917170"},"modified":"2023-08-11T14:25:36","modified_gmt":"2023-08-11T17:25:36","slug":"novo-pac-preve-estudos-para-possivel-privatizacao-de-rodovias-federais-na-paraiba","status":"publish","type":"post","link":"https:\/\/sindaopcpb.org.br\/index.php\/2023\/08\/11\/novo-pac-preve-estudos-para-possivel-privatizacao-de-rodovias-federais-na-paraiba\/","title":{"rendered":"Novo PAC prev\u00ea estudos para poss\u00edvel privatiza\u00e7\u00e3o de rodovias federais na Para\u00edba"},"content":{"rendered":"<p>Dentre as iniciativas do Novo PAC do Governo Lula na Para\u00edba, haver\u00e1 o in\u00edcio dos estudos voltados para a poss\u00edvel privatiza\u00e7\u00e3o das rodovias BRs-230, 101 e 116.<\/p>\n<p>As estradas s\u00e3o a liga\u00e7\u00e3o entre a Para\u00edba, Pernambuco, Rio Grande do Norte e Cear\u00e1.<\/p>\n<p>Caso os estudos prossigam e a privatiza\u00e7\u00e3o seja efetivada, \u00e9 previsto que o uso dessas vias ser\u00e1 onerado com a implementa\u00e7\u00e3o de pra\u00e7as de ped\u00e1gio.<\/p>\n<p>O post <a rel=\"nofollow noopener\" href=\"https:\/\/wscom.com.br\/novo-pac-preve-estudos-para-possivel-privatizacao-de-rodovias-federais-na-paraiba\/\" target=\"_blank\">Novo PAC prev\u00ea estudos para poss\u00edvel privatiza\u00e7\u00e3o de rodovias federais na Para\u00edba<\/a> apareceu primeiro em <a rel=\"nofollow noopener\" href=\"https:\/\/wscom.com.br\/\" target=\"_blank\">WSCOM<\/a>.<\/p>\n","protected":false},"excerpt":{"rendered":"<p>Dentre as iniciativas do Novo PAC do Governo Lula na Para\u00edba, haver\u00e1 o in\u00edcio dos estudos voltados para a poss\u00edvel privatiza\u00e7\u00e3o das rodovias BRs-230, 101 e 116. As estradas s\u00e3o a liga\u00e7\u00e3o entre a Para\u00edba, Pernambuco, Rio Grande do Norte e Cear\u00e1. Caso os estudos prossigam e a privatiza\u00e7\u00e3o seja efetivada, \u00e9 previsto que o [\u2026]<\/p>\n<p>O post <a rel=\"nofollow\" href=\"https:\/\/wscom.com.br\/novo-pac-preve-estudos-para-possivel-privatizacao-de-rodovias-federais-na-paraiba\/\">Novo PAC prev\u00ea estudos para poss\u00edvel privatiza\u00e7\u00e3o de rodovias federais na Para\u00edba<\/a> apareceu primeiro em <a rel=\"nofollow\" href=\"https:\/\/wscom.com.br\/\">WSCOM<\/a>.<\/p>\n","protected":false},"author":50,"featured_media":0,"comment_status":"closed","ping_status":"closed","sticky":false,"template":"","format":"standard","meta":{"advgb_blocks_editor_width":"","advgb_blocks_columns_visual_guide":"","footnotes":""},"categories":[34,343,54],"tags":[35],"class_list":["post-29322","post","type-post","status-publish","format-standard","hentry","category-g1","category-pac","category-paraiba","tag-g1"],"author_meta":{"display_name":"Wallyson","author_link":"https:\/\/sindaopcpb.org.br\/author\/wallyson\/"},"featured_img":null,"coauthors":[],"tax_additional":{"categories":{"linked":["<a href=\"https:\/\/sindaopcpb.org.br\/g1\/\" class=\"advgb-post-tax-term\">G1<\/a>","<a href=\"https:\/\/sindaopcpb.org.br\/pac\/\" class=\"advgb-post-tax-term\">pac<\/a>","<a href=\"https:\/\/sindaopcpb.org.br\/paraiba\/\" class=\"advgb-post-tax-term\">Para\u00edba<\/a>"],"unlinked":["<span class=\"advgb-post-tax-term\">G1<\/span>","<span class=\"advgb-post-tax-term\">pac<\/span>","<span class=\"advgb-post-tax-term\">Para\u00edba<\/span>"]},"tags":{"linked":["<a href=\"https:\/\/sindaopcpb.org.br\/paraiba\/\" class=\"advgb-post-tax-term\">g1<\/a>"],"unlinked":["<span class=\"advgb-post-tax-term\">g1<\/span>"]}},"comment_count":"0","relative_dates":{"created":"Publicado 3 anos atr\u00e1s","modified":"Atualizado 3 anos atr\u00e1s"},"absolute_dates":{"created":"Publicado em 11 de agosto de 2023","modified":"Atualizado em 11 de agosto de 2023"},"absolute_dates_time":{"created":"Publicado em 11 de agosto de 2023 14:25","modified":"Atualizado em 11 de agosto de 2023 14:25"},"featured_img_caption":"","series_order":"","_links":{"self":[{"href":"https:\/\/sindaopcpb.org.br\/index.php\/wp-json\/wp\/v2\/posts\/29322","targetHints":{"allow":["GET"]}}],"collection":[{"href":"https:\/\/sindaopcpb.org.br\/index.php\/wp-json\/wp\/v2\/posts"}],"about":[{"href":"https:\/\/sindaopcpb.org.br\/index.php\/wp-json\/wp\/v2\/types\/post"}],"author":[{"embeddable":true,"href":"https:\/\/sindaopcpb.org.br\/index.php\/wp-json\/wp\/v2\/users\/50"}],"replies":[{"embeddable":true,"href":"https:\/\/sindaopcpb.org.br\/index.php\/wp-json\/wp\/v2\/comments?post=29322"}],"version-history":[{"count":1,"href":"https:\/\/sindaopcpb.org.br\/index.php\/wp-json\/wp\/v2\/posts\/29322\/revisions"}],"predecessor-version":[{"id":29323,"href":"https:\/\/sindaopcpb.org.br\/index.php\/wp-json\/wp\/v2\/posts\/29322\/revisions\/29323"}],"wp:attachment":[{"href":"https:\/\/sindaopcpb.org.br\/index.php\/wp-json\/wp\/v2\/media?parent=29322"}],"wp:term":[{"taxonomy":"category","embeddable":true,"href":"https:\/\/sindaopcpb.org.br\/index.php\/wp-json\/wp\/v2\/categories?post=29322"},{"taxonomy":"post_tag","embeddable":true,"href":"https:\/\/sindaopcpb.org.br\/index.php\/wp-json\/wp\/v2\/tags?post=29322"}],"curies":[{"name":"wp","href":"https:\/\/api.w.org\/{rel}","templated":true}]}}