{"id":29255,"date":"2023-08-11T09:44:01","date_gmt":"2023-08-11T12:44:01","guid":{"rendered":"https:\/\/wpa.wscom.com.br\/?p=917086"},"modified":"2023-08-11T09:44:01","modified_gmt":"2023-08-11T12:44:01","slug":"livro-em-homenagem-a-ministra-assusete-magalhaes-sera-lancado-em-22-de-agosto","status":"publish","type":"post","link":"https:\/\/sindaopcpb.org.br\/index.php\/2023\/08\/11\/livro-em-homenagem-a-ministra-assusete-magalhaes-sera-lancado-em-22-de-agosto\/","title":{"rendered":"Livro em homenagem \u00e0 ministra Assusete Magalh\u00e3es ser\u00e1 lan\u00e7ado em 22 de agosto"},"content":{"rendered":"<p>O livro &#8216;Repensar a justi\u00e7a \u2013 estudos em homenagem \u00e0 ministra Assusete Magalh\u00e3es&#8217; ser\u00e1 lan\u00e7ado no pr\u00f3ximo dia 22 de agosto, em evento no Sal\u00e3o de Recep\u00e7\u00f5es do Superior Tribunal de Justi\u00e7a (STJ), das 18h30 \u00e0s 22h.<\/p>\n<p>Com pref\u00e1cio do ministro Mauro Campbell Marques, o livro foi coordenado pela ministra Isabel Gallotti e pelo ministro Reynaldo Soares da Fonseca. A foto que ilustra a capa \u00e9 de autoria do ministro Sebasti\u00e3o Reis Junior e retrata a obra &#8220;Floresta Imagin\u00e1ria&#8221;, da artista Marianne Peretti, que comp\u00f5e a fachada do tribunal.<\/p>\n<p>O livro \u00e9 composto por 59 artigos de ministras e ministros do STJ, do Supremo Tribunal Federal, do Tribunal Superior Eleitoral, do Tribunal Superior do Trabalho e do Tribunal de Contas da Uni\u00e3o, bem como de integrantes da magistratura, da advocacia p\u00fablica e privada e de outros segmentos do mundo jur\u00eddico. A organiza\u00e7\u00e3o \u00e9 de Bianca Heringer, Grace Monteiro, Palmira Santiago e Rejane Rocha.<\/p>\n<p>Os artigos tratam de temas variados, como sistema de precedentes no Brasil, responsabilidade civil do Estado, m\u00e9todos alternativos de solu\u00e7\u00e3o de conflitos, servi\u00e7os p\u00fablicos, prote\u00e7\u00e3o de dados, direitos sociais e democracia.<\/p>\n<p>&nbsp;<\/p>\n<p><img decoding=\"async\" src=\"https:\/\/img2.migalhas.com.br\/_MEDPROC_\/https__img.migalhas.com.br__SL__gf_base__SL__empresas__SL__MIGA__SL__imagens__SL__2023__SL__07__SL__26__SL__5f7e9cd1-06d4-4009-9fd1-003e2d5245aa.png._PROC_CP65.png\" alt=\"Livro em homenagem \u00e0 ministra Assusete Magalh\u00e3es ser\u00e1 lan\u00e7ado no STJ\" title=\"\"><\/p>\n<p>&nbsp;<\/p>\n<h2>Ministra do STJ desde 2012<\/h2>\n<p><a href=\"https:\/\/www.stj.jus.br\/web\/verCurriculoMinistro?parametro=1&amp;cod_matriculamin=0001215\" rel=\"noopener nofollow\" target=\"_blank\"><strong>Assusete Magalh\u00e3es<\/strong><\/a>\u00a0\u00e9 integrante da Primeira Se\u00e7\u00e3o e da Segunda Turma e preside a Comiss\u00e3o Gestora de Precedentes e de A\u00e7\u00f5es Coletivas (Cogepac) do STJ. Al\u00e9m de advogada, atuou como procuradora do Instituto Nacional do Seguro Social e como procuradora da Rep\u00fablica. Foi a primeira mulher a ocupar o cargo de ju\u00edza federal em Minas Gerais e a integrar o Tribunal Regional Eleitoral do estado, bem como a primeira a presidir o Tribunal Regional Federal da 1\u00aa Regi\u00e3o, no qual exerceu o cargo de corregedora, tamb\u00e9m de forma in\u00e9dita. Em 2012, passou a ser a s\u00e9tima mulher a integrar o STJ.<\/p>\n<p>O post <a rel=\"nofollow noopener\" href=\"https:\/\/wscom.com.br\/livro-em-homenagem-a-ministra-assusete-magalhaes-sera-lancado-em-22-de-agosto\/\" target=\"_blank\">Livro em homenagem \u00e0 ministra Assusete Magalh\u00e3es ser\u00e1 lan\u00e7ado em 22 de agosto<\/a> apareceu primeiro em <a rel=\"nofollow noopener\" href=\"https:\/\/wscom.com.br\/\" target=\"_blank\">WSCOM<\/a>.<\/p>\n","protected":false},"excerpt":{"rendered":"<p>O livro \u2018Repensar a justi\u00e7a \u2013 estudos em homenagem \u00e0 ministra Assusete Magalh\u00e3es\u2019 ser\u00e1 lan\u00e7ado no pr\u00f3ximo dia 22 de agosto, em evento no Sal\u00e3o de Recep\u00e7\u00f5es do Superior Tribunal de Justi\u00e7a (STJ), das 18h30 \u00e0s 22h. Com pref\u00e1cio do ministro Mauro Campbell Marques, o livro foi coordenado pela ministra Isabel Gallotti e pelo ministro [\u2026]<\/p>\n<p>O post <a rel=\"nofollow\" href=\"https:\/\/wscom.com.br\/livro-em-homenagem-a-ministra-assusete-magalhaes-sera-lancado-em-22-de-agosto\/\">Livro em homenagem \u00e0 ministra Assusete Magalh\u00e3es ser\u00e1 lan\u00e7ado em 22 de agosto<\/a> apareceu primeiro em <a rel=\"nofollow\" href=\"https:\/\/wscom.com.br\/\">WSCOM<\/a>.<\/p>\n","protected":false},"author":49,"featured_media":0,"comment_status":"closed","ping_status":"closed","sticky":false,"template":"","format":"standard","meta":{"advgb_blocks_editor_width":"","advgb_blocks_columns_visual_guide":"","footnotes":""},"categories":[170,34,1718,7626,554,7627],"tags":[35],"class_list":["post-29255","post","type-post","status-publish","format-standard","hentry","category-cultura","category-g1","category-homenagem","category-lancamento-de-livro","category-livro","category-ministra-assusete-magalhaes","tag-g1"],"author_meta":{"display_name":"Cristiane Cavalcante","author_link":"https:\/\/sindaopcpb.org.br\/author\/cristiane-cavalcante\/"},"featured_img":null,"coauthors":[],"tax_additional":{"categories":{"linked":["<a href=\"https:\/\/sindaopcpb.org.br\/cultura\/\" class=\"advgb-post-tax-term\">Cultura<\/a>","<a href=\"https:\/\/sindaopcpb.org.br\/g1\/\" class=\"advgb-post-tax-term\">G1<\/a>","<a href=\"https:\/\/sindaopcpb.org.br\/homenagem\/\" class=\"advgb-post-tax-term\">Homenagem<\/a>","<a href=\"https:\/\/sindaopcpb.org.br\/lancamento-de-livro\/\" class=\"advgb-post-tax-term\">Lan\u00e7amento de Livro<\/a>","<a href=\"https:\/\/sindaopcpb.org.br\/livro\/\" class=\"advgb-post-tax-term\">livro<\/a>","<a href=\"https:\/\/sindaopcpb.org.br\/ministra-assusete-magalhaes\/\" class=\"advgb-post-tax-term\">ministra Assusete Magalh\u00e3es<\/a>"],"unlinked":["<span class=\"advgb-post-tax-term\">Cultura<\/span>","<span class=\"advgb-post-tax-term\">G1<\/span>","<span class=\"advgb-post-tax-term\">Homenagem<\/span>","<span class=\"advgb-post-tax-term\">Lan\u00e7amento de Livro<\/span>","<span class=\"advgb-post-tax-term\">livro<\/span>","<span class=\"advgb-post-tax-term\">ministra Assusete Magalh\u00e3es<\/span>"]},"tags":{"linked":["<a href=\"https:\/\/sindaopcpb.org.br\/ministra-assusete-magalhaes\/\" class=\"advgb-post-tax-term\">g1<\/a>"],"unlinked":["<span class=\"advgb-post-tax-term\">g1<\/span>"]}},"comment_count":"0","relative_dates":{"created":"Publicado 3 anos atr\u00e1s","modified":"Atualizado 3 anos atr\u00e1s"},"absolute_dates":{"created":"Publicado em 11 de agosto de 2023","modified":"Atualizado em 11 de agosto de 2023"},"absolute_dates_time":{"created":"Publicado em 11 de agosto de 2023 09:44","modified":"Atualizado em 11 de agosto de 2023 09:44"},"featured_img_caption":"","series_order":"","_links":{"self":[{"href":"https:\/\/sindaopcpb.org.br\/index.php\/wp-json\/wp\/v2\/posts\/29255","targetHints":{"allow":["GET"]}}],"collection":[{"href":"https:\/\/sindaopcpb.org.br\/index.php\/wp-json\/wp\/v2\/posts"}],"about":[{"href":"https:\/\/sindaopcpb.org.br\/index.php\/wp-json\/wp\/v2\/types\/post"}],"author":[{"embeddable":true,"href":"https:\/\/sindaopcpb.org.br\/index.php\/wp-json\/wp\/v2\/users\/49"}],"replies":[{"embeddable":true,"href":"https:\/\/sindaopcpb.org.br\/index.php\/wp-json\/wp\/v2\/comments?post=29255"}],"version-history":[{"count":1,"href":"https:\/\/sindaopcpb.org.br\/index.php\/wp-json\/wp\/v2\/posts\/29255\/revisions"}],"predecessor-version":[{"id":29256,"href":"https:\/\/sindaopcpb.org.br\/index.php\/wp-json\/wp\/v2\/posts\/29255\/revisions\/29256"}],"wp:attachment":[{"href":"https:\/\/sindaopcpb.org.br\/index.php\/wp-json\/wp\/v2\/media?parent=29255"}],"wp:term":[{"taxonomy":"category","embeddable":true,"href":"https:\/\/sindaopcpb.org.br\/index.php\/wp-json\/wp\/v2\/categories?post=29255"},{"taxonomy":"post_tag","embeddable":true,"href":"https:\/\/sindaopcpb.org.br\/index.php\/wp-json\/wp\/v2\/tags?post=29255"}],"curies":[{"name":"wp","href":"https:\/\/api.w.org\/{rel}","templated":true}]}}