{"id":29223,"date":"2023-08-10T19:41:24","date_gmt":"2023-08-10T22:41:24","guid":{"rendered":"https:\/\/wpa.wscom.com.br\/?p=917035"},"modified":"2023-08-10T19:41:24","modified_gmt":"2023-08-10T22:41:24","slug":"marcelo-e-suspenso-e-desfalca-fluminense-na-libertadores","status":"publish","type":"post","link":"https:\/\/sindaopcpb.org.br\/index.php\/2023\/08\/10\/marcelo-e-suspenso-e-desfalca-fluminense-na-libertadores\/","title":{"rendered":"Marcelo \u00e9 suspenso e desfalca Fluminense na Libertadores"},"content":{"rendered":"<p>O <strong>Fluminense<\/strong> n\u00e3o ter\u00e1 o lateral-esquerdo Marcelo para os pr\u00f3ximos dois jogos das quartas de final da Libertadores. Nesta quinta-feira, o Tribunal Disciplinar da Conmebol anunciou que o atleta foi punido em tr\u00eas jogos &#8211; sendo um j\u00e1 cumprido na volta contra o Argentinos Juniors, na \u00faltima ter\u00e7a-feira. Assim, ele n\u00e3o estar\u00e1 a disposi\u00e7\u00e3o na pr\u00f3xima fase, diante Flamengo ou Olimpia. O Fluminense pedir\u00e1 a anula\u00e7\u00e3o do julgamento.<\/p>\n<p>Al\u00e9m da suspens\u00e3o, Marcelo tamb\u00e9m foi punido em 6 mil d\u00f3lares pela entidade. Ele s\u00f3 voltar\u00e1 a atuar nesta edi\u00e7\u00e3o da Copa Libertadores caso o Fluminense avance para as semifinais.<\/p>\n<p>A puni\u00e7\u00e3o ao lateral-esquerdo Marcelo acontece devido a expuls\u00e3o no jogo de ida das oitavas de final da Libertadores, ap\u00f3s machucar, sem inten\u00e7\u00e3o, o zagueiro Luciano S\u00e1nchez, do Argentinos Juniors. O Fluminense chegou a entrar com uma defesa, mas n\u00e3o conseguiu mudar a decis\u00e3o da Conmebol.<\/p>\n<p>O post <a rel=\"nofollow noopener\" href=\"https:\/\/wscom.com.br\/marcelo-e-suspenso-e-desfalca-fluminense-na-libertadores\/\" target=\"_blank\">Marcelo \u00e9 suspenso e desfalca Fluminense na Libertadores<\/a> apareceu primeiro em <a rel=\"nofollow noopener\" href=\"https:\/\/wscom.com.br\/\" target=\"_blank\">WSCOM<\/a>.<\/p>\n","protected":false},"excerpt":{"rendered":"<p>O Fluminense n\u00e3o ter\u00e1 o lateral-esquerdo Marcelo para os pr\u00f3ximos dois jogos das quartas de final da Libertadores. Nesta quinta-feira, o Tribunal Disciplinar da Conmebol anunciou que o atleta foi punido em tr\u00eas jogos \u2013 sendo um j\u00e1 cumprido na volta contra o Argentinos Juniors, na \u00faltima ter\u00e7a-feira. Assim, ele n\u00e3o estar\u00e1 a disposi\u00e7\u00e3o na [\u2026]<\/p>\n<p>O post <a rel=\"nofollow\" href=\"https:\/\/wscom.com.br\/marcelo-e-suspenso-e-desfalca-fluminense-na-libertadores\/\">Marcelo \u00e9 suspenso e desfalca Fluminense na Libertadores<\/a> apareceu primeiro em <a rel=\"nofollow\" href=\"https:\/\/wscom.com.br\/\">WSCOM<\/a>.<\/p>\n","protected":false},"author":50,"featured_media":0,"comment_status":"closed","ping_status":"closed","sticky":false,"template":"","format":"standard","meta":{"advgb_blocks_editor_width":"","advgb_blocks_columns_visual_guide":"","footnotes":""},"categories":[3979,79,34,4346,7613],"tags":[35],"class_list":["post-29223","post","type-post","status-publish","format-standard","hentry","category-flu","category-futebol","category-g1","category-libertadores","category-marclo","tag-g1"],"author_meta":{"display_name":"Wallyson","author_link":"https:\/\/sindaopcpb.org.br\/author\/wallyson\/"},"featured_img":null,"coauthors":[],"tax_additional":{"categories":{"linked":["<a href=\"https:\/\/sindaopcpb.org.br\/flu\/\" class=\"advgb-post-tax-term\">FLU<\/a>","<a href=\"https:\/\/sindaopcpb.org.br\/futebol\/\" class=\"advgb-post-tax-term\">Futebol<\/a>","<a href=\"https:\/\/sindaopcpb.org.br\/g1\/\" class=\"advgb-post-tax-term\">G1<\/a>","<a href=\"https:\/\/sindaopcpb.org.br\/libertadores\/\" class=\"advgb-post-tax-term\">Libertadores<\/a>","<a href=\"https:\/\/sindaopcpb.org.br\/marclo\/\" class=\"advgb-post-tax-term\">MARCLO<\/a>"],"unlinked":["<span class=\"advgb-post-tax-term\">FLU<\/span>","<span class=\"advgb-post-tax-term\">Futebol<\/span>","<span class=\"advgb-post-tax-term\">G1<\/span>","<span class=\"advgb-post-tax-term\">Libertadores<\/span>","<span class=\"advgb-post-tax-term\">MARCLO<\/span>"]},"tags":{"linked":["<a href=\"https:\/\/sindaopcpb.org.br\/marclo\/\" class=\"advgb-post-tax-term\">g1<\/a>"],"unlinked":["<span class=\"advgb-post-tax-term\">g1<\/span>"]}},"comment_count":"0","relative_dates":{"created":"Publicado 3 anos atr\u00e1s","modified":"Atualizado 3 anos atr\u00e1s"},"absolute_dates":{"created":"Publicado em 10 de agosto de 2023","modified":"Atualizado em 10 de agosto de 2023"},"absolute_dates_time":{"created":"Publicado em 10 de agosto de 2023 19:41","modified":"Atualizado em 10 de agosto de 2023 19:41"},"featured_img_caption":"","series_order":"","_links":{"self":[{"href":"https:\/\/sindaopcpb.org.br\/index.php\/wp-json\/wp\/v2\/posts\/29223","targetHints":{"allow":["GET"]}}],"collection":[{"href":"https:\/\/sindaopcpb.org.br\/index.php\/wp-json\/wp\/v2\/posts"}],"about":[{"href":"https:\/\/sindaopcpb.org.br\/index.php\/wp-json\/wp\/v2\/types\/post"}],"author":[{"embeddable":true,"href":"https:\/\/sindaopcpb.org.br\/index.php\/wp-json\/wp\/v2\/users\/50"}],"replies":[{"embeddable":true,"href":"https:\/\/sindaopcpb.org.br\/index.php\/wp-json\/wp\/v2\/comments?post=29223"}],"version-history":[{"count":1,"href":"https:\/\/sindaopcpb.org.br\/index.php\/wp-json\/wp\/v2\/posts\/29223\/revisions"}],"predecessor-version":[{"id":29224,"href":"https:\/\/sindaopcpb.org.br\/index.php\/wp-json\/wp\/v2\/posts\/29223\/revisions\/29224"}],"wp:attachment":[{"href":"https:\/\/sindaopcpb.org.br\/index.php\/wp-json\/wp\/v2\/media?parent=29223"}],"wp:term":[{"taxonomy":"category","embeddable":true,"href":"https:\/\/sindaopcpb.org.br\/index.php\/wp-json\/wp\/v2\/categories?post=29223"},{"taxonomy":"post_tag","embeddable":true,"href":"https:\/\/sindaopcpb.org.br\/index.php\/wp-json\/wp\/v2\/tags?post=29223"}],"curies":[{"name":"wp","href":"https:\/\/api.w.org\/{rel}","templated":true}]}}