{"id":29206,"date":"2023-08-10T19:00:37","date_gmt":"2023-08-10T22:00:37","guid":{"rendered":"https:\/\/wpa.wscom.com.br\/?p=917019"},"modified":"2023-08-10T19:00:37","modified_gmt":"2023-08-10T22:00:37","slug":"destino-da-vez-no-nordeste-joao-pessoa-e-destaque-na-revista-de-bordo-da-azul","status":"publish","type":"post","link":"https:\/\/sindaopcpb.org.br\/index.php\/2023\/08\/10\/destino-da-vez-no-nordeste-joao-pessoa-e-destaque-na-revista-de-bordo-da-azul\/","title":{"rendered":"Destino da vez no Nordeste, Jo\u00e3o Pessoa \u00e9 destaque na revista de bordo da Azul"},"content":{"rendered":"<p>Intitulada como \u201cdestino da vez no Nordeste\u201d, Jo\u00e3o Pessoa voltou a ser protagonista na\u00a0<a href=\"https:\/\/www.joaopessoa.pb.gov.br\/wp-content\/uploads\/2023\/08\/Revista-digital-Joao-Pessoa-Edicao-113.pdf\" rel=\"nofollow noopener\" target=\"_blank\">revista de bordo da Azul Linhas A\u00e9reas<\/a>\u00a0que est\u00e1 circulando nas aeronaves em todo o Brasil, na edi\u00e7\u00e3o de agosto. Na capa, uma sugest\u00e3o para que os clientes da companhia a\u00e9rea visitem a capital paraibana, ampliando o convite para que curtam o exuberante litoral da costa do Conde e de Cabedelo, duas cidades estrat\u00e9gicas e que complementam os roteiros que os turistas podem fazer durante a visita \u00e0 Para\u00edba.<\/p>\n<figure class=\"wp-block-image size-large\"><\/figure>\n<p>A edi\u00e7\u00e3o da\u00a0<a href=\"https:\/\/www.joaopessoa.pb.gov.br\/wp-content\/uploads\/2023\/08\/Revista-digital-Joao-Pessoa-Edicao-113.pdf\" rel=\"nofollow noopener\" target=\"_blank\">revista<\/a>\u00a0faz parte da articula\u00e7\u00e3o da Prefeitura de Jo\u00e3o Pessoa, por meio da Secretaria de Turismo (Setur-JP), em parceria com o Governo do Estado, com envolvimento da Secretaria de Turismo e Desenvolvimento Econ\u00f4mico (Setde-PB) e Empresa Paraibana de Turismo (PBTur), rede hoteleira, por meio da Associa\u00e7\u00e3o Brasileira da Ind\u00fastria Hoteleira \u2013 seccional Para\u00edba (ABIH-PB), al\u00e9m das secretarias de Turismo do Conde e de Cabedelo.<\/p>\n<p>De acordo com o secret\u00e1rio de Turismo de Jo\u00e3o Pessoa, Daniel Rodrigues, a prefeitura tem se mobilizado para atrair mais turistas para a cidade e a Azul tem sido uma importante parceria nesse processo. A revista de bordo \u00e9 a cereja no bolo dessa articula\u00e7\u00e3o, que envolve ainda a amplia\u00e7\u00e3o da malha a\u00e9rea da companhia para a Para\u00edba. No final de julho deste ano, a Azul anunciou 10 novos voos dedicados para o per\u00edodo de alta esta\u00e7\u00e3o, a partir de dezembro at\u00e9 o final do Carnaval, em 2024.<\/p>\n<p>A companhia renovou os trechos que foram sucesso na temporada passada, saindo de Belo Horizonte (pelo BH Airport), Campinas (SP), Congonhas (SP), Uberl\u00e2ndia (MG) e Goi\u00e2nia (GO). Al\u00e9m disso, incluiu dois novos destinos: S\u00e3o Jos\u00e9 do Rio Preto e Ribeir\u00e3o Preto, duas importantes cidades do interior paulista, estado que \u00e9 o maior emissor de turistas para Jo\u00e3o Pessoa.<\/p>\n<p>\u201cCom a divulga\u00e7\u00e3o dos nossos roteiros nas 12 p\u00e1ginas de revista de bordo da Azul, sem d\u00favida, vai gerar maior interesse dos clientes da empresa de conhecerem Jo\u00e3o Pessoa e colocarem no planejamento da pr\u00f3xima viagem no per\u00edodo de ver\u00e3o de 2023\/2024. Temos um importante incremento de turistas nesse per\u00edodo com esse incentivo e oferta de voos que facilitam a vinda para a nossa cidade\u201d, apontou Daniel Rodrigues.<\/p>\n<p>Para se ter uma ideia da repercuss\u00e3o da revista de bordo da Azul, os exemplares s\u00e3o distribu\u00eddos para todos os clientes de forma gratuita nos voos nacionais. A companhia a\u00e9rea tem uma frota de 160 aeronaves, embarcando 2,5 milh\u00f5es de passageiros por m\u00eas, com uma taxa m\u00e9dia de ocupa\u00e7\u00e3o de 84%. Desses passageiros, 57% s\u00e3o homens e 43% mulheres, com 56% viajando a trabalho e 44% a lazer. Cerca de 25% desses clientes s\u00e3o executivos de alto n\u00edvel e 40% de m\u00e9dio n\u00edvel, enquanto que 33% t\u00eam renda acima de R$ 10 mil.<\/p>\n<figure class=\"wp-block-gallery has-nested-images columns-default is-cropped wp-block-gallery-1 is-layout-flex\">\n<figure class=\"wp-block-image size-large\"><img decoding=\"async\" loading=\"lazy\" class=\"wp-image-321614\" src=\"https:\/\/www.joaopessoa.pb.gov.br\/wp-content\/uploads\/2023\/08\/WhatsApp-Image-2023-08-10-at-15.53.05-1024x684.jpeg\" sizes=\"auto, (max-width: 1024px) 100vw, 1024px\" srcset=\"https:\/\/www.joaopessoa.pb.gov.br\/wp-content\/uploads\/2023\/08\/WhatsApp-Image-2023-08-10-at-15.53.05-1024x684.jpeg 1024w, https:\/\/www.joaopessoa.pb.gov.br\/wp-content\/uploads\/2023\/08\/WhatsApp-Image-2023-08-10-at-15.53.05-768x513.jpeg 768w, https:\/\/www.joaopessoa.pb.gov.br\/wp-content\/uploads\/2023\/08\/WhatsApp-Image-2023-08-10-at-15.53.05-600x400.jpeg 600w, https:\/\/www.joaopessoa.pb.gov.br\/wp-content\/uploads\/2023\/08\/WhatsApp-Image-2023-08-10-at-15.53.05.jpeg 1124w\" alt=\"\" width=\"1024\" height=\"684\" data-id=\"321614\" title=\"\"><\/figure>\n<figure class=\"wp-block-image size-large\"><img decoding=\"async\" loading=\"lazy\" class=\"wp-image-321613\" src=\"https:\/\/www.joaopessoa.pb.gov.br\/wp-content\/uploads\/2023\/08\/WhatsApp-Image-2023-08-10-at-15.53.05-1-1024x653.jpeg\" sizes=\"auto, (max-width: 1024px) 100vw, 1024px\" srcset=\"https:\/\/www.joaopessoa.pb.gov.br\/wp-content\/uploads\/2023\/08\/WhatsApp-Image-2023-08-10-at-15.53.05-1-1024x653.jpeg 1024w, https:\/\/www.joaopessoa.pb.gov.br\/wp-content\/uploads\/2023\/08\/WhatsApp-Image-2023-08-10-at-15.53.05-1-768x490.jpeg 768w, https:\/\/www.joaopessoa.pb.gov.br\/wp-content\/uploads\/2023\/08\/WhatsApp-Image-2023-08-10-at-15.53.05-1.jpeg 1138w\" alt=\"\" width=\"1024\" height=\"653\" data-id=\"321613\" title=\"\"><\/figure>\n<figure class=\"wp-block-image size-large\"><img decoding=\"async\" loading=\"lazy\" class=\"wp-image-321610\" src=\"https:\/\/www.joaopessoa.pb.gov.br\/wp-content\/uploads\/2023\/08\/WhatsApp-Image-2023-08-10-at-15.53.06-1-1024x666.jpeg\" sizes=\"auto, (max-width: 1024px) 100vw, 1024px\" srcset=\"https:\/\/www.joaopessoa.pb.gov.br\/wp-content\/uploads\/2023\/08\/WhatsApp-Image-2023-08-10-at-15.53.06-1-1024x666.jpeg 1024w, https:\/\/www.joaopessoa.pb.gov.br\/wp-content\/uploads\/2023\/08\/WhatsApp-Image-2023-08-10-at-15.53.06-1-768x500.jpeg 768w, https:\/\/www.joaopessoa.pb.gov.br\/wp-content\/uploads\/2023\/08\/WhatsApp-Image-2023-08-10-at-15.53.06-1.jpeg 1125w\" alt=\"\" width=\"1024\" height=\"666\" data-id=\"321610\" title=\"\"><\/figure>\n<figure class=\"wp-block-image size-large\"><img decoding=\"async\" loading=\"lazy\" class=\"wp-image-321611\" src=\"https:\/\/www.joaopessoa.pb.gov.br\/wp-content\/uploads\/2023\/08\/WhatsApp-Image-2023-08-10-at-15.53.06-1024x664.jpeg\" sizes=\"auto, (max-width: 1024px) 100vw, 1024px\" srcset=\"https:\/\/www.joaopessoa.pb.gov.br\/wp-content\/uploads\/2023\/08\/WhatsApp-Image-2023-08-10-at-15.53.06-1024x664.jpeg 1024w, https:\/\/www.joaopessoa.pb.gov.br\/wp-content\/uploads\/2023\/08\/WhatsApp-Image-2023-08-10-at-15.53.06-768x498.jpeg 768w, https:\/\/www.joaopessoa.pb.gov.br\/wp-content\/uploads\/2023\/08\/WhatsApp-Image-2023-08-10-at-15.53.06.jpeg 1142w\" alt=\"\" width=\"1024\" height=\"664\" data-id=\"321611\" title=\"\"><\/figure>\n<figure class=\"wp-block-image size-large\"><img decoding=\"async\" loading=\"lazy\" class=\"wp-image-321615\" src=\"https:\/\/www.joaopessoa.pb.gov.br\/wp-content\/uploads\/2023\/08\/WhatsApp-Image-2023-08-10-at-15.53.06-2-1024x671.jpeg\" sizes=\"auto, (max-width: 1024px) 100vw, 1024px\" srcset=\"https:\/\/www.joaopessoa.pb.gov.br\/wp-content\/uploads\/2023\/08\/WhatsApp-Image-2023-08-10-at-15.53.06-2-1024x671.jpeg 1024w, https:\/\/www.joaopessoa.pb.gov.br\/wp-content\/uploads\/2023\/08\/WhatsApp-Image-2023-08-10-at-15.53.06-2-768x503.jpeg 768w, https:\/\/www.joaopessoa.pb.gov.br\/wp-content\/uploads\/2023\/08\/WhatsApp-Image-2023-08-10-at-15.53.06-2.jpeg 1129w\" alt=\"\" width=\"1024\" height=\"671\" data-id=\"321615\" title=\"\"><\/figure>\n<figure class=\"wp-block-image size-large\"><img decoding=\"async\" loading=\"lazy\" class=\"wp-image-321612\" src=\"https:\/\/www.joaopessoa.pb.gov.br\/wp-content\/uploads\/2023\/08\/WhatsApp-Image-2023-08-10-at-15.53.07-1024x657.jpeg\" sizes=\"auto, (max-width: 1024px) 100vw, 1024px\" srcset=\"https:\/\/www.joaopessoa.pb.gov.br\/wp-content\/uploads\/2023\/08\/WhatsApp-Image-2023-08-10-at-15.53.07-1024x657.jpeg 1024w, https:\/\/www.joaopessoa.pb.gov.br\/wp-content\/uploads\/2023\/08\/WhatsApp-Image-2023-08-10-at-15.53.07-768x492.jpeg 768w, https:\/\/www.joaopessoa.pb.gov.br\/wp-content\/uploads\/2023\/08\/WhatsApp-Image-2023-08-10-at-15.53.07.jpeg 1140w\" alt=\"\" width=\"1024\" height=\"657\" data-id=\"321612\" title=\"\"><\/figure>\n<\/figure>\n<p><strong>Revista faz passeio pelo litoral<\/strong>\u00a0\u2013 A revista de bordo da Azul revela detalhes e peculiaridades do litoral paraibano, das belezas naturais, da produ\u00e7\u00e3o do artesanato e da excel\u00eancia da gastronomia. A rep\u00f3rter Roberta Malta e o fot\u00f3grafo Ariel Martini fizeram esse passeio registrando tudo que viram, experimentaram e conversaram com os personagens. Roberta j\u00e1 tinha vindo a Jo\u00e3o Pessoa h\u00e1 alguns anos e, segundo ela, encontrou uma nova cidade, mais exuberante, mais moderna, mais tranquila e, principalmente, com mais op\u00e7\u00f5es para os turistas curtirem e permanecerem por mais tempo.<\/p>\n<p>O t\u00edtulo de capa da revista j\u00e1 diz tudo: \u201cJo\u00e3o Pessoa \u2013 as atra\u00e7\u00f5es da capital e os melhores passeios no litoral da Para\u00edba\u201d. No texto, a rep\u00f3rter descreve as belezas do Centro Hist\u00f3rico da capital paraibana, das praias do litoral Norte e Sul, sem esquecer da gastronomia, do artesanato e da excel\u00eancia dos servi\u00e7os e atendimento. A reportagem, que tamb\u00e9m est\u00e1 dispon\u00edvel online, pode ser lida em portugu\u00eas e em ingl\u00eas.<\/p>\n<p>Confira a reportagem na \u00edntegra\u00a0<a href=\"https:\/\/www.joaopessoa.pb.gov.br\/wp-content\/uploads\/2023\/08\/Revista-digital-Joao-Pessoa-Edicao-113.pdf\" rel=\"nofollow noopener\" target=\"_blank\">neste link<\/a>.<\/p>\n<p>O post <a rel=\"nofollow noopener\" href=\"https:\/\/wscom.com.br\/destino-da-vez-no-nordeste-joao-pessoa-e-destaque-na-revista-de-bordo-da-azul\/\" target=\"_blank\">Destino da vez no Nordeste, Jo\u00e3o Pessoa \u00e9 destaque na revista de bordo da Azul<\/a> apareceu primeiro em <a rel=\"nofollow noopener\" href=\"https:\/\/wscom.com.br\/\" target=\"_blank\">WSCOM<\/a>.<\/p>\n","protected":false},"excerpt":{"rendered":"<p>Intitulada como \u201cdestino da vez no Nordeste\u201d, Jo\u00e3o Pessoa voltou a ser protagonista na\u00a0revista de bordo da Azul Linhas A\u00e9reas\u00a0que est\u00e1 circulando nas aeronaves em todo o Brasil, na edi\u00e7\u00e3o de agosto. Na capa, uma sugest\u00e3o para que os clientes da companhia a\u00e9rea visitem a capital paraibana, ampliando o convite para que curtam o exuberante [\u2026]<\/p>\n<p>O post <a rel=\"nofollow\" href=\"https:\/\/wscom.com.br\/destino-da-vez-no-nordeste-joao-pessoa-e-destaque-na-revista-de-bordo-da-azul\/\">Destino da vez no Nordeste, Jo\u00e3o Pessoa \u00e9 destaque na revista de bordo da Azul<\/a> apareceu primeiro em <a rel=\"nofollow\" href=\"https:\/\/wscom.com.br\/\">WSCOM<\/a>.<\/p>\n","protected":false},"author":50,"featured_media":0,"comment_status":"closed","ping_status":"closed","sticky":false,"template":"","format":"standard","meta":{"advgb_blocks_editor_width":"","advgb_blocks_columns_visual_guide":"","footnotes":""},"categories":[34,531,54,1597,202],"tags":[35],"class_list":["post-29206","post","type-post","status-publish","format-standard","hentry","category-g1","category-joao","category-paraiba","category-pessoa","category-turismo","tag-g1"],"author_meta":{"display_name":"Wallyson","author_link":"https:\/\/sindaopcpb.org.br\/author\/wallyson\/"},"featured_img":null,"coauthors":[],"tax_additional":{"categories":{"linked":["<a href=\"https:\/\/sindaopcpb.org.br\/g1\/\" class=\"advgb-post-tax-term\">G1<\/a>","<a href=\"https:\/\/sindaopcpb.org.br\/joao\/\" class=\"advgb-post-tax-term\">Jo\u00e3o<\/a>","<a href=\"https:\/\/sindaopcpb.org.br\/paraiba\/\" class=\"advgb-post-tax-term\">Para\u00edba<\/a>","<a href=\"https:\/\/sindaopcpb.org.br\/pessoa\/\" class=\"advgb-post-tax-term\">Pessoa<\/a>","<a href=\"https:\/\/sindaopcpb.org.br\/turismo\/\" class=\"advgb-post-tax-term\">Turismo<\/a>"],"unlinked":["<span class=\"advgb-post-tax-term\">G1<\/span>","<span class=\"advgb-post-tax-term\">Jo\u00e3o<\/span>","<span class=\"advgb-post-tax-term\">Para\u00edba<\/span>","<span class=\"advgb-post-tax-term\">Pessoa<\/span>","<span class=\"advgb-post-tax-term\">Turismo<\/span>"]},"tags":{"linked":["<a href=\"https:\/\/sindaopcpb.org.br\/turismo\/\" class=\"advgb-post-tax-term\">g1<\/a>"],"unlinked":["<span class=\"advgb-post-tax-term\">g1<\/span>"]}},"comment_count":"0","relative_dates":{"created":"Publicado 3 anos atr\u00e1s","modified":"Atualizado 3 anos atr\u00e1s"},"absolute_dates":{"created":"Publicado em 10 de agosto de 2023","modified":"Atualizado em 10 de agosto de 2023"},"absolute_dates_time":{"created":"Publicado em 10 de agosto de 2023 19:00","modified":"Atualizado em 10 de agosto de 2023 19:00"},"featured_img_caption":"","series_order":"","_links":{"self":[{"href":"https:\/\/sindaopcpb.org.br\/index.php\/wp-json\/wp\/v2\/posts\/29206","targetHints":{"allow":["GET"]}}],"collection":[{"href":"https:\/\/sindaopcpb.org.br\/index.php\/wp-json\/wp\/v2\/posts"}],"about":[{"href":"https:\/\/sindaopcpb.org.br\/index.php\/wp-json\/wp\/v2\/types\/post"}],"author":[{"embeddable":true,"href":"https:\/\/sindaopcpb.org.br\/index.php\/wp-json\/wp\/v2\/users\/50"}],"replies":[{"embeddable":true,"href":"https:\/\/sindaopcpb.org.br\/index.php\/wp-json\/wp\/v2\/comments?post=29206"}],"version-history":[{"count":1,"href":"https:\/\/sindaopcpb.org.br\/index.php\/wp-json\/wp\/v2\/posts\/29206\/revisions"}],"predecessor-version":[{"id":29207,"href":"https:\/\/sindaopcpb.org.br\/index.php\/wp-json\/wp\/v2\/posts\/29206\/revisions\/29207"}],"wp:attachment":[{"href":"https:\/\/sindaopcpb.org.br\/index.php\/wp-json\/wp\/v2\/media?parent=29206"}],"wp:term":[{"taxonomy":"category","embeddable":true,"href":"https:\/\/sindaopcpb.org.br\/index.php\/wp-json\/wp\/v2\/categories?post=29206"},{"taxonomy":"post_tag","embeddable":true,"href":"https:\/\/sindaopcpb.org.br\/index.php\/wp-json\/wp\/v2\/tags?post=29206"}],"curies":[{"name":"wp","href":"https:\/\/api.w.org\/{rel}","templated":true}]}}