{"id":29204,"date":"2023-08-10T19:04:49","date_gmt":"2023-08-10T22:04:49","guid":{"rendered":"https:\/\/wpa.wscom.com.br\/?p=917022"},"modified":"2023-08-10T19:04:49","modified_gmt":"2023-08-10T22:04:49","slug":"joao-pessoa-realiza-acao-preventiva-com-vacinacao-ate-as-21h-nesta-sexta-feira","status":"publish","type":"post","link":"https:\/\/sindaopcpb.org.br\/index.php\/2023\/08\/10\/joao-pessoa-realiza-acao-preventiva-com-vacinacao-ate-as-21h-nesta-sexta-feira\/","title":{"rendered":"Jo\u00e3o Pessoa realiza a\u00e7\u00e3o preventiva com vacina\u00e7\u00e3o at\u00e9 as 21h nesta sexta-feira"},"content":{"rendered":"<p>Com intuito de garantir a assist\u00eancia humanizada \u00e0 popula\u00e7\u00e3o, a Prefeitura de Jo\u00e3o Pessoa conta com 203 equipes de sa\u00fade da fam\u00edlia distribu\u00eddas em 92 unidades de sa\u00fade da fam\u00edlia (USFs), que atuam como porta de entrada para os servi\u00e7os do Sistema \u00danico de Sa\u00fade (SUS). A vacina\u00e7\u00e3o faz parte das a\u00e7\u00f5es de promo\u00e7\u00f5es e, nesta sexta-feira (11), estar\u00e1 dispon\u00edvel at\u00e9 as 21h para a popula\u00e7\u00e3o da Capital.<\/p>\n<figure class=\"wp-block-gallery has-nested-images columns-default is-cropped wp-block-gallery-1 is-layout-flex\">\n<figure class=\"wp-block-image\"><\/figure>\n<\/figure>\n<p>Al\u00e9m das USFs, as vacinas est\u00e3o dispon\u00edveis tamb\u00e9m nas policl\u00ednicas municipais, no Centro Municipal de Imuniza\u00e7\u00e3o e, para facilitar o acesso da popula\u00e7\u00e3o, sobretudo de quem n\u00e3o pode se deslocar at\u00e9 um dos postos durante o hor\u00e1rio comercial, no Shopping Sul, nos Banc\u00e1rios, e no Home Center Ferreira Costa, \u00e0s margens da BR-230, funcionando de segunda a sexta-feira, das 12h \u00e0s 21h e, aos s\u00e1bados, at\u00e9 \u00e0s 16h.<\/p>\n<p>O Minist\u00e9rio da Sa\u00fade (MS) recomenda que as vacinas contra a Covid-19 podem ser administradas simultaneamente com o imunizante que previne contra Influenza ou qualquer outro do calend\u00e1rio vacinal em qualquer intervalo na faixa et\u00e1ria de seis meses de idade ou mais. Todas as vacinas recomendadas no Programa Nacional de Imuniza\u00e7\u00e3o (PNI) est\u00e3o dispon\u00edveis gratuitamente nos postos de sa\u00fade.<\/p>\n<p><strong>Prote\u00e7\u00e3o<\/strong>\u00a0\u2013\u00a0As vacinas contra Influenza e Covid-19 est\u00e3o dispon\u00edveis para toda a popula\u00e7\u00e3o acima de seis meses de idade. J\u00e1 a vacina bivalente contra a Covid-19 \u00e9 destinada aos maiores de 18 anos, desde que tenham completado o esquema vacinal prim\u00e1rio (duas doses ou dose \u00fanica). \u00c9 necess\u00e1rio um per\u00edodo de 4 meses desde a \u00faltima aplica\u00e7\u00e3o para poder receber o imunizante. O p\u00fablico-alvo s\u00e3o pessoas acima de 18 anos, al\u00e9m de pessoas com defici\u00eancia, imunocomprometidas e com comorbidades acima de 12 anos, gestantes, pu\u00e9rperas e trabalhadores da sa\u00fade.<\/p>\n<p><strong>Documenta\u00e7\u00e3o\u00a0<\/strong>\u2013\u00a0Para ter acesso \u00e0 vacina contra Covid-19, o usu\u00e1rio deve apresentar um documento oficial e o cart\u00e3o de vacina, que comprove outras doses do imunizante, al\u00e9m do Cart\u00e3o SUS. J\u00e1 para receber a vacina contra Influenza e demais vacinas do calend\u00e1rio de rotina, \u00e9 importante levar o cart\u00e3o de vacina, Cart\u00e3o SUS e um documento oficial do usu\u00e1rio.<\/p>\n<p><strong>Vacina\u00e7\u00e3o Domiciliar<\/strong>\u00a0\u2013\u00a0Para pessoas acamadas e restritas ao leito, \u00e9 necess\u00e1rio fazer agendamento, por meio do n\u00famero (83) 98645-7727. As vacinas s\u00e3o disponibilizadas nos domic\u00edlios, de segunda a sexta-feira, no hor\u00e1rio das 8h \u00e0s 16h.<\/p>\n<p><strong>Locais de vacina\u00e7\u00e3o em Jo\u00e3o Pessoa nesta sexta-feira (11):<\/strong><\/p>\n<p><strong>Unidades de Sa\u00fade da Fam\u00edlia (USFs)<\/strong><\/p>\n<p>Hor\u00e1rio: 7h \u00e0s 11h e das 12h \u00e0s 16h (de segunda a sexta-feira)<\/p>\n<p><strong>*exce\u00e7\u00e3o:<\/strong>\u00a0Alto do C\u00e9u II, Roger III, Cruz das Armas IV, Anayde Beiriz e Jardim Planalto<\/p>\n<p><strong>Policl\u00ednicas Municipais e Centro Municipal de Imuniza\u00e7\u00e3o<\/strong><\/p>\n<p>Hor\u00e1rio: 8h \u00e0s 16h (de segunda a sexta-feira \u2013 exceto feriados)<\/p>\n<p><strong>Home Center Ferreira Costa<\/strong><\/p>\n<p>Hor\u00e1rio: 12h \u00e0s 21h (de segunda a sexta-feira)<\/p>\n<p>8h \u00e0s 16h (s\u00e1bado)<\/p>\n<p><strong>Shopping Sul<\/strong><\/p>\n<p>Hor\u00e1rio: 12h \u00e0s 21h (de segunda a sexta-feira)<\/p>\n<p>10h \u00e0s 16h (s\u00e1bado)<\/p>\n<p><strong>Vacina\u00e7\u00e3o Domiciliar<\/strong><\/p>\n<p>Agendamento: (83) 98645-7727<\/p>\n<p>Hor\u00e1rio: 8h \u00e0s 16h (de segunda a sexta-feira)<\/p>\n<p>O post <a rel=\"nofollow noopener\" href=\"https:\/\/wscom.com.br\/joao-pessoa-realiza-acao-preventiva-com-vacinacao-ate-as-21h-nesta-sexta-feira\/\" target=\"_blank\">Jo\u00e3o Pessoa realiza a\u00e7\u00e3o preventiva com vacina\u00e7\u00e3o at\u00e9 as 21h nesta sexta-feira<\/a> apareceu primeiro em <a rel=\"nofollow noopener\" href=\"https:\/\/wscom.com.br\/\" target=\"_blank\">WSCOM<\/a>.<\/p>\n","protected":false},"excerpt":{"rendered":"<p>Com intuito de garantir a assist\u00eancia humanizada \u00e0 popula\u00e7\u00e3o, a Prefeitura de Jo\u00e3o Pessoa conta com 203 equipes de sa\u00fade da fam\u00edlia distribu\u00eddas em 92 unidades de sa\u00fade da fam\u00edlia (USFs), que atuam como porta de entrada para os servi\u00e7os do Sistema \u00danico de Sa\u00fade (SUS). A vacina\u00e7\u00e3o faz parte das a\u00e7\u00f5es de promo\u00e7\u00f5es e, [\u2026]<\/p>\n<p>O post <a rel=\"nofollow\" href=\"https:\/\/wscom.com.br\/joao-pessoa-realiza-acao-preventiva-com-vacinacao-ate-as-21h-nesta-sexta-feira\/\">Jo\u00e3o Pessoa realiza a\u00e7\u00e3o preventiva com vacina\u00e7\u00e3o at\u00e9 as 21h nesta sexta-feira<\/a> apareceu primeiro em <a rel=\"nofollow\" href=\"https:\/\/wscom.com.br\/\">WSCOM<\/a>.<\/p>\n","protected":false},"author":50,"featured_media":0,"comment_status":"closed","ping_status":"closed","sticky":false,"template":"","format":"standard","meta":{"advgb_blocks_editor_width":"","advgb_blocks_columns_visual_guide":"","footnotes":""},"categories":[34,531,1597,90,93],"tags":[35],"class_list":["post-29204","post","type-post","status-publish","format-standard","hentry","category-g1","category-joao","category-pessoa","category-saude","category-vacina","tag-g1"],"author_meta":{"display_name":"Wallyson","author_link":"https:\/\/sindaopcpb.org.br\/author\/wallyson\/"},"featured_img":null,"coauthors":[],"tax_additional":{"categories":{"linked":["<a href=\"https:\/\/sindaopcpb.org.br\/g1\/\" class=\"advgb-post-tax-term\">G1<\/a>","<a href=\"https:\/\/sindaopcpb.org.br\/joao\/\" class=\"advgb-post-tax-term\">Jo\u00e3o<\/a>","<a href=\"https:\/\/sindaopcpb.org.br\/pessoa\/\" class=\"advgb-post-tax-term\">Pessoa<\/a>","<a href=\"https:\/\/sindaopcpb.org.br\/saude\/\" class=\"advgb-post-tax-term\">Sa\u00fade<\/a>","<a href=\"https:\/\/sindaopcpb.org.br\/vacina\/\" class=\"advgb-post-tax-term\">vacina<\/a>"],"unlinked":["<span class=\"advgb-post-tax-term\">G1<\/span>","<span class=\"advgb-post-tax-term\">Jo\u00e3o<\/span>","<span class=\"advgb-post-tax-term\">Pessoa<\/span>","<span class=\"advgb-post-tax-term\">Sa\u00fade<\/span>","<span class=\"advgb-post-tax-term\">vacina<\/span>"]},"tags":{"linked":["<a href=\"https:\/\/sindaopcpb.org.br\/vacina\/\" class=\"advgb-post-tax-term\">g1<\/a>"],"unlinked":["<span class=\"advgb-post-tax-term\">g1<\/span>"]}},"comment_count":"0","relative_dates":{"created":"Publicado 3 anos atr\u00e1s","modified":"Atualizado 3 anos atr\u00e1s"},"absolute_dates":{"created":"Publicado em 10 de agosto de 2023","modified":"Atualizado em 10 de agosto de 2023"},"absolute_dates_time":{"created":"Publicado em 10 de agosto de 2023 19:04","modified":"Atualizado em 10 de agosto de 2023 19:04"},"featured_img_caption":"","series_order":"","_links":{"self":[{"href":"https:\/\/sindaopcpb.org.br\/index.php\/wp-json\/wp\/v2\/posts\/29204","targetHints":{"allow":["GET"]}}],"collection":[{"href":"https:\/\/sindaopcpb.org.br\/index.php\/wp-json\/wp\/v2\/posts"}],"about":[{"href":"https:\/\/sindaopcpb.org.br\/index.php\/wp-json\/wp\/v2\/types\/post"}],"author":[{"embeddable":true,"href":"https:\/\/sindaopcpb.org.br\/index.php\/wp-json\/wp\/v2\/users\/50"}],"replies":[{"embeddable":true,"href":"https:\/\/sindaopcpb.org.br\/index.php\/wp-json\/wp\/v2\/comments?post=29204"}],"version-history":[{"count":1,"href":"https:\/\/sindaopcpb.org.br\/index.php\/wp-json\/wp\/v2\/posts\/29204\/revisions"}],"predecessor-version":[{"id":29205,"href":"https:\/\/sindaopcpb.org.br\/index.php\/wp-json\/wp\/v2\/posts\/29204\/revisions\/29205"}],"wp:attachment":[{"href":"https:\/\/sindaopcpb.org.br\/index.php\/wp-json\/wp\/v2\/media?parent=29204"}],"wp:term":[{"taxonomy":"category","embeddable":true,"href":"https:\/\/sindaopcpb.org.br\/index.php\/wp-json\/wp\/v2\/categories?post=29204"},{"taxonomy":"post_tag","embeddable":true,"href":"https:\/\/sindaopcpb.org.br\/index.php\/wp-json\/wp\/v2\/tags?post=29204"}],"curies":[{"name":"wp","href":"https:\/\/api.w.org\/{rel}","templated":true}]}}