{"id":29196,"date":"2023-08-10T19:32:07","date_gmt":"2023-08-10T22:32:07","guid":{"rendered":"https:\/\/wpa.wscom.com.br\/?p=917030"},"modified":"2023-08-10T19:32:07","modified_gmt":"2023-08-10T22:32:07","slug":"em-depoimento-a-pf-silvinei-passa-mal-e-nega-ter-montado-operacao-contra-eleitores-de-lula","status":"publish","type":"post","link":"https:\/\/sindaopcpb.org.br\/index.php\/2023\/08\/10\/em-depoimento-a-pf-silvinei-passa-mal-e-nega-ter-montado-operacao-contra-eleitores-de-lula\/","title":{"rendered":"Em depoimento \u00e0 PF, Silvinei passa mal e nega ter montado opera\u00e7\u00e3o contra eleitores de Lula"},"content":{"rendered":"<p>O ex-diretor-geral da Pol\u00edcia Rodovi\u00e1ria Federal (PRF) Silvinei Vasques precisou ser atendido ap\u00f3s ter uma queda de press\u00e3o nesta quinta-feira (10). Ap\u00f3s se recuperar, voltou a prestar informa\u00e7\u00f5es aos investigadores da Pol\u00edcia Federal, em Bras\u00edlia (DF). O ex-dirigente afirmou que as blitze realizadas no dia do segundo turno das elei\u00e7\u00f5es de 2022 tinham o objetivo de proibir a compra de votos. Ele negou que a inten\u00e7\u00e3o fosse impedir eleitores do presidente Luiz In\u00e1cio Lula da Silva de votar.<\/p>\n<p>Silvinei foi preso nesta quarta (9), em opera\u00e7\u00e3o da PF. Ele \u00e9 suspeito de ter mobilizado a estrutura da PRF para atrapalhar a ida de eleitores a locais de vota\u00e7\u00e3o principalmente nas regi\u00f5es Norte e Nordeste, onde o atual presidente da Rep\u00fablica, Luiz In\u00e1cio Lula da Silva (PT), tem mais popularidade. Na v\u00e9spera das elei\u00e7\u00f5es, o ex-diretor-geral da PRF havia declarado voto em Bolsonaro. Vasques \u00e9 r\u00e9u por improbidade administrativa nesse epis\u00f3dio.<\/p>\n<p>Mensagens de um servidor da PRF revelaram argumentos favor\u00e1veis ao\u00a0<a href=\"https:\/\/www.brasil247.com\/poder\/servidor-da-prf-revela-que-silvinei-vasques-falou-em-policiamento-direcionado-as-vesperas-do-segundo-turno-das-eleicoes\" rel=\"noopener nofollow\" target=\"_blank\">&#8220;policiamento direcionado&#8221;\u00a0<\/a>por Vasques. Em relat\u00f3rio enviado \u00e0 Controladoria-Geral da Uni\u00e3o (CGU), o Minist\u00e9rio da Justi\u00e7a e Seguran\u00e7a P\u00fablica, comandado por Fl\u00e1vio Dino, apontou que, entre os dias 28 e 30 de outubro, a PRF fiscalizou 2.185 \u00f4nibus no Nordeste, onde o ent\u00e3o candidato Luiz In\u00e1cio Lula da Silva (PT) tinha mais popularidade. No mesmo per\u00edodo, foram 893, no Centro-Oeste; 571 \u00f4nibus no Sudeste; 632, no Sul; e 310, no Norte.<\/p>\n<p>O post <a rel=\"nofollow noopener\" href=\"https:\/\/wscom.com.br\/em-depoimento-a-pf-silvinei-passa-mal-e-nega-ter-montado\/\" target=\"_blank\">Em depoimento \u00e0 PF, Silvinei passa mal e nega ter montado opera\u00e7\u00e3o contra eleitores de Lula<\/a> apareceu primeiro em <a rel=\"nofollow noopener\" href=\"https:\/\/wscom.com.br\/\" target=\"_blank\">WSCOM<\/a>.<\/p>\n","protected":false},"excerpt":{"rendered":"<p>O ex-diretor-geral da Pol\u00edcia Rodovi\u00e1ria Federal (PRF) Silvinei Vasques precisou ser atendido ap\u00f3s ter uma queda de press\u00e3o nesta quinta-feira (10). Ap\u00f3s se recuperar, voltou a prestar informa\u00e7\u00f5es aos investigadores da Pol\u00edcia Federal, em Bras\u00edlia (DF). O ex-dirigente afirmou que as blitze realizadas no dia do segundo turno das elei\u00e7\u00f5es de 2022 tinham o objetivo [\u2026]<\/p>\n<p>O post <a rel=\"nofollow\" href=\"https:\/\/wscom.com.br\/em-depoimento-a-pf-silvinei-passa-mal-e-nega-ter-montado\/\">Em depoimento \u00e0 PF, Silvinei passa mal e nega ter montado opera\u00e7\u00e3o contra eleitores de Lula<\/a> apareceu primeiro em <a rel=\"nofollow\" href=\"https:\/\/wscom.com.br\/\">WSCOM<\/a>.<\/p>\n","protected":false},"author":50,"featured_media":0,"comment_status":"closed","ping_status":"closed","sticky":false,"template":"","format":"standard","meta":{"advgb_blocks_editor_width":"","advgb_blocks_columns_visual_guide":"","footnotes":""},"categories":[34,518,47,4974],"tags":[35],"class_list":["post-29196","post","type-post","status-publish","format-standard","hentry","category-g1","category-pf","category-politica","category-silvinei","tag-g1"],"author_meta":{"display_name":"Wallyson","author_link":"https:\/\/sindaopcpb.org.br\/author\/wallyson\/"},"featured_img":null,"coauthors":[],"tax_additional":{"categories":{"linked":["<a href=\"https:\/\/sindaopcpb.org.br\/g1\/\" class=\"advgb-post-tax-term\">G1<\/a>","<a href=\"https:\/\/sindaopcpb.org.br\/pf\/\" class=\"advgb-post-tax-term\">pf<\/a>","<a href=\"https:\/\/sindaopcpb.org.br\/politica\/\" class=\"advgb-post-tax-term\">POLITICA<\/a>","<a href=\"https:\/\/sindaopcpb.org.br\/silvinei\/\" class=\"advgb-post-tax-term\">silvinei<\/a>"],"unlinked":["<span class=\"advgb-post-tax-term\">G1<\/span>","<span class=\"advgb-post-tax-term\">pf<\/span>","<span class=\"advgb-post-tax-term\">POLITICA<\/span>","<span class=\"advgb-post-tax-term\">silvinei<\/span>"]},"tags":{"linked":["<a href=\"https:\/\/sindaopcpb.org.br\/silvinei\/\" class=\"advgb-post-tax-term\">g1<\/a>"],"unlinked":["<span class=\"advgb-post-tax-term\">g1<\/span>"]}},"comment_count":"0","relative_dates":{"created":"Publicado 3 anos atr\u00e1s","modified":"Atualizado 3 anos atr\u00e1s"},"absolute_dates":{"created":"Publicado em 10 de agosto de 2023","modified":"Atualizado em 10 de agosto de 2023"},"absolute_dates_time":{"created":"Publicado em 10 de agosto de 2023 19:32","modified":"Atualizado em 10 de agosto de 2023 19:32"},"featured_img_caption":"","series_order":"","_links":{"self":[{"href":"https:\/\/sindaopcpb.org.br\/index.php\/wp-json\/wp\/v2\/posts\/29196","targetHints":{"allow":["GET"]}}],"collection":[{"href":"https:\/\/sindaopcpb.org.br\/index.php\/wp-json\/wp\/v2\/posts"}],"about":[{"href":"https:\/\/sindaopcpb.org.br\/index.php\/wp-json\/wp\/v2\/types\/post"}],"author":[{"embeddable":true,"href":"https:\/\/sindaopcpb.org.br\/index.php\/wp-json\/wp\/v2\/users\/50"}],"replies":[{"embeddable":true,"href":"https:\/\/sindaopcpb.org.br\/index.php\/wp-json\/wp\/v2\/comments?post=29196"}],"version-history":[{"count":1,"href":"https:\/\/sindaopcpb.org.br\/index.php\/wp-json\/wp\/v2\/posts\/29196\/revisions"}],"predecessor-version":[{"id":29197,"href":"https:\/\/sindaopcpb.org.br\/index.php\/wp-json\/wp\/v2\/posts\/29196\/revisions\/29197"}],"wp:attachment":[{"href":"https:\/\/sindaopcpb.org.br\/index.php\/wp-json\/wp\/v2\/media?parent=29196"}],"wp:term":[{"taxonomy":"category","embeddable":true,"href":"https:\/\/sindaopcpb.org.br\/index.php\/wp-json\/wp\/v2\/categories?post=29196"},{"taxonomy":"post_tag","embeddable":true,"href":"https:\/\/sindaopcpb.org.br\/index.php\/wp-json\/wp\/v2\/tags?post=29196"}],"curies":[{"name":"wp","href":"https:\/\/api.w.org\/{rel}","templated":true}]}}