{"id":29187,"date":"2023-08-10T18:38:47","date_gmt":"2023-08-10T21:38:47","guid":{"rendered":"https:\/\/www.infomoney.com.br\/?p=2212640"},"modified":"2023-08-10T18:38:47","modified_gmt":"2023-08-10T21:38:47","slug":"governo-anuncia-investimento-de-r-26-bi-na-area-de-mobilidade-no-rio","status":"publish","type":"post","link":"https:\/\/sindaopcpb.org.br\/index.php\/2023\/08\/10\/governo-anuncia-investimento-de-r-26-bi-na-area-de-mobilidade-no-rio\/","title":{"rendered":"Governo anuncia investimento de R$ 2,6 bi na \u00e1rea de mobilidade no Rio"},"content":{"rendered":"<p><img loading=\"lazy\" width=\"300\" height=\"225\" src=\"https:\/\/www.infomoney.com.br\/wp-content\/uploads\/2023\/08\/dsc7055.jpg?fit=300%2C225&amp;quality=70&amp;strip=all\" class=\"attachment-medium size-medium wp-post-image\" alt=\"\" decoding=\"async\" style=\"float:right; margin:0 0 10px 10px;\" srcset=\"https:\/\/www.infomoney.com.br\/wp-content\/uploads\/2023\/08\/dsc7055.jpg?w=1024&amp;quality=70&amp;strip=all 1024w, https:\/\/www.infomoney.com.br\/wp-content\/uploads\/2023\/08\/dsc7055.jpg?w=300&amp;quality=70&amp;strip=all 300w, https:\/\/www.infomoney.com.br\/wp-content\/uploads\/2023\/08\/dsc7055.jpg?w=768&amp;quality=70&amp;strip=all 768w, https:\/\/www.infomoney.com.br\/wp-content\/uploads\/2023\/08\/dsc7055.jpg?w=150&amp;quality=70&amp;strip=all 150w\" sizes=\"auto, (max-width: 300px) 100vw, 300px\" data-attachment-id=\"2212656\" data-permalink=\"https:\/\/www.infomoney.com.br\/politica\/governo-anuncia-investimento-de-r-26-bi-na-area-de-mobilidade-no-rio\/attachment\/_dsc7055\/\" data-orig-file=\"https:\/\/www.infomoney.com.br\/wp-content\/uploads\/2023\/08\/dsc7055.jpg?fit=1024%2C768&amp;quality=70&amp;strip=all\" data-orig-size=\"1024,768\" data-comments-opened=\"0\" data-image-meta=\"{&quot;aperture&quot;:&quot;4&quot;,&quot;credit&quot;:&quot;Tomaz Silva\\\/Ag\\u00eancia Brasil&quot;,&quot;camera&quot;:&quot;NIKON D4&quot;,&quot;caption&quot;:&quot;Rio de Janeiro (RJ), 10\\\/08\\\/2023 \\u2013 O prefeito do Rio de Janeiro, Eduardo Paes e o presidente da Rep\\u00fablica, Luiz In\\u00e1cio Lula da Silva e autoridades em novo \\u00f4nibus do BRT durante cerim\\u00f4nia de an\\u00fancio e formaliza\\u00e7\\u00e3o da parceria entre o Governo Federal e a prefeitura do Rio de Janeiro para investimentos do anel vi\\u00e1rio de Campo Grande, no Rio de Janeiro. Foto: Tomaz Silva\\\/Ag\\u00eancia Brasil&quot;,&quot;created_timestamp&quot;:&quot;1691664545&quot;,&quot;copyright&quot;:&quot;Ag\\u00eancia Brasil\\\/EBC&quot;,&quot;focal_length&quot;:&quot;55&quot;,&quot;iso&quot;:&quot;320&quot;,&quot;shutter_speed&quot;:&quot;0.001&quot;,&quot;title&quot;:&quot;&quot;,&quot;orientation&quot;:&quot;0&quot;}\" data-image-title=\"Eduardo Paes, Claudio Castro e Lula, no Rio\" data-image-description=\"&lt;p&gt;Rio de Janeiro (RJ), 10\/08\/2023 \u2013 O prefeito do Rio de Janeiro, Eduardo Paes e o presidente da Rep\u00fablica, Luiz In\u00e1cio Lula da Silva e autoridades em novo \u00f4nibus do BRT durante cerim\u00f4nia de an\u00fancio e formaliza\u00e7\u00e3o da parceria entre o Governo Federal e a prefeitura do Rio de Janeiro para investimentos do anel vi\u00e1rio de Campo Grande, no Rio de Janeiro. Foto: Tomaz Silva\/Ag\u00eancia Brasil&lt;\/p&gt;\n\" data-image-caption=\"&lt;p&gt;Rio de Janeiro (RJ), 10\/08\/2023 \u2013 O prefeito do Rio de Janeiro, Eduardo Paes e o presidente da Rep\u00fablica, Luiz In\u00e1cio Lula da Silva e autoridades em novo \u00f4nibus do BRT durante cerim\u00f4nia de an\u00fancio e formaliza\u00e7\u00e3o da parceria entre o Governo Federal e a prefeitura do Rio de Janeiro para investimentos do anel vi\u00e1rio de Campo Grande, no Rio de Janeiro. Foto: Tomaz Silva\/Ag\u00eancia Brasil&lt;\/p&gt;\n\" data-medium-file=\"https:\/\/www.infomoney.com.br\/wp-content\/uploads\/2023\/08\/dsc7055.jpg?fit=300%2C225&amp;quality=70&amp;strip=all\" data-large-file=\"https:\/\/www.infomoney.com.br\/wp-content\/uploads\/2023\/08\/dsc7055.jpg?fit=1024%2C768&amp;quality=70&amp;strip=all\" title=\"\"><\/p>\n<p>O governo federal anunciou, nesta quinta-feira (10), investimentos no valor de R$ 2,6 bilh&otilde;es em projetos de mobilidade na cidade do Rio de Janeiro. Os recursos ser&atilde;o usados para revitalizar o sistema de BRT (sistema de &ocirc;nibus r&aacute;pido) e para a constru&ccedil;&atilde;o de um anel vi&aacute;rio na zona oeste.<\/p>\n<p>O presidente da Rep&uacute;blica, Luiz In&aacute;cio Lula da Silva, participou da cerim&ocirc;nia de an&uacute;ncio dos investimentos, no bairro de Campo Grande.<\/p>\n<p>Segundo informa&ccedil;&otilde;es do governo federal, para o BRT, ser&atilde;o alocados R$ 1,8 bilh&atilde;o atrav&eacute;s de opera&ccedil;&otilde;es de cr&eacute;dito do munic&iacute;pio junto ao Banco do Brasil e &agrave; Caixa Econ&ocirc;mica Federal.<\/p>\n<p>Est&atilde;o previstas a compra de 700 novos &ocirc;nibus articulados, a reforma de esta&ccedil;&otilde;es dos tr&ecirc;s corredores j&aacute; em opera&ccedil;&atilde;o (Transol&iacute;mpica, Transcarioca e Transoeste) e a conclus&atilde;o do corredor Transbrasil. Segundo governo federal, a previs&atilde;o &eacute; que os quatro corredores estejam operando com &ocirc;nibus novos no ano que vem.<\/p>\n<p>Tamb&eacute;m haver&aacute; investimentos na constru&ccedil;&atilde;o de um terminal rodovi&aacute;rio na zona portu&aacute;ria (na &aacute;rea do Gas&ocirc;metro), para integrar linhas de &ocirc;nibus comuns ao BRT Transbrasil e na implanta&ccedil;&atilde;o de cinco garagens p&uacute;blicas para atender a esta&ccedil;&otilde;es de BRTs.<\/p>\n<p>&ldquo;N&oacute;s deixamos, em 2016, o sistema de BRT com 400 &ocirc;nibus. Quando eu voltei, em janeiro de 2021, esse sistema tinha 120 &ocirc;nibus, esses cacarecos. Esse financiamento de quase R$ 2 bilh&otilde;es permite &agrave; prefeitura, que tinha que resolver esse problema, comprar &ocirc;nibus novos, recuperar o sistema e devolver a dignidade &agrave; popula&ccedil;&atilde;o de toda a cidade, mas especialmente aqui da zona oeste&rdquo;, disse o prefeito Eduardo Paes.<\/p>\n<h2><strong>Anel vi&aacute;rio<\/strong><\/h2>\n<p>J&aacute; para a constru&ccedil;&atilde;o de um anel vi&aacute;rio em Campo Grande, na zona oeste da cidade, ser&atilde;o investidos R$ 820 milh&otilde;es, atrav&eacute;s do Banco Nacional de Desenvolvimento Econ&ocirc;mico e Social (BNDES). A obra de infraestrutura inclui um mergulh&atilde;o sob a Avenida Ces&aacute;rio de Melo, um t&uacute;nel de 600 metros sob o morro Luiz Bom, al&eacute;m da implementa&ccedil;&atilde;o das r&oacute;tulas na rua Artur Rios e Estrada da Caroba.<\/p>\n<p>Tamb&eacute;m est&atilde;o previstos 2 quil&ocirc;metros de ciclovia. De acordo com a prefeitura, as novas rotas permitir&atilde;o o escoamento de tr&aacute;fego de ve&iacute;culos e a diminui&ccedil;&atilde;o de seu tempo de deslocamento.<\/p>\n<p>&ldquo;Eu fui eleito presidente para governar para todos, at&eacute; para os meus advers&aacute;rios, mas todo mundo tem que saber que a minha prioridade &eacute; melhorar a vida do povo trabalhador deste pa&iacute;s&rdquo;, disse Lula, em discurso na cerim&ocirc;nia, no est&aacute;dio &Iacute;talo Del Cima, em Campo Grande.<\/p>\n<p>O presidente Lula e o prefeito Eduardo Paes tamb&eacute;m participaram nesta quinta-feira, da primeira implos&atilde;o do t&uacute;nel sob o morro Luiz Bom.<\/p>\n<\/p>\n<div class=\"cta-end\">\n<div class=\"im-cta\" >\n<div class=\"im-shortcode-forms bg-light bg-opacity-25 border rounded-4 p-3 p-sm-4 p-md-3 p-lg-4 px-xxl-5 my-5\" data-configuration='{\"form_name\":false,\"form_hat\":\"Newsletter\",\"form_email\":true,\"form_icon\":\"newsletter\",\"form_phone\":false,\"form_campaign\":\"NIM\",\"form_thankyou\":\"\",\"form_journey\":\"APIEvent-26a5198d-8e09-06ef-5f80-cd9127757ad1\",\"form_button\":\"Quero receber\",\"form_context\":\"newsletter\",\"form_origin\":\"https:\\\/\\\/www.infomoney.com.br\\\/politica\\\/feed\\\/?utm_medium=materia&#038;utm_source=infomoney&#038;utm_campaign=NIM&#038;utm_term=politica&#038;utm_content=newsletter\",\"form_position\":\"final\",\"form_category\":\"cta_form\"}'>\n<div class=\"d-flex flex-column align-items-center align-items-lg-start mb-4 flex-lg-row\">\n<div class=\"rounded-circle mb-2 mb-lg-0 mr-lg-4 me-lg-4 p-3 p-lg-4 bg-blue-400\"><svg width=\"40\" height=\"40\" viewBox=\"0 0 40 40\" fill=\"none\" xmlns=\"http:\/\/www.w3.org\/2000\/svg\"><path d=\"M20 20.25 6.042 11.042v19.041c0 .167.048.299.146.396a.535.535 0 0 0 .395.146h15.792V32.5H6.583a2.328 2.328 0 0 1-1.708-.708 2.328 2.328 0 0 1-.708-1.709V9.917c0-.667.236-1.236.708-1.709A2.328 2.328 0 0 1 6.583 7.5h26.834c.666 0 1.236.236 1.708.708a2.33 2.33 0 0 1 .708 1.709v12.458h-1.875V11.042L20 20.25Zm0-2 13.667-8.875H6.333L20 18.25Zm11.75 18.958-1.292-1.333 3.334-3.375h-9v-1.875h9l-3.375-3.417 1.333-1.291 5.667 5.625-5.667 5.666ZM6.042 11.042v20.791-9.458.25-13.25 1.667Z\" fill=\"#fff\"\/><\/svg><\/div>\n<div class=\"flex-fill text-center text-lg-left\">\n<div class=\"h6 small text-orange-700 lh-base mb-1\">Newsletter<\/div>\n<div class=\"text-body h4 m-0\">Infomorning<\/div>\n<div class=\"text-body small lh-base mt-2\">Receba no seu e-mail logo pela manh&atilde; as not&iacute;cias que v&atilde;o mexer com os mercados, com os seus investimentos e o seu bolso durante o dia<\/div>\n<\/div>\n<\/div>\n<\/div>\n<\/div>\n<\/div>\n<p>The post <a rel=\"nofollow noopener\" href=\"https:\/\/www.infomoney.com.br\/politica\/governo-anuncia-investimento-de-r-26-bi-na-area-de-mobilidade-no-rio\/\" target=\"_blank\">Governo anuncia investimento de R$ 2,6 bi na \u00e1rea de mobilidade no Rio<\/a> appeared first on <a rel=\"nofollow noopener\" href=\"https:\/\/www.infomoney.com.br\/\" target=\"_blank\">InfoMoney<\/a>.<\/p>\n","protected":false},"excerpt":{"rendered":"<p><img loading=\"lazy\" decoding=\"async\" width=\"300\" height=\"225\" src=\"https:\/\/www.infomoney.com.br\/wp-content\/uploads\/2023\/08\/dsc7055.jpg?fit=300%2C225&amp;quality=70&amp;strip=all\" class=\"attachment-medium size-medium wp-post-image\" alt=\"\" data-attachment-id=\"2212656\" data-permalink=\"https:\/\/www.infomoney.com.br\/politica\/governo-anuncia-investimento-de-r-26-bi-na-area-de-mobilidade-no-rio\/attachment\/_dsc7055\/\" data-orig-file=\"https:\/\/www.infomoney.com.br\/wp-content\/uploads\/2023\/08\/dsc7055.jpg?fit=1024%2C768&amp;quality=70&amp;strip=all\" data-orig-size=\"1024,768\" data-comments-opened=\"0\" data-image-meta='{\"aperture\":\"4\",\"credit\":\"Tomaz Silva\\\/Ag\\u00eancia Brasil\",\"camera\":\"NIKON D4\",\"caption\":\"Rio de Janeiro (RJ), 10\\\/08\\\/2023 \\u2013 O prefeito do Rio de Janeiro, Eduardo Paes e o presidente da Rep\\u00fablica, Luiz In\\u00e1cio Lula da Silva e autoridades em novo \\u00f4nibus do BRT durante cerim\\u00f4nia de an\\u00fancio e formaliza\\u00e7\\u00e3o da parceria entre o Governo Federal e a prefeitura do Rio de Janeiro para investimentos do anel vi\\u00e1rio de Campo Grande, no Rio de Janeiro. Foto: Tomaz Silva\\\/Ag\\u00eancia Brasil\",\"created_timestamp\":\"1691664545\",\"copyright\":\"Ag\\u00eancia Brasil\\\/EBC\",\"focal_length\":\"55\",\"iso\":\"320\",\"shutter_speed\":\"0.001\",\"title\":\"\",\"orientation\":\"0\"}' data-image-title=\"Eduardo Paes, Claudio Castro e Lula, no Rio\" data-image-description=\"&lt;p&gt;Rio de Janeiro (RJ), 10\/08\/2023 \u2013 O prefeito do Rio de Janeiro, Eduardo Paes e o presidente da Rep\u00fablica, Luiz In\u00e1cio Lula da Silva e autoridades em novo \u00f4nibus do BRT durante cerim\u00f4nia de an\u00fancio e formaliza\u00e7\u00e3o da parceria entre o Governo Federal e a prefeitura do Rio de Janeiro para investimentos do anel vi\u00e1rio de Campo Grande, no Rio de Janeiro. Foto: Tomaz Silva\/Ag\u00eancia Brasil&lt;\/p&gt;\n\" data-image-caption=\"&lt;p&gt;Rio de Janeiro (RJ), 10\/08\/2023 \u2013 O prefeito do Rio de Janeiro, Eduardo Paes e o presidente da Rep\u00fablica, Luiz In\u00e1cio Lula da Silva e autoridades em novo \u00f4nibus do BRT durante cerim\u00f4nia de an\u00fancio e formaliza\u00e7\u00e3o da parceria entre o Governo Federal e a prefeitura do Rio de Janeiro para investimentos do anel vi\u00e1rio de Campo Grande, no Rio de Janeiro. Foto: Tomaz Silva\/Ag\u00eancia Brasil&lt;\/p&gt;\n\" data-medium-file=\"https:\/\/www.infomoney.com.br\/wp-content\/uploads\/2023\/08\/dsc7055.jpg?fit=300%2C225&amp;quality=70&amp;strip=all\" data-large-file=\"https:\/\/www.infomoney.com.br\/wp-content\/uploads\/2023\/08\/dsc7055.jpg?fit=1024%2C768&amp;quality=70&amp;strip=all\">Para a constru\u00e7\u00e3o de um anel vi\u00e1rio em Campo Grande, na zona oeste da cidade, ser\u00e3o investidos R$ 820 milh\u00f5es, por meio do BNDES<\/p>\n<p>The post <a rel=\"nofollow\" href=\"https:\/\/www.infomoney.com.br\/politica\/governo-anuncia-investimento-de-r-26-bi-na-area-de-mobilidade-no-rio\/\">Governo anuncia investimento de R$ 2,6 bi na \u00e1rea de mobilidade no Rio<\/a> appeared first on <a rel=\"nofollow\" href=\"https:\/\/www.infomoney.com.br\/\">InfoMoney<\/a>.<\/p>\n","protected":false},"author":44,"featured_media":0,"comment_status":"closed","ping_status":"closed","sticky":false,"template":"","format":"standard","meta":{"advgb_blocks_editor_width":"","advgb_blocks_columns_visual_guide":"","footnotes":""},"categories":[34,129,2089,47,138,4784],"tags":[35],"class_list":["post-29187","post","type-post","status-publish","format-standard","hentry","category-g1","category-luiz-inacio-lula-da-silva","category-mobilidade-urbana","category-politica","category-rio-de-janeiro","category-transportes","tag-g1"],"author_meta":{"display_name":"Ag\u00eancia Brasil","author_link":"https:\/\/sindaopcpb.org.br\/author\/agencia-brasil\/"},"featured_img":null,"coauthors":[],"tax_additional":{"categories":{"linked":["<a href=\"https:\/\/sindaopcpb.org.br\/g1\/\" class=\"advgb-post-tax-term\">G1<\/a>","<a href=\"https:\/\/sindaopcpb.org.br\/luiz-inacio-lula-da-silva\/\" class=\"advgb-post-tax-term\">Luiz In\u00e1cio Lula da Silva<\/a>","<a href=\"https:\/\/sindaopcpb.org.br\/mobilidade-urbana\/\" class=\"advgb-post-tax-term\">Mobilidade Urbana<\/a>","<a href=\"https:\/\/sindaopcpb.org.br\/politica\/\" class=\"advgb-post-tax-term\">POLITICA<\/a>","<a href=\"https:\/\/sindaopcpb.org.br\/rio-de-janeiro\/\" class=\"advgb-post-tax-term\">Rio de Janeiro<\/a>","<a href=\"https:\/\/sindaopcpb.org.br\/transportes\/\" class=\"advgb-post-tax-term\">Transportes<\/a>"],"unlinked":["<span class=\"advgb-post-tax-term\">G1<\/span>","<span class=\"advgb-post-tax-term\">Luiz In\u00e1cio Lula da Silva<\/span>","<span class=\"advgb-post-tax-term\">Mobilidade Urbana<\/span>","<span class=\"advgb-post-tax-term\">POLITICA<\/span>","<span class=\"advgb-post-tax-term\">Rio de Janeiro<\/span>","<span class=\"advgb-post-tax-term\">Transportes<\/span>"]},"tags":{"linked":["<a href=\"https:\/\/sindaopcpb.org.br\/transportes\/\" class=\"advgb-post-tax-term\">g1<\/a>"],"unlinked":["<span class=\"advgb-post-tax-term\">g1<\/span>"]}},"comment_count":"0","relative_dates":{"created":"Publicado 3 anos atr\u00e1s","modified":"Atualizado 3 anos atr\u00e1s"},"absolute_dates":{"created":"Publicado em 10 de agosto de 2023","modified":"Atualizado em 10 de agosto de 2023"},"absolute_dates_time":{"created":"Publicado em 10 de agosto de 2023 18:38","modified":"Atualizado em 10 de agosto de 2023 18:38"},"featured_img_caption":"","series_order":"","_links":{"self":[{"href":"https:\/\/sindaopcpb.org.br\/index.php\/wp-json\/wp\/v2\/posts\/29187","targetHints":{"allow":["GET"]}}],"collection":[{"href":"https:\/\/sindaopcpb.org.br\/index.php\/wp-json\/wp\/v2\/posts"}],"about":[{"href":"https:\/\/sindaopcpb.org.br\/index.php\/wp-json\/wp\/v2\/types\/post"}],"author":[{"embeddable":true,"href":"https:\/\/sindaopcpb.org.br\/index.php\/wp-json\/wp\/v2\/users\/44"}],"replies":[{"embeddable":true,"href":"https:\/\/sindaopcpb.org.br\/index.php\/wp-json\/wp\/v2\/comments?post=29187"}],"version-history":[{"count":3,"href":"https:\/\/sindaopcpb.org.br\/index.php\/wp-json\/wp\/v2\/posts\/29187\/revisions"}],"predecessor-version":[{"id":29229,"href":"https:\/\/sindaopcpb.org.br\/index.php\/wp-json\/wp\/v2\/posts\/29187\/revisions\/29229"}],"wp:attachment":[{"href":"https:\/\/sindaopcpb.org.br\/index.php\/wp-json\/wp\/v2\/media?parent=29187"}],"wp:term":[{"taxonomy":"category","embeddable":true,"href":"https:\/\/sindaopcpb.org.br\/index.php\/wp-json\/wp\/v2\/categories?post=29187"},{"taxonomy":"post_tag","embeddable":true,"href":"https:\/\/sindaopcpb.org.br\/index.php\/wp-json\/wp\/v2\/tags?post=29187"}],"curies":[{"name":"wp","href":"https:\/\/api.w.org\/{rel}","templated":true}]}}