{"id":29128,"date":"2023-08-10T13:59:48","date_gmt":"2023-08-10T16:59:48","guid":{"rendered":"https:\/\/wpa.wscom.com.br\/?p=916937"},"modified":"2023-08-10T13:59:48","modified_gmt":"2023-08-10T16:59:48","slug":"bruno-roberto-rechaca-aproximacao-com-bruno-cunha-lima-nacional-definira-candidatura-do-pl-em-cg","status":"publish","type":"post","link":"https:\/\/sindaopcpb.org.br\/index.php\/2023\/08\/10\/bruno-roberto-rechaca-aproximacao-com-bruno-cunha-lima-nacional-definira-candidatura-do-pl-em-cg\/","title":{"rendered":"Bruno Roberto recha\u00e7a aproxima\u00e7\u00e3o com Bruno Cunha Lima; Nacional definir\u00e1 candidatura do PL em CG"},"content":{"rendered":"<p><span style=\"font-weight: 400;\">O ex-candidato ao Senado Bruno Roberto (PL) negou, nesta quinta-feira (10), qualquer possibilidade de aproxima\u00e7\u00e3o com Bruno Cunha Lima (PSD), prefeito de Campina Grande, visando as elei\u00e7\u00f5es de 2024.<\/span><\/p>\n<p><span style=\"font-weight: 400;\">Cunha Lima tentar\u00e1 a reelei\u00e7\u00e3o, mas n\u00e3o deve contar com o apoio do PL, segundo indicou Roberto. O deputado Sargento Neto, tamb\u00e9m do PL, havia defendido a alian\u00e7a.<\/span><\/p>\n<p><span style=\"font-weight: 400;\">A candidatura pr\u00f3pria do PL \u00e0 Prefeitura de Campina Grande \u00e9 decis\u00e3o do Diret\u00f3rio Nacional, disse Bruno Roberto.<\/span><\/p>\n<p><span style=\"font-weight: 400;\">\u201cEu particularmente analiso essa quest\u00e3o com muita isen\u00e7\u00e3o. N\u00e3o tenho nenhum tipo de v\u00ednculo com o projeto pol\u00edtico de Bruno Cunha Lima, tampouco qualquer outro que se apresenta para Campina Grande. Ent\u00e3o, mant\u00e9m-se intacta a nossa tese, refor\u00e7ada pela Nacional, de preserva\u00e7\u00e3o de candidatura pr\u00f3pria\u201d, disse \u00e0 98fm.<\/span><\/p>\n<p>O post <a rel=\"nofollow noopener\" href=\"https:\/\/wscom.com.br\/bruno-roberto-rechaca-aproximacao-com-bruno-cunha-lima-nacional-definira-candidatura-do-pl-em-cg\/\" target=\"_blank\">Bruno Roberto recha\u00e7a aproxima\u00e7\u00e3o com Bruno Cunha Lima; Nacional definir\u00e1 candidatura do PL em CG<\/a> apareceu primeiro em <a rel=\"nofollow noopener\" href=\"https:\/\/wscom.com.br\/\" target=\"_blank\">WSCOM<\/a>.<\/p>\n","protected":false},"excerpt":{"rendered":"<p>O ex-candidato ao Senado Bruno Roberto (PL) negou, nesta quinta-feira (10), qualquer possibilidade de aproxima\u00e7\u00e3o com Bruno Cunha Lima (PSD), prefeito de Campina Grande, visando as elei\u00e7\u00f5es de 2024. Cunha Lima tentar\u00e1 a reelei\u00e7\u00e3o, mas n\u00e3o deve contar com o apoio do PL, segundo indicou Roberto. O deputado Sargento Neto, tamb\u00e9m do PL, havia defendido [\u2026]<\/p>\n<p>O post <a rel=\"nofollow\" href=\"https:\/\/wscom.com.br\/bruno-roberto-rechaca-aproximacao-com-bruno-cunha-lima-nacional-definira-candidatura-do-pl-em-cg\/\">Bruno Roberto recha\u00e7a aproxima\u00e7\u00e3o com Bruno Cunha Lima; Nacional definir\u00e1 candidatura do PL em CG<\/a> apareceu primeiro em <a rel=\"nofollow\" href=\"https:\/\/wscom.com.br\/\">WSCOM<\/a>.<\/p>\n","protected":false},"author":50,"featured_media":0,"comment_status":"closed","ping_status":"closed","sticky":false,"template":"","format":"standard","meta":{"advgb_blocks_editor_width":"","advgb_blocks_columns_visual_guide":"","footnotes":""},"categories":[578,1662,34,510,47],"tags":[35],"class_list":["post-29128","post","type-post","status-publish","format-standard","hentry","category-bruno-cunha-lima","category-eleicoes","category-g1","category-pl","category-politica","tag-g1"],"author_meta":{"display_name":"Wallyson","author_link":"https:\/\/sindaopcpb.org.br\/author\/wallyson\/"},"featured_img":null,"coauthors":[],"tax_additional":{"categories":{"linked":["<a href=\"https:\/\/sindaopcpb.org.br\/bruno-cunha-lima\/\" class=\"advgb-post-tax-term\">bruno cunha lima<\/a>","<a href=\"https:\/\/sindaopcpb.org.br\/eleicoes\/\" class=\"advgb-post-tax-term\">Elei\u00e7\u00f5es<\/a>","<a href=\"https:\/\/sindaopcpb.org.br\/g1\/\" class=\"advgb-post-tax-term\">G1<\/a>","<a href=\"https:\/\/sindaopcpb.org.br\/pl\/\" class=\"advgb-post-tax-term\">pl<\/a>","<a href=\"https:\/\/sindaopcpb.org.br\/politica\/\" class=\"advgb-post-tax-term\">POLITICA<\/a>"],"unlinked":["<span class=\"advgb-post-tax-term\">bruno cunha lima<\/span>","<span class=\"advgb-post-tax-term\">Elei\u00e7\u00f5es<\/span>","<span class=\"advgb-post-tax-term\">G1<\/span>","<span class=\"advgb-post-tax-term\">pl<\/span>","<span class=\"advgb-post-tax-term\">POLITICA<\/span>"]},"tags":{"linked":["<a href=\"https:\/\/sindaopcpb.org.br\/politica\/\" class=\"advgb-post-tax-term\">g1<\/a>"],"unlinked":["<span class=\"advgb-post-tax-term\">g1<\/span>"]}},"comment_count":"0","relative_dates":{"created":"Publicado 3 anos atr\u00e1s","modified":"Atualizado 3 anos atr\u00e1s"},"absolute_dates":{"created":"Publicado em 10 de agosto de 2023","modified":"Atualizado em 10 de agosto de 2023"},"absolute_dates_time":{"created":"Publicado em 10 de agosto de 2023 13:59","modified":"Atualizado em 10 de agosto de 2023 13:59"},"featured_img_caption":"","series_order":"","_links":{"self":[{"href":"https:\/\/sindaopcpb.org.br\/index.php\/wp-json\/wp\/v2\/posts\/29128","targetHints":{"allow":["GET"]}}],"collection":[{"href":"https:\/\/sindaopcpb.org.br\/index.php\/wp-json\/wp\/v2\/posts"}],"about":[{"href":"https:\/\/sindaopcpb.org.br\/index.php\/wp-json\/wp\/v2\/types\/post"}],"author":[{"embeddable":true,"href":"https:\/\/sindaopcpb.org.br\/index.php\/wp-json\/wp\/v2\/users\/50"}],"replies":[{"embeddable":true,"href":"https:\/\/sindaopcpb.org.br\/index.php\/wp-json\/wp\/v2\/comments?post=29128"}],"version-history":[{"count":1,"href":"https:\/\/sindaopcpb.org.br\/index.php\/wp-json\/wp\/v2\/posts\/29128\/revisions"}],"predecessor-version":[{"id":29129,"href":"https:\/\/sindaopcpb.org.br\/index.php\/wp-json\/wp\/v2\/posts\/29128\/revisions\/29129"}],"wp:attachment":[{"href":"https:\/\/sindaopcpb.org.br\/index.php\/wp-json\/wp\/v2\/media?parent=29128"}],"wp:term":[{"taxonomy":"category","embeddable":true,"href":"https:\/\/sindaopcpb.org.br\/index.php\/wp-json\/wp\/v2\/categories?post=29128"},{"taxonomy":"post_tag","embeddable":true,"href":"https:\/\/sindaopcpb.org.br\/index.php\/wp-json\/wp\/v2\/tags?post=29128"}],"curies":[{"name":"wp","href":"https:\/\/api.w.org\/{rel}","templated":true}]}}