{"id":29126,"date":"2023-08-10T14:05:00","date_gmt":"2023-08-10T17:05:00","guid":{"rendered":"https:\/\/wpa.wscom.com.br\/?p=916939"},"modified":"2023-08-10T14:05:00","modified_gmt":"2023-08-10T17:05:00","slug":"homem-e-preso-em-joao-pessoa-por-se-apropriar-de-pensao-de-r-10-mil-e-manter-irma-idosa-em-condicoes-precarias","status":"publish","type":"post","link":"https:\/\/sindaopcpb.org.br\/index.php\/2023\/08\/10\/homem-e-preso-em-joao-pessoa-por-se-apropriar-de-pensao-de-r-10-mil-e-manter-irma-idosa-em-condicoes-precarias\/","title":{"rendered":"Homem \u00e9 preso em Jo\u00e3o Pessoa por se apropriar de pens\u00e3o de R$ 10 mil e manter irm\u00e3 idosa em condi\u00e7\u00f5es prec\u00e1rias"},"content":{"rendered":"<p>&nbsp;<\/p>\n<p>Um homem foi detido em Jo\u00e3o Pessoa sob suspeita de manter sua pr\u00f3pria irm\u00e3, de 61 anos, em c\u00e1rcere privado. O caso foi registrado no bairro de Jaguaribe, na quarta-feira (9).<\/p>\n<p>A mulher, que foi diagnosticada com problemas mentais, recebe pens\u00f5es avaliadas em aproximadamente R$ 10 mil. O suspeito tinha a tutela legal sobre a v\u00edtima.<\/p>\n<p>Segundo a Pol\u00edcia Civil, o local onde a idosa foi encontrada era inadequado, com condi\u00e7\u00f5es insalubres, comida estragada e at\u00e9 fezes no ch\u00e3o da casa.<\/p>\n<p>A idosa, v\u00edtima dos maus-tratos, foi encaminhada para a resid\u00eancia de uma irm\u00e3 na cidade de Campina Grande.<\/p>\n<p>O post <a rel=\"nofollow noopener\" href=\"https:\/\/wscom.com.br\/homem-e-preso-em-joao-pessoa-por-se-apropriar-de-pensao-de-r-10-mil-e-manter-irma-idosa-em-condicoes-precarias\/\" target=\"_blank\">Homem \u00e9 preso em Jo\u00e3o Pessoa por se apropriar de pens\u00e3o de R$ 10 mil e manter irm\u00e3 idosa em condi\u00e7\u00f5es prec\u00e1rias<\/a> apareceu primeiro em <a rel=\"nofollow noopener\" href=\"https:\/\/wscom.com.br\/\" target=\"_blank\">WSCOM<\/a>.<\/p>\n","protected":false},"excerpt":{"rendered":"<p>\u00a0 Um homem foi detido em Jo\u00e3o Pessoa sob suspeita de manter sua pr\u00f3pria irm\u00e3, de 61 anos, em c\u00e1rcere privado. O caso foi registrado no bairro de Jaguaribe, na quarta-feira (9). A mulher, que foi diagnosticada com problemas mentais, recebe pens\u00f5es avaliadas em aproximadamente R$ 10 mil. O suspeito tinha a tutela legal sobre [\u2026]<\/p>\n<p>O post <a rel=\"nofollow\" href=\"https:\/\/wscom.com.br\/homem-e-preso-em-joao-pessoa-por-se-apropriar-de-pensao-de-r-10-mil-e-manter-irma-idosa-em-condicoes-precarias\/\">Homem \u00e9 preso em Jo\u00e3o Pessoa por se apropriar de pens\u00e3o de R$ 10 mil e manter irm\u00e3 idosa em condi\u00e7\u00f5es prec\u00e1rias<\/a> apareceu primeiro em <a rel=\"nofollow\" href=\"https:\/\/wscom.com.br\/\">WSCOM<\/a>.<\/p>\n","protected":false},"author":50,"featured_media":0,"comment_status":"closed","ping_status":"closed","sticky":false,"template":"","format":"standard","meta":{"advgb_blocks_editor_width":"","advgb_blocks_columns_visual_guide":"","footnotes":""},"categories":[6763,34,249,2713,66],"tags":[35],"class_list":["post-29126","post","type-post","status-publish","format-standard","hentry","category-carcere","category-g1","category-homem","category-idosa","category-policial","tag-g1"],"author_meta":{"display_name":"Wallyson","author_link":"https:\/\/sindaopcpb.org.br\/author\/wallyson\/"},"featured_img":null,"coauthors":[],"tax_additional":{"categories":{"linked":["<a href=\"https:\/\/sindaopcpb.org.br\/carcere\/\" class=\"advgb-post-tax-term\">carcere<\/a>","<a href=\"https:\/\/sindaopcpb.org.br\/g1\/\" class=\"advgb-post-tax-term\">G1<\/a>","<a href=\"https:\/\/sindaopcpb.org.br\/homem\/\" class=\"advgb-post-tax-term\">Homem<\/a>","<a href=\"https:\/\/sindaopcpb.org.br\/idosa\/\" class=\"advgb-post-tax-term\">Idosa<\/a>","<a href=\"https:\/\/sindaopcpb.org.br\/policial\/\" class=\"advgb-post-tax-term\">Policial<\/a>"],"unlinked":["<span class=\"advgb-post-tax-term\">carcere<\/span>","<span class=\"advgb-post-tax-term\">G1<\/span>","<span class=\"advgb-post-tax-term\">Homem<\/span>","<span class=\"advgb-post-tax-term\">Idosa<\/span>","<span class=\"advgb-post-tax-term\">Policial<\/span>"]},"tags":{"linked":["<a href=\"https:\/\/sindaopcpb.org.br\/policial\/\" class=\"advgb-post-tax-term\">g1<\/a>"],"unlinked":["<span class=\"advgb-post-tax-term\">g1<\/span>"]}},"comment_count":"0","relative_dates":{"created":"Publicado 3 anos atr\u00e1s","modified":"Atualizado 3 anos atr\u00e1s"},"absolute_dates":{"created":"Publicado em 10 de agosto de 2023","modified":"Atualizado em 10 de agosto de 2023"},"absolute_dates_time":{"created":"Publicado em 10 de agosto de 2023 14:05","modified":"Atualizado em 10 de agosto de 2023 14:05"},"featured_img_caption":"","series_order":"","_links":{"self":[{"href":"https:\/\/sindaopcpb.org.br\/index.php\/wp-json\/wp\/v2\/posts\/29126","targetHints":{"allow":["GET"]}}],"collection":[{"href":"https:\/\/sindaopcpb.org.br\/index.php\/wp-json\/wp\/v2\/posts"}],"about":[{"href":"https:\/\/sindaopcpb.org.br\/index.php\/wp-json\/wp\/v2\/types\/post"}],"author":[{"embeddable":true,"href":"https:\/\/sindaopcpb.org.br\/index.php\/wp-json\/wp\/v2\/users\/50"}],"replies":[{"embeddable":true,"href":"https:\/\/sindaopcpb.org.br\/index.php\/wp-json\/wp\/v2\/comments?post=29126"}],"version-history":[{"count":1,"href":"https:\/\/sindaopcpb.org.br\/index.php\/wp-json\/wp\/v2\/posts\/29126\/revisions"}],"predecessor-version":[{"id":29127,"href":"https:\/\/sindaopcpb.org.br\/index.php\/wp-json\/wp\/v2\/posts\/29126\/revisions\/29127"}],"wp:attachment":[{"href":"https:\/\/sindaopcpb.org.br\/index.php\/wp-json\/wp\/v2\/media?parent=29126"}],"wp:term":[{"taxonomy":"category","embeddable":true,"href":"https:\/\/sindaopcpb.org.br\/index.php\/wp-json\/wp\/v2\/categories?post=29126"},{"taxonomy":"post_tag","embeddable":true,"href":"https:\/\/sindaopcpb.org.br\/index.php\/wp-json\/wp\/v2\/tags?post=29126"}],"curies":[{"name":"wp","href":"https:\/\/api.w.org\/{rel}","templated":true}]}}