{"id":29105,"date":"2023-08-10T12:23:56","date_gmt":"2023-08-10T15:23:56","guid":{"rendered":"https:\/\/www.infomoney.com.br\/?p=2211860"},"modified":"2023-08-10T12:23:56","modified_gmt":"2023-08-10T15:23:56","slug":"questao-agraria-ganhara-importancia-com-crescimento-da-base-governista-diz-ministro-a-cpi-do-mst","status":"publish","type":"post","link":"https:\/\/sindaopcpb.org.br\/index.php\/2023\/08\/10\/questao-agraria-ganhara-importancia-com-crescimento-da-base-governista-diz-ministro-a-cpi-do-mst\/","title":{"rendered":"Quest\u00e3o agr\u00e1ria ganhar\u00e1 import\u00e2ncia com crescimento da base governista, diz ministro \u00e0 CPI do MST"},"content":{"rendered":"<p><img loading=\"lazy\" width=\"300\" height=\"225\" src=\"https:\/\/www.infomoney.com.br\/wp-content\/uploads\/2023\/08\/pzzb0223_1.jpg?fit=300%2C225&amp;quality=70&amp;strip=all\" class=\"attachment-medium size-medium wp-post-image\" alt=\"\" decoding=\"async\" style=\"float:right; margin:0 0 10px 10px;\" srcset=\"https:\/\/www.infomoney.com.br\/wp-content\/uploads\/2023\/08\/pzzb0223_1.jpg?w=1024&amp;quality=70&amp;strip=all 1024w, https:\/\/www.infomoney.com.br\/wp-content\/uploads\/2023\/08\/pzzb0223_1.jpg?w=300&amp;quality=70&amp;strip=all 300w, https:\/\/www.infomoney.com.br\/wp-content\/uploads\/2023\/08\/pzzb0223_1.jpg?w=768&amp;quality=70&amp;strip=all 768w, https:\/\/www.infomoney.com.br\/wp-content\/uploads\/2023\/08\/pzzb0223_1.jpg?w=150&amp;quality=70&amp;strip=all 150w\" sizes=\"auto, (max-width: 300px) 100vw, 300px\" data-attachment-id=\"2212077\" data-permalink=\"https:\/\/www.infomoney.com.br\/politica\/questao-agraria-ganhara-importancia-com-crescimento-da-base-governista-diz-ministro-a-cpi-do-mst\/attachment\/pzzb0223_1\/\" data-orig-file=\"https:\/\/www.infomoney.com.br\/wp-content\/uploads\/2023\/08\/pzzb0223_1.jpg?fit=1024%2C768&amp;quality=70&amp;strip=all\" data-orig-size=\"1024,768\" data-comments-opened=\"0\" data-image-meta=\"{&quot;aperture&quot;:&quot;2.8&quot;,&quot;credit&quot;:&quot;Wilson Dias\\\/Ag\\u00eancia Brasil&quot;,&quot;camera&quot;:&quot;Canon EOS 7D Mark II&quot;,&quot;caption&quot;:&quot;Bras\\u00edlia (DF) 18\\\/07\\\/2023 - Ministro do Desenvolvimento Agr\\u00e1rio e Agricultura Familiar, Paulo Teixeira, no lan\\u00e7amento do edital Sert\\u00e3o Vivo, que selecionar\\u00e1 propostas de implanta\\u00e7\\u00e3o de projetos de resili\\u00eancia clim\\u00e1tica em \\u00e1reas rurais do semi\\u00e1rido nordestino.  Foto: Wilson Dias\\\/Ag\\u00eancia Brasil&quot;,&quot;created_timestamp&quot;:&quot;1689696205&quot;,&quot;copyright&quot;:&quot;Ag\\u00eancia Brasil\\\/EBC&quot;,&quot;focal_length&quot;:&quot;130&quot;,&quot;iso&quot;:&quot;1250&quot;,&quot;shutter_speed&quot;:&quot;0.00625&quot;,&quot;title&quot;:&quot;&quot;,&quot;orientation&quot;:&quot;0&quot;}\" data-image-title=\"Paulo Teixeira, ministro do Desenvolvimento Agr\u00e1rio\" data-image-description=\"&lt;p&gt;Bras\u00edlia (DF) 18\/07\/2023 &#8211; Ministro do Desenvolvimento Agr\u00e1rio e Agricultura Familiar, Paulo Teixeira, no lan\u00e7amento do edital Sert\u00e3o Vivo, que selecionar\u00e1 propostas de implanta\u00e7\u00e3o de projetos de resili\u00eancia clim\u00e1tica em \u00e1reas rurais do semi\u00e1rido nordestino.  Foto: Wilson Dias\/Ag\u00eancia Brasil&lt;\/p&gt;\n\" data-image-caption=\"&lt;p&gt;Bras\u00edlia (DF) 18\/07\/2023 &#8211; Ministro do Desenvolvimento Agr\u00e1rio e Agricultura Familiar, Paulo Teixeira, no lan\u00e7amento do edital Sert\u00e3o Vivo, que selecionar\u00e1 propostas de implanta\u00e7\u00e3o de projetos de resili\u00eancia clim\u00e1tica em \u00e1reas rurais do semi\u00e1rido nordestino.  Foto: Wilson Dias\/Ag\u00eancia Brasil&lt;\/p&gt;\n\" data-medium-file=\"https:\/\/www.infomoney.com.br\/wp-content\/uploads\/2023\/08\/pzzb0223_1.jpg?fit=300%2C225&amp;quality=70&amp;strip=all\" data-large-file=\"https:\/\/www.infomoney.com.br\/wp-content\/uploads\/2023\/08\/pzzb0223_1.jpg?fit=1024%2C768&amp;quality=70&amp;strip=all\" title=\"\"><\/p>\n<p>O ministro do Desenvolvimento Agr&aacute;rio, Paulo Teixeira (PT-SP), defendeu o direito dos assentados em acampamentos do Movimento dos Trabalhadores Sem Terra (MST), em participa&ccedil;&atilde;o na CPI que apura fatos e circunst&acirc;ncias envolvendo invas&otilde;es recentes realizadas pelo movimento, na manh&atilde; desta quinta-feira (10).<\/p>\n<p>De acordo com Paulo Teixeira, o or&ccedil;amento enviado pelo governo passado para tratar da reforma agr&aacute;ria foi da ordem de R$ 2 milh&otilde;es. Citando as dificuldades pelo fato de Jair Bolsonaro (PL) ter extinto a pasta do Desenvolvimento Agr&aacute;rio na gest&atilde;o anterior, o ministro alegou que est&aacute; em curso um processo de remanejamento or&ccedil;ament&aacute;rio para atender as necessidades e a implementa&ccedil;&atilde;o de pol&iacute;ticas p&uacute;blicas em parceria com outras pastas.<\/p>\n<p>&ldquo;O estabelecimento dos valores previstos foi feito pela equipe do presidente Lula durante a transi&ccedil;&atilde;o&rdquo;, rebateu o relator Ricardo Salles (PL-SP), deixando claro seu ponto de vista de que falta vontade pol&iacute;tica do atual governo para mudar o cen&aacute;rio atual. Com a resposta de Salles, Teixeira replicou que no momento em que a PEC da Transi&ccedil;&atilde;o tramitava, o governo eleito n&atilde;o contava com maioria no Congresso, e h&aacute; indica&ccedil;&atilde;o de que a quest&atilde;o agr&aacute;ria passe a ganhar import&acirc;ncia &agrave; medida que a base governista se expanda.<\/p>\n<p>A participa&ccedil;&atilde;o de Paulo Teixeira na comiss&atilde;o ocorre um dia ap&oacute;s o presidente da C&acirc;mara dos Deputados, Arthur Lira (PP-AL) anular requerimento de convoca&ccedil;&atilde;o do ministro da Casa Civil, Rui Costa (PT-BA), por alegar que o documento possu&iacute;a uma reda&ccedil;&atilde;o gen&eacute;rica demais, e a atividade do minist&eacute;rio n&atilde;o ter rela&ccedil;&atilde;o com o foco das atividades da comiss&atilde;o parlamentar. Nos bastidores, h&aacute; indica&ccedil;&atilde;o de que o gesto de Lira indica um alinhamento maior do presidente da Casa com os interesses do Planalto, uma vez que o grupo pol&iacute;tico formado por parlamentares do PP e do Republicanos se aproxima do Executivo, e s&atilde;o cotados para ocuparem minist&eacute;rios.<\/p>\n<p>Durante o depoimento &agrave; comiss&atilde;o, em que durante mais de duas horas foi confrontado pelo relator do colegiado, Ricardo Salles (PL-SP) em quest&otilde;es envolvendo a rela&ccedil;&atilde;o do minist&eacute;rio com o Instituto Nacional de Coloniza&ccedil;&atilde;o e Reforma Agr&aacute;ria (Incra) e as lideran&ccedil;as de movimentos sociais que tem a quest&atilde;o agr&aacute;ria como pauta, Paulo Teixeira indicou que o governo federal abriu di&aacute;logo com representantes do MST ap&oacute;s as invas&otilde;es recentes a &aacute;reas da Suzano nos estados do Esp&iacute;rito Santo e na Bahia. O ministro trouxe &agrave; comiss&atilde;o dados do Cad&Uacute;nico que apontam que h&aacute; atualmente 57 mil acampados em assentamentos, e s&atilde;o benefici&aacute;rios de programas sociais do governo.<\/p>\n<p>Teixeira indicou que os invasores alegaram o rompimento de um acordo feito com o governo federal para a aquisi&ccedil;&atilde;o de terras, e que por isso foram registradas as &uacute;ltimas invas&otilde;es, ocorridas este ano. Ex-ministro do Meio Ambiente de Bolsonaro, Salles observou que a dificuldade para lidar com esse tipo de negocia&ccedil;&atilde;o &eacute; que muitas empresas acabam exigindo um pre&ccedil;o consideravelmente alto pelas terras, levando em considera&ccedil;&atilde;o fatores de mercado que n&atilde;o deveriam ser considerados em uma transa&ccedil;&atilde;o com o um ente governamental.<\/p>\n<p>O depoimento de Paulo Teixeira, que teve in&iacute;cio pela manh&atilde;, segue durante a tarde.<\/p>\n<h2><strong>Relator n&atilde;o pedir&aacute; prorroga&ccedil;&atilde;o da CPI<\/strong><\/h2>\n<p>Na quarta-feira (9), o relator da CPI, Ricardo Salles (PL-SP), desistiu de pedir a prorroga&ccedil;&atilde;o do colegiado, cujo prazo de funcionamento termina em 14 de setembro. O an&uacute;ncio ocorreu ap&oacute;s decis&atilde;o do presidente da C&acirc;mara dos Deputados, Arthur Lira, de anular a convoca&ccedil;&atilde;o do ministro da Casa Civil, Rui Costa. Al&eacute;m de ouvir Rui Costa, a CPI iria analisar requerimentos, mas a reuni&atilde;o foi encerrada sem vota&ccedil;&otilde;es.<\/p>\n<p>Salles acusou o governo de &ldquo;manobras regimentais para neutralizar a CPI&rdquo;. Em entrevista ap&oacute;s o encerramento da reuni&atilde;o, ele disse que n&atilde;o deve pedir a prorroga&ccedil;&atilde;o da comiss&atilde;o. &ldquo;N&atilde;o podemos querer prorrogar algo cujas pernas foram amputadas.&rdquo;<\/p>\n<p>O relator tamb&eacute;m criticou o que chamou de &ldquo;arregimenta&ccedil;&atilde;o de parlamentares para a base governista para esvaziar a CPI&rdquo;. Houve 17 movimenta&ccedil;&otilde;es de integrantes da comiss&atilde;o nesta quarta-feira, entre trocas de membros titulares por suplentes e indica&ccedil;&otilde;es de novos membros. Analistas t&ecirc;m associado tais mudan&ccedil;as com a possibilidade de haver maior alinhamento da comiss&atilde;o com o governo, no momento em que cresce a expectativa pela nomea&ccedil;&atilde;o de Silvio Costa Filho (Republicanos-SE) e Andr&eacute; Fufuca (PP-MA) como ministros.<\/p>\n<\/p>\n<div class=\"cta-end\">\n<div class=\"im-cta\" >\n<div class=\"im-shortcode-forms bg-light bg-opacity-25 border rounded-4 p-3 p-sm-4 p-md-3 p-lg-4 px-xxl-5 my-5\" data-configuration='{\"form_name\":false,\"form_hat\":\"Newsletter\",\"form_email\":true,\"form_icon\":\"newsletter\",\"form_phone\":false,\"form_campaign\":\"NIM\",\"form_thankyou\":\"\",\"form_journey\":\"APIEvent-26a5198d-8e09-06ef-5f80-cd9127757ad1\",\"form_button\":\"Quero receber\",\"form_context\":\"newsletter\",\"form_origin\":\"https:\\\/\\\/www.infomoney.com.br\\\/politica\\\/feed\\\/?utm_medium=materia&#038;utm_source=infomoney&#038;utm_campaign=NIM&#038;utm_term=politica&#038;utm_content=newsletter\",\"form_position\":\"final\",\"form_category\":\"cta_form\"}'>\n<div class=\"d-flex flex-column align-items-center align-items-lg-start mb-4 flex-lg-row\">\n<div class=\"rounded-circle mb-2 mb-lg-0 mr-lg-4 me-lg-4 p-3 p-lg-4 bg-blue-400\"><svg width=\"40\" height=\"40\" viewBox=\"0 0 40 40\" fill=\"none\" xmlns=\"http:\/\/www.w3.org\/2000\/svg\"><path d=\"M20 20.25 6.042 11.042v19.041c0 .167.048.299.146.396a.535.535 0 0 0 .395.146h15.792V32.5H6.583a2.328 2.328 0 0 1-1.708-.708 2.328 2.328 0 0 1-.708-1.709V9.917c0-.667.236-1.236.708-1.709A2.328 2.328 0 0 1 6.583 7.5h26.834c.666 0 1.236.236 1.708.708a2.33 2.33 0 0 1 .708 1.709v12.458h-1.875V11.042L20 20.25Zm0-2 13.667-8.875H6.333L20 18.25Zm11.75 18.958-1.292-1.333 3.334-3.375h-9v-1.875h9l-3.375-3.417 1.333-1.291 5.667 5.625-5.667 5.666ZM6.042 11.042v20.791-9.458.25-13.25 1.667Z\" fill=\"#fff\"\/><\/svg><\/div>\n<div class=\"flex-fill text-center text-lg-left\">\n<div class=\"h6 small text-orange-700 lh-base mb-1\">Newsletter<\/div>\n<div class=\"text-body h4 m-0\">Infomorning<\/div>\n<div class=\"text-body small lh-base mt-2\">Receba no seu e-mail logo pela manh&atilde; as not&iacute;cias que v&atilde;o mexer com os mercados, com os seus investimentos e o seu bolso durante o dia<\/div>\n<\/div>\n<\/div>\n<\/div>\n<\/div>\n<\/div>\n<p>The post <a rel=\"nofollow noopener\" href=\"https:\/\/www.infomoney.com.br\/politica\/questao-agraria-ganhara-importancia-com-crescimento-da-base-governista-diz-ministro-a-cpi-do-mst\/\" target=\"_blank\">Quest\u00e3o agr\u00e1ria ganhar\u00e1 import\u00e2ncia com crescimento da base governista, diz ministro \u00e0 CPI do MST<\/a> appeared first on <a rel=\"nofollow noopener\" href=\"https:\/\/www.infomoney.com.br\/\" target=\"_blank\">InfoMoney<\/a>.<\/p>\n","protected":false},"excerpt":{"rendered":"<p><img loading=\"lazy\" decoding=\"async\" width=\"300\" height=\"225\" src=\"https:\/\/www.infomoney.com.br\/wp-content\/uploads\/2023\/08\/pzzb0223_1.jpg?fit=300%2C225&amp;quality=70&amp;strip=all\" class=\"attachment-medium size-medium wp-post-image\" alt=\"\" data-attachment-id=\"2212077\" data-permalink=\"https:\/\/www.infomoney.com.br\/politica\/questao-agraria-ganhara-importancia-com-crescimento-da-base-governista-diz-ministro-a-cpi-do-mst\/attachment\/pzzb0223_1\/\" data-orig-file=\"https:\/\/www.infomoney.com.br\/wp-content\/uploads\/2023\/08\/pzzb0223_1.jpg?fit=1024%2C768&amp;quality=70&amp;strip=all\" data-orig-size=\"1024,768\" data-comments-opened=\"0\" data-image-meta='{\"aperture\":\"2.8\",\"credit\":\"Wilson Dias\\\/Ag\\u00eancia Brasil\",\"camera\":\"Canon EOS 7D Mark II\",\"caption\":\"Bras\\u00edlia (DF) 18\\\/07\\\/2023 - Ministro do Desenvolvimento Agr\\u00e1rio e Agricultura Familiar, Paulo Teixeira, no lan\\u00e7amento do edital Sert\\u00e3o Vivo, que selecionar\\u00e1 propostas de implanta\\u00e7\\u00e3o de projetos de resili\\u00eancia clim\\u00e1tica em \\u00e1reas rurais do semi\\u00e1rido nordestino.  Foto: Wilson Dias\\\/Ag\\u00eancia Brasil\",\"created_timestamp\":\"1689696205\",\"copyright\":\"Ag\\u00eancia Brasil\\\/EBC\",\"focal_length\":\"130\",\"iso\":\"1250\",\"shutter_speed\":\"0.00625\",\"title\":\"\",\"orientation\":\"0\"}' data-image-title=\"Paulo Teixeira, ministro do Desenvolvimento Agr\u00e1rio\" data-image-description=\"&lt;p&gt;Bras\u00edlia (DF) 18\/07\/2023 \u2013 Ministro do Desenvolvimento Agr\u00e1rio e Agricultura Familiar, Paulo Teixeira, no lan\u00e7amento do edital Sert\u00e3o Vivo, que selecionar\u00e1 propostas de implanta\u00e7\u00e3o de projetos de resili\u00eancia clim\u00e1tica em \u00e1reas rurais do semi\u00e1rido nordestino.  Foto: Wilson Dias\/Ag\u00eancia Brasil&lt;\/p&gt;\n\" data-image-caption=\"&lt;p&gt;Bras\u00edlia (DF) 18\/07\/2023 \u2013 Ministro do Desenvolvimento Agr\u00e1rio e Agricultura Familiar, Paulo Teixeira, no lan\u00e7amento do edital Sert\u00e3o Vivo, que selecionar\u00e1 propostas de implanta\u00e7\u00e3o de projetos de resili\u00eancia clim\u00e1tica em \u00e1reas rurais do semi\u00e1rido nordestino.  Foto: Wilson Dias\/Ag\u00eancia Brasil&lt;\/p&gt;\n\" data-medium-file=\"https:\/\/www.infomoney.com.br\/wp-content\/uploads\/2023\/08\/pzzb0223_1.jpg?fit=300%2C225&amp;quality=70&amp;strip=all\" data-large-file=\"https:\/\/www.infomoney.com.br\/wp-content\/uploads\/2023\/08\/pzzb0223_1.jpg?fit=1024%2C768&amp;quality=70&amp;strip=all\">Chefe do Desenvolvimento Agr\u00e1rio comparece \u00e0 comiss\u00e3o no dia seguinte \u00e0 anula\u00e7\u00e3o de requerimento que pedia presen\u00e7a de Rui Costa<\/p>\n<p>The post <a rel=\"nofollow\" href=\"https:\/\/www.infomoney.com.br\/politica\/questao-agraria-ganhara-importancia-com-crescimento-da-base-governista-diz-ministro-a-cpi-do-mst\/\">Quest\u00e3o agr\u00e1ria ganhar\u00e1 import\u00e2ncia com crescimento da base governista, diz ministro \u00e0 CPI do MST<\/a> appeared first on <a rel=\"nofollow\" href=\"https:\/\/www.infomoney.com.br\/\">InfoMoney<\/a>.<\/p>\n","protected":false},"author":47,"featured_media":0,"comment_status":"closed","ping_status":"closed","sticky":false,"template":"","format":"standard","meta":{"advgb_blocks_editor_width":"","advgb_blocks_columns_visual_guide":"","footnotes":""},"categories":[276,752,34,501,47],"tags":[35],"class_list":["post-29105","post","type-post","status-publish","format-standard","hentry","category-camara-dos-deputados","category-cpi","category-g1","category-mst","category-politica","tag-g1"],"author_meta":{"display_name":"luispereira","author_link":"https:\/\/sindaopcpb.org.br\/author\/luispereira\/"},"featured_img":null,"coauthors":[],"tax_additional":{"categories":{"linked":["<a href=\"https:\/\/sindaopcpb.org.br\/camara-dos-deputados\/\" class=\"advgb-post-tax-term\">C\u00e2mara dos Deputados<\/a>","<a href=\"https:\/\/sindaopcpb.org.br\/cpi\/\" class=\"advgb-post-tax-term\">CPI<\/a>","<a href=\"https:\/\/sindaopcpb.org.br\/g1\/\" class=\"advgb-post-tax-term\">G1<\/a>","<a href=\"https:\/\/sindaopcpb.org.br\/mst\/\" class=\"advgb-post-tax-term\">MST<\/a>","<a href=\"https:\/\/sindaopcpb.org.br\/politica\/\" class=\"advgb-post-tax-term\">POLITICA<\/a>"],"unlinked":["<span class=\"advgb-post-tax-term\">C\u00e2mara dos Deputados<\/span>","<span class=\"advgb-post-tax-term\">CPI<\/span>","<span class=\"advgb-post-tax-term\">G1<\/span>","<span class=\"advgb-post-tax-term\">MST<\/span>","<span class=\"advgb-post-tax-term\">POLITICA<\/span>"]},"tags":{"linked":["<a href=\"https:\/\/sindaopcpb.org.br\/politica\/\" class=\"advgb-post-tax-term\">g1<\/a>"],"unlinked":["<span class=\"advgb-post-tax-term\">g1<\/span>"]}},"comment_count":"0","relative_dates":{"created":"Publicado 3 anos atr\u00e1s","modified":"Atualizado 3 anos atr\u00e1s"},"absolute_dates":{"created":"Publicado em 10 de agosto de 2023","modified":"Atualizado em 10 de agosto de 2023"},"absolute_dates_time":{"created":"Publicado em 10 de agosto de 2023 12:23","modified":"Atualizado em 10 de agosto de 2023 12:23"},"featured_img_caption":"","series_order":"","_links":{"self":[{"href":"https:\/\/sindaopcpb.org.br\/index.php\/wp-json\/wp\/v2\/posts\/29105","targetHints":{"allow":["GET"]}}],"collection":[{"href":"https:\/\/sindaopcpb.org.br\/index.php\/wp-json\/wp\/v2\/posts"}],"about":[{"href":"https:\/\/sindaopcpb.org.br\/index.php\/wp-json\/wp\/v2\/types\/post"}],"author":[{"embeddable":true,"href":"https:\/\/sindaopcpb.org.br\/index.php\/wp-json\/wp\/v2\/users\/47"}],"replies":[{"embeddable":true,"href":"https:\/\/sindaopcpb.org.br\/index.php\/wp-json\/wp\/v2\/comments?post=29105"}],"version-history":[{"count":2,"href":"https:\/\/sindaopcpb.org.br\/index.php\/wp-json\/wp\/v2\/posts\/29105\/revisions"}],"predecessor-version":[{"id":29140,"href":"https:\/\/sindaopcpb.org.br\/index.php\/wp-json\/wp\/v2\/posts\/29105\/revisions\/29140"}],"wp:attachment":[{"href":"https:\/\/sindaopcpb.org.br\/index.php\/wp-json\/wp\/v2\/media?parent=29105"}],"wp:term":[{"taxonomy":"category","embeddable":true,"href":"https:\/\/sindaopcpb.org.br\/index.php\/wp-json\/wp\/v2\/categories?post=29105"},{"taxonomy":"post_tag","embeddable":true,"href":"https:\/\/sindaopcpb.org.br\/index.php\/wp-json\/wp\/v2\/tags?post=29105"}],"curies":[{"name":"wp","href":"https:\/\/api.w.org\/{rel}","templated":true}]}}