{"id":29094,"date":"2023-08-10T11:48:58","date_gmt":"2023-08-10T14:48:58","guid":{"rendered":"https:\/\/wpa.wscom.com.br\/?p=916910"},"modified":"2023-08-10T11:48:58","modified_gmt":"2023-08-10T14:48:58","slug":"joao-azevedo-descarta-possibilidade-do-psb-lancar-candidato-para-governador-em-2026","status":"publish","type":"post","link":"https:\/\/sindaopcpb.org.br\/index.php\/2023\/08\/10\/joao-azevedo-descarta-possibilidade-do-psb-lancar-candidato-para-governador-em-2026\/","title":{"rendered":"Jo\u00e3o Azev\u00eado descarta possibilidade do PSB lan\u00e7ar candidato para governador em 2026"},"content":{"rendered":"<p>&nbsp;<\/p>\n<p>&nbsp;<\/p>\n<p>O governador Jo\u00e3o Azev\u00eado (PSB) afirmou nesta quinta-feira (10) que seu partido n\u00e3o deve lan\u00e7ar candidato para suced\u00ea-lo no cargo ao Governo do Estado. Em entrevista a jornalistas, ele disse que, estando na condi\u00e7\u00e3o de candidato a senador, n\u00e3o ter\u00e1 outra lideran\u00e7a do PSB a fazer parte da chapa majorit\u00e1ria nas elei\u00e7\u00f5es de 2026.<\/p>\n<p>A declara\u00e7\u00e3o de Jo\u00e3o Azev\u00eado buscou defender a fala do secret\u00e1rio de Administra\u00e7\u00e3o da Para\u00edba, Tib\u00e9rio Limeira, que teria dito ter nomes do PSB para concorrer no pleito. O gestor, no entanto, explicou que Tib\u00e9rio apenas foi perguntado se a legenda teria membros para lan\u00e7ar como candidato a governador.<\/p>\n<p>&#8220;Eu estando como candidato a senador, n\u00e3o poder\u00e1 ter outro do PSB [na chapa majorit\u00e1ria]. O que o entrevistador perguntou foi se o PSB teria quadros para concorrer ao Governo do estado e ele [Tib\u00e9rio] respondeu que o partido tem nomes para disputar qualquer cargo&#8221;, enfatizou o governador.<\/p>\n<p>O post <a rel=\"nofollow noopener\" href=\"https:\/\/wscom.com.br\/joao-azevedo-descarta-possibilidade-do-psb-lancar-candidato-para-governador-em-2026\/\" target=\"_blank\">Jo\u00e3o Azev\u00eado descarta possibilidade do PSB lan\u00e7ar candidato para governador em 2026<\/a> apareceu primeiro em <a rel=\"nofollow noopener\" href=\"https:\/\/wscom.com.br\/\" target=\"_blank\">WSCOM<\/a>.<\/p>\n","protected":false},"excerpt":{"rendered":"<p>\u00a0 \u00a0 O governador Jo\u00e3o Azev\u00eado (PSB) afirmou nesta quinta-feira (10) que seu partido n\u00e3o deve lan\u00e7ar candidato para suced\u00ea-lo no cargo ao Governo do Estado. Em entrevista a jornalistas, ele disse que, estando na condi\u00e7\u00e3o de candidato a senador, n\u00e3o ter\u00e1 outra lideran\u00e7a do PSB a fazer parte da chapa majorit\u00e1ria nas elei\u00e7\u00f5es de [\u2026]<\/p>\n<p>O post <a rel=\"nofollow\" href=\"https:\/\/wscom.com.br\/joao-azevedo-descarta-possibilidade-do-psb-lancar-candidato-para-governador-em-2026\/\">Jo\u00e3o Azev\u00eado descarta possibilidade do PSB lan\u00e7ar candidato para governador em 2026<\/a> apareceu primeiro em <a rel=\"nofollow\" href=\"https:\/\/wscom.com.br\/\">WSCOM<\/a>.<\/p>\n","protected":false},"author":42,"featured_media":0,"comment_status":"closed","ping_status":"closed","sticky":false,"template":"","format":"standard","meta":{"advgb_blocks_editor_width":"","advgb_blocks_columns_visual_guide":"","footnotes":""},"categories":[1636,34,4098,440,47,945],"tags":[35],"class_list":["post-29094","post","type-post","status-publish","format-standard","hentry","category-eleicoes-2026","category-g1","category-governo-do-estado","category-joao-azevedo","category-politica","category-psb","tag-g1"],"author_meta":{"display_name":"Rafael Andrade","author_link":"https:\/\/sindaopcpb.org.br\/author\/rafael-andrade\/"},"featured_img":null,"coauthors":[],"tax_additional":{"categories":{"linked":["<a href=\"https:\/\/sindaopcpb.org.br\/eleicoes-2026\/\" class=\"advgb-post-tax-term\">Elei\u00e7\u00f5es 2026<\/a>","<a href=\"https:\/\/sindaopcpb.org.br\/g1\/\" class=\"advgb-post-tax-term\">G1<\/a>","<a href=\"https:\/\/sindaopcpb.org.br\/governo-do-estado\/\" class=\"advgb-post-tax-term\">Governo do Estado<\/a>","<a href=\"https:\/\/sindaopcpb.org.br\/joao-azevedo\/\" class=\"advgb-post-tax-term\">jo\u00e3o azevedo<\/a>","<a href=\"https:\/\/sindaopcpb.org.br\/politica\/\" class=\"advgb-post-tax-term\">POLITICA<\/a>","<a href=\"https:\/\/sindaopcpb.org.br\/psb\/\" class=\"advgb-post-tax-term\">PSB<\/a>"],"unlinked":["<span class=\"advgb-post-tax-term\">Elei\u00e7\u00f5es 2026<\/span>","<span class=\"advgb-post-tax-term\">G1<\/span>","<span class=\"advgb-post-tax-term\">Governo do Estado<\/span>","<span class=\"advgb-post-tax-term\">jo\u00e3o azevedo<\/span>","<span class=\"advgb-post-tax-term\">POLITICA<\/span>","<span class=\"advgb-post-tax-term\">PSB<\/span>"]},"tags":{"linked":["<a href=\"https:\/\/sindaopcpb.org.br\/psb\/\" class=\"advgb-post-tax-term\">g1<\/a>"],"unlinked":["<span class=\"advgb-post-tax-term\">g1<\/span>"]}},"comment_count":"0","relative_dates":{"created":"Publicado 3 anos atr\u00e1s","modified":"Atualizado 3 anos atr\u00e1s"},"absolute_dates":{"created":"Publicado em 10 de agosto de 2023","modified":"Atualizado em 10 de agosto de 2023"},"absolute_dates_time":{"created":"Publicado em 10 de agosto de 2023 11:48","modified":"Atualizado em 10 de agosto de 2023 11:48"},"featured_img_caption":"","series_order":"","_links":{"self":[{"href":"https:\/\/sindaopcpb.org.br\/index.php\/wp-json\/wp\/v2\/posts\/29094","targetHints":{"allow":["GET"]}}],"collection":[{"href":"https:\/\/sindaopcpb.org.br\/index.php\/wp-json\/wp\/v2\/posts"}],"about":[{"href":"https:\/\/sindaopcpb.org.br\/index.php\/wp-json\/wp\/v2\/types\/post"}],"author":[{"embeddable":true,"href":"https:\/\/sindaopcpb.org.br\/index.php\/wp-json\/wp\/v2\/users\/42"}],"replies":[{"embeddable":true,"href":"https:\/\/sindaopcpb.org.br\/index.php\/wp-json\/wp\/v2\/comments?post=29094"}],"version-history":[{"count":1,"href":"https:\/\/sindaopcpb.org.br\/index.php\/wp-json\/wp\/v2\/posts\/29094\/revisions"}],"predecessor-version":[{"id":29095,"href":"https:\/\/sindaopcpb.org.br\/index.php\/wp-json\/wp\/v2\/posts\/29094\/revisions\/29095"}],"wp:attachment":[{"href":"https:\/\/sindaopcpb.org.br\/index.php\/wp-json\/wp\/v2\/media?parent=29094"}],"wp:term":[{"taxonomy":"category","embeddable":true,"href":"https:\/\/sindaopcpb.org.br\/index.php\/wp-json\/wp\/v2\/categories?post=29094"},{"taxonomy":"post_tag","embeddable":true,"href":"https:\/\/sindaopcpb.org.br\/index.php\/wp-json\/wp\/v2\/tags?post=29094"}],"curies":[{"name":"wp","href":"https:\/\/api.w.org\/{rel}","templated":true}]}}