{"id":29079,"date":"2023-08-10T09:36:04","date_gmt":"2023-08-10T12:36:04","guid":{"rendered":"https:\/\/wpa.wscom.com.br\/?p=916868"},"modified":"2023-08-10T09:36:04","modified_gmt":"2023-08-10T12:36:04","slug":"projeto-de-ruy-institui-programa-nacional-de-assistencia-integral-as-pessoas-com-epilepsia","status":"publish","type":"post","link":"https:\/\/sindaopcpb.org.br\/index.php\/2023\/08\/10\/projeto-de-ruy-institui-programa-nacional-de-assistencia-integral-as-pessoas-com-epilepsia\/","title":{"rendered":"Projeto de Ruy institui Programa Nacional de Assist\u00eancia Integral \u00e0s Pessoas com Epilepsia"},"content":{"rendered":"<p>&nbsp;<\/p>\n<p>&nbsp;<\/p>\n<p>A prote\u00e7\u00e3o e a garantia de novos diretos aos pacientes com epilepsia ganharam um importante refor\u00e7o atrav\u00e9s de mais uma iniciativa do deputado federal Ruy Carneiro. O projeto de lei, que prev\u00ea a cria\u00e7\u00e3o do Programa Nacional de Assist\u00eancia Integral \u00e0s Pessoas com Epilepsia, foi aprovado na Comiss\u00e3o de Previd\u00eancia, Assist\u00eancia Social, Inf\u00e2ncia, Adolesc\u00eancia e Fam\u00edlia da C\u00e2mara Federal.<\/p>\n<p>Segundo Ruy, o objetivo \u00e9 proporcionar atendimento integral, reduzir sequelas e incentivar a cria\u00e7\u00e3o de campanhas educativas para combater o preconceito contra os pacientes. \u201cEsse projeto vai contribuir para salvar vidas e reduzir os impactos na vida do paciente e de seus familiares. Entre algumas medidas est\u00e3o a garantia de prioridade em estabelecimentos de sa\u00fade para coleta de exames, acompanhamento especializado para gestantes com epilepsia e prote\u00e7\u00f5es no ambiente de trabalho para pacientes com esse diagn\u00f3stico\u201d, destacou.<\/p>\n<p>O PL 5538\/2019 prev\u00ea a cria\u00e7\u00e3o desse programa nacional no \u00e2mbito do Sistema \u00danico de Sa\u00fade. A mat\u00e9ria agora segue para as comiss\u00f5es de Finan\u00e7as e Tributa\u00e7\u00e3o; Constitui\u00e7\u00e3o, Justi\u00e7a e Cidadania; antes de seguir para o Plen\u00e1rio da C\u00e2mara.<\/p>\n<p>Propostas do Programa:<\/p>\n<p>1. Institui\u00e7\u00e3o do Programa Nacional de Assist\u00eancia Integral \u00e0s Pessoas com Epilepsia, no \u00e2mbito do Sistema \u00danico de Sa\u00fade (SUS).<br \/>\n2. Defini\u00e7\u00e3o dos objetivos gerais do programa, que incluem proporcionar atendimento integral, reduzir manifesta\u00e7\u00f5es cl\u00ednicas e sequelas, bem como combater a estigmatiza\u00e7\u00e3o social.<br \/>\n3. Participa\u00e7\u00e3o dos Minist\u00e9rios da Educa\u00e7\u00e3o e Infraestrutura no programa, coordenado pelo Minist\u00e9rio da Sa\u00fade.<br \/>\n4. Estabelecimento de objetivos espec\u00edficos, como diagnosticar e tratar pacientes com epilepsia em todos os n\u00edveis de aten\u00e7\u00e3o \u00e0 sa\u00fade e promover a\u00e7\u00f5es educativas para divulgar informa\u00e7\u00f5es sobre a epilepsia.<br \/>\n5. Atribui\u00e7\u00f5es do Sistema \u00danico de Sa\u00fade (SUS), que incluem disponibilizar atendimento especializado, fornecer medica\u00e7\u00e3o necess\u00e1ria ao tratamento, realizar procedimentos cir\u00fargicos e oferecer exames relacionados \u00e0 epilepsia, entre outras medidas.<br \/>\n6. Garantia de prioridade para pacientes com epilepsia em estabelecimentos de sa\u00fade para coleta de material para exames.<br \/>\n7. Acompanhamento especializado durante o pr\u00e9-natal, parto e puerp\u00e9rio para gestantes com epilepsia.<br \/>\n8. Desenvolvimento de um sistema de informa\u00e7\u00e3o para acompanhamento das pessoas com epilepsia, com garantia de sigilo das informa\u00e7\u00f5es.<br \/>\n9. Realiza\u00e7\u00e3o de a\u00e7\u00f5es educativas, como campanhas nos meios de comunica\u00e7\u00e3o, elabora\u00e7\u00e3o de materiais informativos, cadernos t\u00e9cnicos e cartilhas explicativas.<br \/>\n10. Divulga\u00e7\u00e3o da rela\u00e7\u00e3o atualizada de endere\u00e7os e telefones das unidades de atendimento a pessoas com epilepsia.<br \/>\n11. Capacita\u00e7\u00e3o dos profissionais da educa\u00e7\u00e3o e do transporte p\u00fablico para orientar e educar as pessoas com epilepsia, bem como para prestar atendimento pr\u00e9-hospitalar.<br \/>\n12. Assegurar \u00e0 pessoa com epilepsia hor\u00e1rio de servi\u00e7o especial para tratamento e vedar ao empregador dispens\u00e1-lo em fun\u00e7\u00e3o de crises ou aus\u00eancia justificada.<br \/>\n13. Estabelecimento de multa di\u00e1ria no valor de R$ 5.000,00 (cinco mil reais) para a n\u00e3o-observ\u00e2ncia da lei.<\/p>\n<p>O post <a rel=\"nofollow noopener\" href=\"https:\/\/wscom.com.br\/projeto-de-ruy-institui-programa-nacional-de-assistencia-integral-as-pessoas-com-epilepsia\/\" target=\"_blank\">Projeto de Ruy institui Programa Nacional de Assist\u00eancia Integral \u00e0s Pessoas com Epilepsia<\/a> apareceu primeiro em <a rel=\"nofollow noopener\" href=\"https:\/\/wscom.com.br\/\" target=\"_blank\">WSCOM<\/a>.<\/p>\n","protected":false},"excerpt":{"rendered":"<p>\u00a0 \u00a0 A prote\u00e7\u00e3o e a garantia de novos diretos aos pacientes com epilepsia ganharam um importante refor\u00e7o atrav\u00e9s de mais uma iniciativa do deputado federal Ruy Carneiro. O projeto de lei, que prev\u00ea a cria\u00e7\u00e3o do Programa Nacional de Assist\u00eancia Integral \u00e0s Pessoas com Epilepsia, foi aprovado na Comiss\u00e3o de Previd\u00eancia, Assist\u00eancia Social, Inf\u00e2ncia, [\u2026]<\/p>\n<p>O post <a rel=\"nofollow\" href=\"https:\/\/wscom.com.br\/projeto-de-ruy-institui-programa-nacional-de-assistencia-integral-as-pessoas-com-epilepsia\/\">Projeto de Ruy institui Programa Nacional de Assist\u00eancia Integral \u00e0s Pessoas com Epilepsia<\/a> apareceu primeiro em <a rel=\"nofollow\" href=\"https:\/\/wscom.com.br\/\">WSCOM<\/a>.<\/p>\n","protected":false},"author":42,"featured_media":0,"comment_status":"closed","ping_status":"closed","sticky":false,"template":"","format":"standard","meta":{"advgb_blocks_editor_width":"","advgb_blocks_columns_visual_guide":"","footnotes":""},"categories":[7574,34,7575,764,90],"tags":[35],"class_list":["post-29079","post","type-post","status-publish","format-standard","hentry","category-epilepsia","category-g1","category-programa-nacional","category-ruy-carneiro","category-saude","tag-g1"],"author_meta":{"display_name":"Rafael Andrade","author_link":"https:\/\/sindaopcpb.org.br\/author\/rafael-andrade\/"},"featured_img":null,"coauthors":[],"tax_additional":{"categories":{"linked":["<a href=\"https:\/\/sindaopcpb.org.br\/epilepsia\/\" class=\"advgb-post-tax-term\">Epilepsia<\/a>","<a href=\"https:\/\/sindaopcpb.org.br\/g1\/\" class=\"advgb-post-tax-term\">G1<\/a>","<a href=\"https:\/\/sindaopcpb.org.br\/programa-nacional\/\" class=\"advgb-post-tax-term\">Programa Nacional<\/a>","<a href=\"https:\/\/sindaopcpb.org.br\/ruy-carneiro\/\" class=\"advgb-post-tax-term\">ruy carneiro<\/a>","<a href=\"https:\/\/sindaopcpb.org.br\/saude\/\" class=\"advgb-post-tax-term\">Sa\u00fade<\/a>"],"unlinked":["<span class=\"advgb-post-tax-term\">Epilepsia<\/span>","<span class=\"advgb-post-tax-term\">G1<\/span>","<span class=\"advgb-post-tax-term\">Programa Nacional<\/span>","<span class=\"advgb-post-tax-term\">ruy carneiro<\/span>","<span class=\"advgb-post-tax-term\">Sa\u00fade<\/span>"]},"tags":{"linked":["<a href=\"https:\/\/sindaopcpb.org.br\/saude\/\" class=\"advgb-post-tax-term\">g1<\/a>"],"unlinked":["<span class=\"advgb-post-tax-term\">g1<\/span>"]}},"comment_count":"0","relative_dates":{"created":"Publicado 3 anos atr\u00e1s","modified":"Atualizado 3 anos atr\u00e1s"},"absolute_dates":{"created":"Publicado em 10 de agosto de 2023","modified":"Atualizado em 10 de agosto de 2023"},"absolute_dates_time":{"created":"Publicado em 10 de agosto de 2023 09:36","modified":"Atualizado em 10 de agosto de 2023 09:36"},"featured_img_caption":"","series_order":"","_links":{"self":[{"href":"https:\/\/sindaopcpb.org.br\/index.php\/wp-json\/wp\/v2\/posts\/29079","targetHints":{"allow":["GET"]}}],"collection":[{"href":"https:\/\/sindaopcpb.org.br\/index.php\/wp-json\/wp\/v2\/posts"}],"about":[{"href":"https:\/\/sindaopcpb.org.br\/index.php\/wp-json\/wp\/v2\/types\/post"}],"author":[{"embeddable":true,"href":"https:\/\/sindaopcpb.org.br\/index.php\/wp-json\/wp\/v2\/users\/42"}],"replies":[{"embeddable":true,"href":"https:\/\/sindaopcpb.org.br\/index.php\/wp-json\/wp\/v2\/comments?post=29079"}],"version-history":[{"count":1,"href":"https:\/\/sindaopcpb.org.br\/index.php\/wp-json\/wp\/v2\/posts\/29079\/revisions"}],"predecessor-version":[{"id":29080,"href":"https:\/\/sindaopcpb.org.br\/index.php\/wp-json\/wp\/v2\/posts\/29079\/revisions\/29080"}],"wp:attachment":[{"href":"https:\/\/sindaopcpb.org.br\/index.php\/wp-json\/wp\/v2\/media?parent=29079"}],"wp:term":[{"taxonomy":"category","embeddable":true,"href":"https:\/\/sindaopcpb.org.br\/index.php\/wp-json\/wp\/v2\/categories?post=29079"},{"taxonomy":"post_tag","embeddable":true,"href":"https:\/\/sindaopcpb.org.br\/index.php\/wp-json\/wp\/v2\/tags?post=29079"}],"curies":[{"name":"wp","href":"https:\/\/api.w.org\/{rel}","templated":true}]}}