{"id":29077,"date":"2023-08-10T09:37:07","date_gmt":"2023-08-10T12:37:07","guid":{"rendered":"https:\/\/wpa.wscom.com.br\/?p=916867"},"modified":"2023-08-10T09:37:07","modified_gmt":"2023-08-10T12:37:07","slug":"joao-pessoa-registra-mais-de-18-mil-metros-de-cabos-eletricos-roubados-de-espacos-publicos-em-2023","status":"publish","type":"post","link":"https:\/\/sindaopcpb.org.br\/index.php\/2023\/08\/10\/joao-pessoa-registra-mais-de-18-mil-metros-de-cabos-eletricos-roubados-de-espacos-publicos-em-2023\/","title":{"rendered":"Jo\u00e3o Pessoa registra mais de 18 mil metros de cabos el\u00e9tricos roubados de espa\u00e7os p\u00fablicos em 2023"},"content":{"rendered":"<p>A Prefeitura de Jo\u00e3o Pessoa inicia, na manh\u00e3 desta quinta-feira (10), uma grande opera\u00e7\u00e3o para repor milhares de metros de cabos el\u00e9tricos que foram furtados de espa\u00e7os p\u00fablicos em diversos bairros da Capital. O material adquirido ser\u00e1 suficiente para devolver ilumina\u00e7\u00e3o de qualidade aos locais que foram alvos da bandidagem.<\/p>\n<p>S\u00f3 este ano, mais de 18 mil metros de cabos el\u00e9tricos foram roubados de espa\u00e7os p\u00fablicos em Jo\u00e3o Pessoa. Muitos deles j\u00e1 tiveram o problema solucionado e a Seinfra vem trabalhando para restabelecer a ilumina\u00e7\u00e3o em todas as localidades.<\/p>\n<p>A partir das 8h desta quinta-feira, cinco equipes da Diretoria de Ilumina\u00e7\u00e3o P\u00fablica da Secretaria de Infraestrutura (Dilup\/Seinfra) v\u00e3o realizar a reposi\u00e7\u00e3o dos cabos el\u00e9tricos no Parque Parahyba III, no bairro do Bessa, um dos locais mais atingidos por furtos nos \u00faltimos dias. O servi\u00e7o deve ser conclu\u00eddo no in\u00edcio da tarde.<\/p>\n<p>No turno da tarde, as equipes v\u00e3o se concentrar no Parque Jardim Oceania. De acordo com a diretora da Dilup, Joyce Alves, foi montado um cronograma de trabalho para realizar a reposi\u00e7\u00e3o dos cabos el\u00e9tricos que foram roubados. \u201cVamos iniciar essa grande opera\u00e7\u00e3o que vai restabelecer a ilumina\u00e7\u00e3o em todos os pontos. A Seinfra adquiriu quantidade suficiente de cabos el\u00e9tricos para resolver o problema de ilumina\u00e7\u00e3o na Capital\u201d, destacou Joyce.<\/p>\n<figure class=\"wp-block-gallery has-nested-images columns-default is-cropped wp-block-gallery-1 is-layout-flex\">\n<figure class=\"wp-block-image size-large\"><img decoding=\"async\" loading=\"lazy\" class=\"wp-image-321518\" src=\"https:\/\/www.joaopessoa.pb.gov.br\/wp-content\/uploads\/2023\/08\/Seinfra_terminal-valentina-2-1024x682.jpeg\" sizes=\"auto, (max-width: 1024px) 100vw, 1024px\" srcset=\"https:\/\/www.joaopessoa.pb.gov.br\/wp-content\/uploads\/2023\/08\/Seinfra_terminal-valentina-2-1024x682.jpeg 1024w, https:\/\/www.joaopessoa.pb.gov.br\/wp-content\/uploads\/2023\/08\/Seinfra_terminal-valentina-2-768x512.jpeg 768w, https:\/\/www.joaopessoa.pb.gov.br\/wp-content\/uploads\/2023\/08\/Seinfra_terminal-valentina-2-1536x1023.jpeg 1536w, https:\/\/www.joaopessoa.pb.gov.br\/wp-content\/uploads\/2023\/08\/Seinfra_terminal-valentina-2-600x400.jpeg 600w, https:\/\/www.joaopessoa.pb.gov.br\/wp-content\/uploads\/2023\/08\/Seinfra_terminal-valentina-2.jpeg 1600w\" alt=\"\" width=\"1024\" height=\"682\" data-id=\"321518\" title=\"\"><\/figure>\n<\/figure>\n<p><strong>Terminal de Integra\u00e7\u00e3o<\/strong>\u00a0\u2013 Uma das a\u00e7\u00f5es mais recentes dos criminosos que furtam cabos foi no Terminal de Integra\u00e7\u00e3o do Valentina Figueiredo, inaugurado na tarde de s\u00e1bado (5). Menos de 24h ap\u00f3s o equipamento ser entregue a popula\u00e7\u00e3o, os bandidos furtaram parte do cabeamento, deixando o local no escuro. Nesse local, os cabos j\u00e1 foram recuperados pela pr\u00f3pria empresa que realizou a obra.<\/p>\n<p>&nbsp;<\/p>\n<p>Paralelo ao trabalho constante da Prefeitura, \u00e9 muito importante a colabora\u00e7\u00e3o da popula\u00e7\u00e3o em denunciar os furtos. Caso perceba alguma movimenta\u00e7\u00e3o estranha, o cidad\u00e3o deve ligar de imediato para a Guarda Civil Metropolitana (153) ou Pol\u00edcia Militar (190). A liga\u00e7\u00e3o \u00e9 gratuita.<\/p>\n<p><strong>Atendimento\u00a0<\/strong>\u2013\u00a0A Seinfra disp\u00f5e do 0800 031 1530, onde qualquer cidad\u00e3o pode solicitar os servi\u00e7os de manuten\u00e7\u00e3o. O call center funciona de segunda a sexta, das 8h \u00e0s 20h. Outro canal de solicita\u00e7\u00e3o \u00e9 a plataforma\u00a0<a href=\"http:\/\/www.joaopessoa.pb.gov.br\/\" rel=\"nofollow noopener\" target=\"_blank\">Prefeitura Conectada<\/a>.<\/p>\n<p>O post <a rel=\"nofollow noopener\" href=\"https:\/\/wscom.com.br\/joao-pessoa-registra-mais-de-18-mil-metros-de-cabos-eletricos-roubados-de-espacos-publicos-em-2023\/\" target=\"_blank\">Jo\u00e3o Pessoa registra mais de 18 mil metros de cabos el\u00e9tricos roubados de espa\u00e7os p\u00fablicos em 2023<\/a> apareceu primeiro em <a rel=\"nofollow noopener\" href=\"https:\/\/wscom.com.br\/\" target=\"_blank\">WSCOM<\/a>.<\/p>\n","protected":false},"excerpt":{"rendered":"<p>A Prefeitura de Jo\u00e3o Pessoa inicia, na manh\u00e3 desta quinta-feira (10), uma grande opera\u00e7\u00e3o para repor milhares de metros de cabos el\u00e9tricos que foram furtados de espa\u00e7os p\u00fablicos em diversos bairros da Capital. O material adquirido ser\u00e1 suficiente para devolver ilumina\u00e7\u00e3o de qualidade aos locais que foram alvos da bandidagem. S\u00f3 este ano, mais de [\u2026]<\/p>\n<p>O post <a rel=\"nofollow\" href=\"https:\/\/wscom.com.br\/joao-pessoa-registra-mais-de-18-mil-metros-de-cabos-eletricos-roubados-de-espacos-publicos-em-2023\/\">Jo\u00e3o Pessoa registra mais de 18 mil metros de cabos el\u00e9tricos roubados de espa\u00e7os p\u00fablicos em 2023<\/a> apareceu primeiro em <a rel=\"nofollow\" href=\"https:\/\/wscom.com.br\/\">WSCOM<\/a>.<\/p>\n","protected":false},"author":50,"featured_media":0,"comment_status":"closed","ping_status":"closed","sticky":false,"template":"","format":"standard","meta":{"advgb_blocks_editor_width":"","advgb_blocks_columns_visual_guide":"","footnotes":""},"categories":[7572,7573,1501,34,66],"tags":[35],"class_list":["post-29077","post","type-post","status-publish","format-standard","hentry","category-cabos","category-eletricos","category-furto","category-g1","category-policial","tag-g1"],"author_meta":{"display_name":"Wallyson","author_link":"https:\/\/sindaopcpb.org.br\/author\/wallyson\/"},"featured_img":null,"coauthors":[],"tax_additional":{"categories":{"linked":["<a href=\"https:\/\/sindaopcpb.org.br\/cabos\/\" class=\"advgb-post-tax-term\">cabos<\/a>","<a href=\"https:\/\/sindaopcpb.org.br\/eletricos\/\" class=\"advgb-post-tax-term\">eletricos<\/a>","<a href=\"https:\/\/sindaopcpb.org.br\/furto\/\" class=\"advgb-post-tax-term\">FURTO<\/a>","<a href=\"https:\/\/sindaopcpb.org.br\/g1\/\" class=\"advgb-post-tax-term\">G1<\/a>","<a href=\"https:\/\/sindaopcpb.org.br\/policial\/\" class=\"advgb-post-tax-term\">Policial<\/a>"],"unlinked":["<span class=\"advgb-post-tax-term\">cabos<\/span>","<span class=\"advgb-post-tax-term\">eletricos<\/span>","<span class=\"advgb-post-tax-term\">FURTO<\/span>","<span class=\"advgb-post-tax-term\">G1<\/span>","<span class=\"advgb-post-tax-term\">Policial<\/span>"]},"tags":{"linked":["<a href=\"https:\/\/sindaopcpb.org.br\/policial\/\" class=\"advgb-post-tax-term\">g1<\/a>"],"unlinked":["<span class=\"advgb-post-tax-term\">g1<\/span>"]}},"comment_count":"0","relative_dates":{"created":"Publicado 3 anos atr\u00e1s","modified":"Atualizado 3 anos atr\u00e1s"},"absolute_dates":{"created":"Publicado em 10 de agosto de 2023","modified":"Atualizado em 10 de agosto de 2023"},"absolute_dates_time":{"created":"Publicado em 10 de agosto de 2023 09:37","modified":"Atualizado em 10 de agosto de 2023 09:37"},"featured_img_caption":"","series_order":"","_links":{"self":[{"href":"https:\/\/sindaopcpb.org.br\/index.php\/wp-json\/wp\/v2\/posts\/29077","targetHints":{"allow":["GET"]}}],"collection":[{"href":"https:\/\/sindaopcpb.org.br\/index.php\/wp-json\/wp\/v2\/posts"}],"about":[{"href":"https:\/\/sindaopcpb.org.br\/index.php\/wp-json\/wp\/v2\/types\/post"}],"author":[{"embeddable":true,"href":"https:\/\/sindaopcpb.org.br\/index.php\/wp-json\/wp\/v2\/users\/50"}],"replies":[{"embeddable":true,"href":"https:\/\/sindaopcpb.org.br\/index.php\/wp-json\/wp\/v2\/comments?post=29077"}],"version-history":[{"count":1,"href":"https:\/\/sindaopcpb.org.br\/index.php\/wp-json\/wp\/v2\/posts\/29077\/revisions"}],"predecessor-version":[{"id":29078,"href":"https:\/\/sindaopcpb.org.br\/index.php\/wp-json\/wp\/v2\/posts\/29077\/revisions\/29078"}],"wp:attachment":[{"href":"https:\/\/sindaopcpb.org.br\/index.php\/wp-json\/wp\/v2\/media?parent=29077"}],"wp:term":[{"taxonomy":"category","embeddable":true,"href":"https:\/\/sindaopcpb.org.br\/index.php\/wp-json\/wp\/v2\/categories?post=29077"},{"taxonomy":"post_tag","embeddable":true,"href":"https:\/\/sindaopcpb.org.br\/index.php\/wp-json\/wp\/v2\/tags?post=29077"}],"curies":[{"name":"wp","href":"https:\/\/api.w.org\/{rel}","templated":true}]}}