{"id":29075,"date":"2023-08-10T09:46:21","date_gmt":"2023-08-10T12:46:21","guid":{"rendered":"https:\/\/wpa.wscom.com.br\/?p=916875"},"modified":"2023-08-10T09:46:21","modified_gmt":"2023-08-10T12:46:21","slug":"bolsonaristas-presas-no-8-de-janeiro-fazem-coreografia-apos-obterem-a-liberdade-condicional-assista","status":"publish","type":"post","link":"https:\/\/sindaopcpb.org.br\/index.php\/2023\/08\/10\/bolsonaristas-presas-no-8-de-janeiro-fazem-coreografia-apos-obterem-a-liberdade-condicional-assista\/","title":{"rendered":"Bolsonaristas presas no 8 de janeiro fazem coreografia ap\u00f3s obterem a liberdade condicional; assista"},"content":{"rendered":"<p>Ap\u00f3s o ministro Alexandre de Moraes, do Supremo Tribunal Federal (STF) revogar nesta ter\u00e7a-feira (8) a pris\u00e3o preventiva de 90 r\u00e9us que estavam detidos desde o in\u00edcio do ano ap\u00f3s as a\u00e7\u00f5es golpistas do dia 8 de janeiro, idosas extremistas cantaram, animadas, com suas tornozeleiras eletr\u00f4nicas, segurando ta\u00e7as com espumante e fazendo coreografias peculiares, ap\u00f3s sa\u00edrem do Complexo Penitenci\u00e1rio da Papuda (DF).<\/p>\n<p>\u201cNossa pris\u00e3o foi ilegal, fere o principios da CF nacinal\u201d, diz um trecho da can\u00e7\u00e3o.<\/p>\n<p>De acordo com o STF, elas ter\u00e3o que cumprir medidas cautelares, como uso de tornozeleira eletr\u00f4nica, recolhimento no per\u00edodo noturno e nos finais de semana, al\u00e9m da proibi\u00e7\u00e3o de utiliza\u00e7\u00e3o de redes sociais e outras.<\/p>\n<div style=\"width: 576px;\" class=\"wp-video\"><!--[if lt IE 9]><script>document.createElement('video');<\/script><![endif]--><br \/>\n<video class=\"wp-video-shortcode\" id=\"video-916875-1\" width=\"576\" height=\"682\" preload=\"metadata\" controls=\"controls\"><source type=\"video\/mp4\" src=\"https:\/\/wpa.wscom.com.br\/wp-content\/uploads\/2023\/08\/ssstwitter.com_1691665477897.mp4?_=1\" \/><a href=\"https:\/\/wpa.wscom.com.br\/wp-content\/uploads\/2023\/08\/ssstwitter.com_1691665477897.mp4\" rel=\"nofollow noopener\" target=\"_blank\">https:\/\/wpa.wscom.com.br\/wp-content\/uploads\/2023\/08\/ssstwitter.com_1691665477897.mp4<\/a><\/video><\/div>\n<p>O post <a rel=\"nofollow noopener\" href=\"https:\/\/wscom.com.br\/bolsonaristas-presas-no-8-de-janeiro-fazem-coreografia-apos-obterem-a-liberdade-condicional-assista\/\" target=\"_blank\">Bolsonaristas presas no 8 de janeiro fazem coreografia ap\u00f3s obterem a liberdade condicional; assista<\/a> apareceu primeiro em <a rel=\"nofollow noopener\" href=\"https:\/\/wscom.com.br\/\" target=\"_blank\">WSCOM<\/a>.<\/p>\n","protected":false},"excerpt":{"rendered":"<p>Ap\u00f3s o ministro Alexandre de Moraes, do Supremo Tribunal Federal (STF) revogar nesta ter\u00e7a-feira (8) a pris\u00e3o preventiva de 90 r\u00e9us que estavam detidos desde o in\u00edcio do ano ap\u00f3s as a\u00e7\u00f5es golpistas do dia 8 de janeiro, idosas extremistas cantaram, animadas, com suas tornozeleiras eletr\u00f4nicas, segurando ta\u00e7as com espumante e fazendo coreografias peculiares, ap\u00f3s [\u2026]<\/p>\n<p>O post <a rel=\"nofollow\" href=\"https:\/\/wscom.com.br\/bolsonaristas-presas-no-8-de-janeiro-fazem-coreografia-apos-obterem-a-liberdade-condicional-assista\/\">Bolsonaristas presas no 8 de janeiro fazem coreografia ap\u00f3s obterem a liberdade condicional; assista<\/a> apareceu primeiro em <a rel=\"nofollow\" href=\"https:\/\/wscom.com.br\/\">WSCOM<\/a>.<\/p>\n","protected":false},"author":50,"featured_media":0,"comment_status":"closed","ping_status":"closed","sticky":false,"template":"","format":"standard","meta":{"advgb_blocks_editor_width":"","advgb_blocks_columns_visual_guide":"","footnotes":""},"categories":[943,115,34,7571],"tags":[35],"class_list":["post-29075","post","type-post","status-publish","format-standard","hentry","category-bolsonaristas","category-brasil","category-g1","category-presas","tag-g1"],"author_meta":{"display_name":"Wallyson","author_link":"https:\/\/sindaopcpb.org.br\/author\/wallyson\/"},"featured_img":null,"coauthors":[],"tax_additional":{"categories":{"linked":["<a href=\"https:\/\/sindaopcpb.org.br\/bolsonaristas\/\" class=\"advgb-post-tax-term\">Bolsonaristas<\/a>","<a href=\"https:\/\/sindaopcpb.org.br\/brasil\/\" class=\"advgb-post-tax-term\">Brasil<\/a>","<a href=\"https:\/\/sindaopcpb.org.br\/g1\/\" class=\"advgb-post-tax-term\">G1<\/a>","<a href=\"https:\/\/sindaopcpb.org.br\/presas\/\" class=\"advgb-post-tax-term\">Presas<\/a>"],"unlinked":["<span class=\"advgb-post-tax-term\">Bolsonaristas<\/span>","<span class=\"advgb-post-tax-term\">Brasil<\/span>","<span class=\"advgb-post-tax-term\">G1<\/span>","<span class=\"advgb-post-tax-term\">Presas<\/span>"]},"tags":{"linked":["<a href=\"https:\/\/sindaopcpb.org.br\/presas\/\" class=\"advgb-post-tax-term\">g1<\/a>"],"unlinked":["<span class=\"advgb-post-tax-term\">g1<\/span>"]}},"comment_count":"0","relative_dates":{"created":"Publicado 3 anos atr\u00e1s","modified":"Atualizado 3 anos atr\u00e1s"},"absolute_dates":{"created":"Publicado em 10 de agosto de 2023","modified":"Atualizado em 10 de agosto de 2023"},"absolute_dates_time":{"created":"Publicado em 10 de agosto de 2023 09:46","modified":"Atualizado em 10 de agosto de 2023 09:46"},"featured_img_caption":"","series_order":"","_links":{"self":[{"href":"https:\/\/sindaopcpb.org.br\/index.php\/wp-json\/wp\/v2\/posts\/29075","targetHints":{"allow":["GET"]}}],"collection":[{"href":"https:\/\/sindaopcpb.org.br\/index.php\/wp-json\/wp\/v2\/posts"}],"about":[{"href":"https:\/\/sindaopcpb.org.br\/index.php\/wp-json\/wp\/v2\/types\/post"}],"author":[{"embeddable":true,"href":"https:\/\/sindaopcpb.org.br\/index.php\/wp-json\/wp\/v2\/users\/50"}],"replies":[{"embeddable":true,"href":"https:\/\/sindaopcpb.org.br\/index.php\/wp-json\/wp\/v2\/comments?post=29075"}],"version-history":[{"count":1,"href":"https:\/\/sindaopcpb.org.br\/index.php\/wp-json\/wp\/v2\/posts\/29075\/revisions"}],"predecessor-version":[{"id":29076,"href":"https:\/\/sindaopcpb.org.br\/index.php\/wp-json\/wp\/v2\/posts\/29075\/revisions\/29076"}],"wp:attachment":[{"href":"https:\/\/sindaopcpb.org.br\/index.php\/wp-json\/wp\/v2\/media?parent=29075"}],"wp:term":[{"taxonomy":"category","embeddable":true,"href":"https:\/\/sindaopcpb.org.br\/index.php\/wp-json\/wp\/v2\/categories?post=29075"},{"taxonomy":"post_tag","embeddable":true,"href":"https:\/\/sindaopcpb.org.br\/index.php\/wp-json\/wp\/v2\/tags?post=29075"}],"curies":[{"name":"wp","href":"https:\/\/api.w.org\/{rel}","templated":true}]}}