{"id":29073,"date":"2023-08-10T09:53:37","date_gmt":"2023-08-10T12:53:37","guid":{"rendered":"https:\/\/wpa.wscom.com.br\/?p=916879"},"modified":"2023-08-10T09:53:37","modified_gmt":"2023-08-10T12:53:37","slug":"cantora-alcione-fara-show-gratuito-no-centro-historico-de-joao-pessoa-confirma-funjope","status":"publish","type":"post","link":"https:\/\/sindaopcpb.org.br\/index.php\/2023\/08\/10\/cantora-alcione-fara-show-gratuito-no-centro-historico-de-joao-pessoa-confirma-funjope\/","title":{"rendered":"Cantora Alcione far\u00e1 show gratuito no Centro Hist\u00f3rico de Jo\u00e3o Pessoa, confirma Funjope"},"content":{"rendered":"<p>A cantora Alcione far\u00e1 um show gratuito em Jo\u00e3o Pessoa em setembro deste ano. A confirma\u00e7\u00e3o veio do diretor executivo da Funda\u00e7\u00e3o Cultural de Jo\u00e3o Pessoa (Funjope), Marcus Alves, nesta quinta-feira (10).<\/p>\n<p>De acordo com a Funjope, o show da &#8220;Marrom&#8221;\u00a0 acontecer\u00e1 no Centro Hist\u00f3rico da capital paraibana, no dia 15 de setembro. Essa apresenta\u00e7\u00e3o faz parte do projeto &#8220;Centro em Cena&#8221;.<\/p>\n<p>Os detalhes do evento est\u00e3o sendo finalizados e, de acordo com a Funjope, devem ser divulgados em breve.<\/p>\n<p>&nbsp;<\/p>\n<p>O post <a rel=\"nofollow noopener\" href=\"https:\/\/wscom.com.br\/cantora-alcione-fara-show-gratuito-no-centro-historico-de-joao-pessoa\/\" target=\"_blank\">Cantora Alcione far\u00e1 show gratuito no Centro Hist\u00f3rico de Jo\u00e3o Pessoa, confirma Funjope<\/a> apareceu primeiro em <a rel=\"nofollow noopener\" href=\"https:\/\/wscom.com.br\/\" target=\"_blank\">WSCOM<\/a>.<\/p>\n","protected":false},"excerpt":{"rendered":"<p>A cantora Alcione far\u00e1 um show gratuito em Jo\u00e3o Pessoa em setembro deste ano. A confirma\u00e7\u00e3o veio do diretor executivo da Funda\u00e7\u00e3o Cultural de Jo\u00e3o Pessoa (Funjope), Marcus Alves, nesta quinta-feira (10). De acordo com a Funjope, o show da \u201cMarrom\u201d\u00a0 acontecer\u00e1 no Centro Hist\u00f3rico da capital paraibana, no dia 15 de setembro. Essa apresenta\u00e7\u00e3o [\u2026]<\/p>\n<p>O post <a rel=\"nofollow\" href=\"https:\/\/wscom.com.br\/cantora-alcione-fara-show-gratuito-no-centro-historico-de-joao-pessoa\/\">Cantora Alcione far\u00e1 show gratuito no Centro Hist\u00f3rico de Jo\u00e3o Pessoa, confirma Funjope<\/a> apareceu primeiro em <a rel=\"nofollow\" href=\"https:\/\/wscom.com.br\/\">WSCOM<\/a>.<\/p>\n","protected":false},"author":50,"featured_media":0,"comment_status":"closed","ping_status":"closed","sticky":false,"template":"","format":"standard","meta":{"advgb_blocks_editor_width":"","advgb_blocks_columns_visual_guide":"","footnotes":""},"categories":[7569,267,34,71,1444],"tags":[35],"class_list":["post-29073","post","type-post","status-publish","format-standard","hentry","category-alcione","category-entretenimento","category-g1","category-joao-pessoa","category-show","tag-g1"],"author_meta":{"display_name":"Wallyson","author_link":"https:\/\/sindaopcpb.org.br\/author\/wallyson\/"},"featured_img":null,"coauthors":[],"tax_additional":{"categories":{"linked":["<a href=\"https:\/\/sindaopcpb.org.br\/alcione\/\" class=\"advgb-post-tax-term\">alcione<\/a>","<a href=\"https:\/\/sindaopcpb.org.br\/entretenimento\/\" class=\"advgb-post-tax-term\">Entretenimento<\/a>","<a href=\"https:\/\/sindaopcpb.org.br\/g1\/\" class=\"advgb-post-tax-term\">G1<\/a>","<a href=\"https:\/\/sindaopcpb.org.br\/joao-pessoa\/\" class=\"advgb-post-tax-term\">Jo\u00e3o Pessoa<\/a>","<a href=\"https:\/\/sindaopcpb.org.br\/show\/\" class=\"advgb-post-tax-term\">Show<\/a>"],"unlinked":["<span class=\"advgb-post-tax-term\">alcione<\/span>","<span class=\"advgb-post-tax-term\">Entretenimento<\/span>","<span class=\"advgb-post-tax-term\">G1<\/span>","<span class=\"advgb-post-tax-term\">Jo\u00e3o Pessoa<\/span>","<span class=\"advgb-post-tax-term\">Show<\/span>"]},"tags":{"linked":["<a href=\"https:\/\/sindaopcpb.org.br\/show\/\" class=\"advgb-post-tax-term\">g1<\/a>"],"unlinked":["<span class=\"advgb-post-tax-term\">g1<\/span>"]}},"comment_count":"0","relative_dates":{"created":"Publicado 3 anos atr\u00e1s","modified":"Atualizado 3 anos atr\u00e1s"},"absolute_dates":{"created":"Publicado em 10 de agosto de 2023","modified":"Atualizado em 10 de agosto de 2023"},"absolute_dates_time":{"created":"Publicado em 10 de agosto de 2023 09:53","modified":"Atualizado em 10 de agosto de 2023 09:53"},"featured_img_caption":"","series_order":"","_links":{"self":[{"href":"https:\/\/sindaopcpb.org.br\/index.php\/wp-json\/wp\/v2\/posts\/29073","targetHints":{"allow":["GET"]}}],"collection":[{"href":"https:\/\/sindaopcpb.org.br\/index.php\/wp-json\/wp\/v2\/posts"}],"about":[{"href":"https:\/\/sindaopcpb.org.br\/index.php\/wp-json\/wp\/v2\/types\/post"}],"author":[{"embeddable":true,"href":"https:\/\/sindaopcpb.org.br\/index.php\/wp-json\/wp\/v2\/users\/50"}],"replies":[{"embeddable":true,"href":"https:\/\/sindaopcpb.org.br\/index.php\/wp-json\/wp\/v2\/comments?post=29073"}],"version-history":[{"count":1,"href":"https:\/\/sindaopcpb.org.br\/index.php\/wp-json\/wp\/v2\/posts\/29073\/revisions"}],"predecessor-version":[{"id":29074,"href":"https:\/\/sindaopcpb.org.br\/index.php\/wp-json\/wp\/v2\/posts\/29073\/revisions\/29074"}],"wp:attachment":[{"href":"https:\/\/sindaopcpb.org.br\/index.php\/wp-json\/wp\/v2\/media?parent=29073"}],"wp:term":[{"taxonomy":"category","embeddable":true,"href":"https:\/\/sindaopcpb.org.br\/index.php\/wp-json\/wp\/v2\/categories?post=29073"},{"taxonomy":"post_tag","embeddable":true,"href":"https:\/\/sindaopcpb.org.br\/index.php\/wp-json\/wp\/v2\/tags?post=29073"}],"curies":[{"name":"wp","href":"https:\/\/api.w.org\/{rel}","templated":true}]}}