{"id":29069,"date":"2023-08-10T10:41:13","date_gmt":"2023-08-10T13:41:13","guid":{"rendered":"https:\/\/wpa.wscom.com.br\/?p=916886"},"modified":"2023-08-10T10:41:13","modified_gmt":"2023-08-10T13:41:13","slug":"lexa-posa-em-praia-paradisiaca-durante-viagem-com-mc-guime","status":"publish","type":"post","link":"https:\/\/sindaopcpb.org.br\/index.php\/2023\/08\/10\/lexa-posa-em-praia-paradisiaca-durante-viagem-com-mc-guime\/","title":{"rendered":"Lexa posa em praia paradis\u00edaca durante viagem com MC Guim\u00ea"},"content":{"rendered":"<p>A cantora <strong>Lexa<\/strong>, de 28 anos, postou no Instagram, na noite desta quarta-feira, algumas fotos em que aparece exibindo seu corp\u00e3o escultural em uma praia paradis\u00edaca. Lexa e o marido, MC Guim\u00ea, de 30, est\u00e3o curtindo uns dias de f\u00e9rias em Cura\u00e7ao, no Caribe.<\/p>\n<p>&#8220;Carinha de felicidade nessa \u00e1gua linda de Cura\u00e7ao&#8221;, escreveu Lexa na legenda das imagens. O clique rendeu v\u00e1rios elogios para a cantora. &#8220;Lugar lindo, sorriso lindo, cantora linda&#8221;, disse uma f\u00e3. &#8220;Muito gata&#8221;, comentou outra pessoa. &#8220;Maravilhosa&#8221;, disse um admirador. &#8220;Show&#8221;, comentou a cantora Ivete Sangalo.<\/p>\n<p>Lexa e MC Guim\u00ea s\u00e3o convidados da festa de anivers\u00e1rio da atriz Gabi Lopes, que levou um grupo de famosos para Cura\u00e7ao.<\/p>\n<p>O post <a rel=\"nofollow noopener\" href=\"https:\/\/wscom.com.br\/lexa-posa-em-praia-paradisiaca-durante-viagem-com-mc-guime\/\" target=\"_blank\">Lexa posa em praia paradis\u00edaca durante viagem com MC Guim\u00ea<\/a> apareceu primeiro em <a rel=\"nofollow noopener\" href=\"https:\/\/wscom.com.br\/\" target=\"_blank\">WSCOM<\/a>.<\/p>\n","protected":false},"excerpt":{"rendered":"<p>A cantora Lexa, de 28 anos, postou no Instagram, na noite desta quarta-feira, algumas fotos em que aparece exibindo seu corp\u00e3o escultural em uma praia paradis\u00edaca. Lexa e o marido, MC Guim\u00ea, de 30, est\u00e3o curtindo uns dias de f\u00e9rias em Cura\u00e7ao, no Caribe. \u201cCarinha de felicidade nessa \u00e1gua linda de Cura\u00e7ao\u201d, escreveu Lexa na [\u2026]<\/p>\n<p>O post <a rel=\"nofollow\" href=\"https:\/\/wscom.com.br\/lexa-posa-em-praia-paradisiaca-durante-viagem-com-mc-guime\/\">Lexa posa em praia paradis\u00edaca durante viagem com MC Guim\u00ea<\/a> apareceu primeiro em <a rel=\"nofollow\" href=\"https:\/\/wscom.com.br\/\">WSCOM<\/a>.<\/p>\n","protected":false},"author":50,"featured_media":0,"comment_status":"closed","ping_status":"closed","sticky":false,"template":"","format":"standard","meta":{"advgb_blocks_editor_width":"","advgb_blocks_columns_visual_guide":"","footnotes":""},"categories":[436,34,7568,2418,1464],"tags":[35],"class_list":["post-29069","post","type-post","status-publish","format-standard","hentry","category-celebridades","category-g1","category-guime","category-lexa","category-praia","tag-g1"],"author_meta":{"display_name":"Wallyson","author_link":"https:\/\/sindaopcpb.org.br\/author\/wallyson\/"},"featured_img":null,"coauthors":[],"tax_additional":{"categories":{"linked":["<a href=\"https:\/\/sindaopcpb.org.br\/celebridades\/\" class=\"advgb-post-tax-term\">Celebridades<\/a>","<a href=\"https:\/\/sindaopcpb.org.br\/g1\/\" class=\"advgb-post-tax-term\">G1<\/a>","<a href=\"https:\/\/sindaopcpb.org.br\/guime\/\" class=\"advgb-post-tax-term\">guime<\/a>","<a href=\"https:\/\/sindaopcpb.org.br\/lexa\/\" class=\"advgb-post-tax-term\">lexa<\/a>","<a href=\"https:\/\/sindaopcpb.org.br\/praia\/\" class=\"advgb-post-tax-term\">praia<\/a>"],"unlinked":["<span class=\"advgb-post-tax-term\">Celebridades<\/span>","<span class=\"advgb-post-tax-term\">G1<\/span>","<span class=\"advgb-post-tax-term\">guime<\/span>","<span class=\"advgb-post-tax-term\">lexa<\/span>","<span class=\"advgb-post-tax-term\">praia<\/span>"]},"tags":{"linked":["<a href=\"https:\/\/sindaopcpb.org.br\/praia\/\" class=\"advgb-post-tax-term\">g1<\/a>"],"unlinked":["<span class=\"advgb-post-tax-term\">g1<\/span>"]}},"comment_count":"0","relative_dates":{"created":"Publicado 3 anos atr\u00e1s","modified":"Atualizado 3 anos atr\u00e1s"},"absolute_dates":{"created":"Publicado em 10 de agosto de 2023","modified":"Atualizado em 10 de agosto de 2023"},"absolute_dates_time":{"created":"Publicado em 10 de agosto de 2023 10:41","modified":"Atualizado em 10 de agosto de 2023 10:41"},"featured_img_caption":"","series_order":"","_links":{"self":[{"href":"https:\/\/sindaopcpb.org.br\/index.php\/wp-json\/wp\/v2\/posts\/29069","targetHints":{"allow":["GET"]}}],"collection":[{"href":"https:\/\/sindaopcpb.org.br\/index.php\/wp-json\/wp\/v2\/posts"}],"about":[{"href":"https:\/\/sindaopcpb.org.br\/index.php\/wp-json\/wp\/v2\/types\/post"}],"author":[{"embeddable":true,"href":"https:\/\/sindaopcpb.org.br\/index.php\/wp-json\/wp\/v2\/users\/50"}],"replies":[{"embeddable":true,"href":"https:\/\/sindaopcpb.org.br\/index.php\/wp-json\/wp\/v2\/comments?post=29069"}],"version-history":[{"count":1,"href":"https:\/\/sindaopcpb.org.br\/index.php\/wp-json\/wp\/v2\/posts\/29069\/revisions"}],"predecessor-version":[{"id":29070,"href":"https:\/\/sindaopcpb.org.br\/index.php\/wp-json\/wp\/v2\/posts\/29069\/revisions\/29070"}],"wp:attachment":[{"href":"https:\/\/sindaopcpb.org.br\/index.php\/wp-json\/wp\/v2\/media?parent=29069"}],"wp:term":[{"taxonomy":"category","embeddable":true,"href":"https:\/\/sindaopcpb.org.br\/index.php\/wp-json\/wp\/v2\/categories?post=29069"},{"taxonomy":"post_tag","embeddable":true,"href":"https:\/\/sindaopcpb.org.br\/index.php\/wp-json\/wp\/v2\/tags?post=29069"}],"curies":[{"name":"wp","href":"https:\/\/api.w.org\/{rel}","templated":true}]}}