{"id":29063,"date":"2023-08-10T10:51:22","date_gmt":"2023-08-10T13:51:22","guid":{"rendered":"https:\/\/wpa.wscom.com.br\/?p=916895"},"modified":"2023-08-10T10:51:22","modified_gmt":"2023-08-10T13:51:22","slug":"procuradores-do-estado-homenageiam-adriano-galdino","status":"publish","type":"post","link":"https:\/\/sindaopcpb.org.br\/index.php\/2023\/08\/10\/procuradores-do-estado-homenageiam-adriano-galdino\/","title":{"rendered":"Procuradores do Estado homenageiam Adriano Galdino"},"content":{"rendered":"<p>&nbsp;<\/p>\n<p>Por toda a sua atua\u00e7\u00e3o parlamentar em defesa da advocacia p\u00fablica, a Associa\u00e7\u00e3o dos Procuradores do Estado da Para\u00edba (ASPAS), homenageou, nesta quarta-feira, 9, o presidente da Assembleia Legislativa da Para\u00edba, Adriano Galdino.<\/p>\n<p>Para a presidente da ASPAS, Sanny Japiass\u00fa, o comprometimento do deputado Adriano Galdino tem sido fundamental para que os procuradores do Estado tenham o reconhecimento que precisam ter, tanto do governo quanto da sociedade, do papel que desempenham junto aos interesses do Estado e, por conseguinte, da pr\u00f3pria sociedade. Ela fez quest\u00e3o de agradecer ainda o apoio do governador Jo\u00e3o Azevedo, que tem sido sens\u00edvel \u00e0s causas dos procuradores. Sanny lembrou que a PGE tem um quadro resumido de procuradores e tem mantido contato com o governo para que concursados sejam convocados para os seus cargos.<\/p>\n<p>Segundo o presidente do Conselho Deliberativo da Aspas, Solon Benevides, o deputado Adriano Galdino tem um papel importante nas conquistas dos procuradores do Estado da Para\u00edba e hoje \u00e9 um dia pra agradecer ao empenho dele em prol da advocacia p\u00fablica. Solon estendeu os agradecimentos aos deputados estaduais e do governador Jo\u00e3o Azev\u00eado.<\/p>\n<p>O ex-presidente da Aspas, Fl\u00e1vio Lacerda, tamb\u00e9m presente \u00e0 homenagem, registrou o reconhecimento e todo os procuradores da Para\u00edba ao trabalho do deputado Adriano Galdino em prol da categoria.<\/p>\n<p>O atual vice presidente da Aspas, Adriano Carvalho, lembrou que o presidente da Assembleia Legislativa sempre esteve ao lado da luta dos procuradores e \u00e9 justo que seja homenageado pela categoria.<\/p>\n<p>Homenageado da noite, Adriano Galdino afirmou que o seu trabalho como parlamentar estar\u00e1 sempre do lado das causas dos paraibanos e nada mais l\u00f3gico apoiar a advocacia p\u00fablica, que tanto faz pelo desenvolvimento do Estado; e que os procuradores tenham sempre a sua atua\u00e7\u00e3o parlamentar a disposi\u00e7\u00e3o. \u201cEstou honrado com essa homenagem e n\u00e3o poderia deixar de registrar a luta da Aspas e a disposi\u00e7\u00e3o para ajudar a categoria que o governador Jo\u00e3o Azev\u00eado tem demonstrado\u201d.<\/p>\n<p>O post <a rel=\"nofollow noopener\" href=\"https:\/\/wscom.com.br\/procuradores-do-estado-homenageiam-adriano-galdino\/\" target=\"_blank\">Procuradores do Estado homenageiam Adriano Galdino<\/a> apareceu primeiro em <a rel=\"nofollow noopener\" href=\"https:\/\/wscom.com.br\/\" target=\"_blank\">WSCOM<\/a>.<\/p>\n","protected":false},"excerpt":{"rendered":"<p>\u00a0 Por toda a sua atua\u00e7\u00e3o parlamentar em defesa da advocacia p\u00fablica, a Associa\u00e7\u00e3o dos Procuradores do Estado da Para\u00edba (ASPAS), homenageou, nesta quarta-feira, 9, o presidente da Assembleia Legislativa da Para\u00edba, Adriano Galdino. Para a presidente da ASPAS, Sanny Japiass\u00fa, o comprometimento do deputado Adriano Galdino tem sido fundamental para que os procuradores do [\u2026]<\/p>\n<p>O post <a rel=\"nofollow\" href=\"https:\/\/wscom.com.br\/procuradores-do-estado-homenageiam-adriano-galdino\/\">Procuradores do Estado homenageiam Adriano Galdino<\/a> apareceu primeiro em <a rel=\"nofollow\" href=\"https:\/\/wscom.com.br\/\">WSCOM<\/a>.<\/p>\n","protected":false},"author":50,"featured_media":0,"comment_status":"closed","ping_status":"closed","sticky":false,"template":"","format":"standard","meta":{"advgb_blocks_editor_width":"","advgb_blocks_columns_visual_guide":"","footnotes":""},"categories":[34,547,54,7565],"tags":[35],"class_list":["post-29063","post","type-post","status-publish","format-standard","hentry","category-g1","category-galdino","category-paraiba","category-procuradores","tag-g1"],"author_meta":{"display_name":"Wallyson","author_link":"https:\/\/sindaopcpb.org.br\/author\/wallyson\/"},"featured_img":null,"coauthors":[],"tax_additional":{"categories":{"linked":["<a href=\"https:\/\/sindaopcpb.org.br\/g1\/\" class=\"advgb-post-tax-term\">G1<\/a>","<a href=\"https:\/\/sindaopcpb.org.br\/galdino\/\" class=\"advgb-post-tax-term\">Galdino<\/a>","<a href=\"https:\/\/sindaopcpb.org.br\/paraiba\/\" class=\"advgb-post-tax-term\">Para\u00edba<\/a>","<a href=\"https:\/\/sindaopcpb.org.br\/procuradores\/\" class=\"advgb-post-tax-term\">Procuradores<\/a>"],"unlinked":["<span class=\"advgb-post-tax-term\">G1<\/span>","<span class=\"advgb-post-tax-term\">Galdino<\/span>","<span class=\"advgb-post-tax-term\">Para\u00edba<\/span>","<span class=\"advgb-post-tax-term\">Procuradores<\/span>"]},"tags":{"linked":["<a href=\"https:\/\/sindaopcpb.org.br\/procuradores\/\" class=\"advgb-post-tax-term\">g1<\/a>"],"unlinked":["<span class=\"advgb-post-tax-term\">g1<\/span>"]}},"comment_count":"0","relative_dates":{"created":"Publicado 3 anos atr\u00e1s","modified":"Atualizado 3 anos atr\u00e1s"},"absolute_dates":{"created":"Publicado em 10 de agosto de 2023","modified":"Atualizado em 10 de agosto de 2023"},"absolute_dates_time":{"created":"Publicado em 10 de agosto de 2023 10:51","modified":"Atualizado em 10 de agosto de 2023 10:51"},"featured_img_caption":"","series_order":"","_links":{"self":[{"href":"https:\/\/sindaopcpb.org.br\/index.php\/wp-json\/wp\/v2\/posts\/29063","targetHints":{"allow":["GET"]}}],"collection":[{"href":"https:\/\/sindaopcpb.org.br\/index.php\/wp-json\/wp\/v2\/posts"}],"about":[{"href":"https:\/\/sindaopcpb.org.br\/index.php\/wp-json\/wp\/v2\/types\/post"}],"author":[{"embeddable":true,"href":"https:\/\/sindaopcpb.org.br\/index.php\/wp-json\/wp\/v2\/users\/50"}],"replies":[{"embeddable":true,"href":"https:\/\/sindaopcpb.org.br\/index.php\/wp-json\/wp\/v2\/comments?post=29063"}],"version-history":[{"count":1,"href":"https:\/\/sindaopcpb.org.br\/index.php\/wp-json\/wp\/v2\/posts\/29063\/revisions"}],"predecessor-version":[{"id":29064,"href":"https:\/\/sindaopcpb.org.br\/index.php\/wp-json\/wp\/v2\/posts\/29063\/revisions\/29064"}],"wp:attachment":[{"href":"https:\/\/sindaopcpb.org.br\/index.php\/wp-json\/wp\/v2\/media?parent=29063"}],"wp:term":[{"taxonomy":"category","embeddable":true,"href":"https:\/\/sindaopcpb.org.br\/index.php\/wp-json\/wp\/v2\/categories?post=29063"},{"taxonomy":"post_tag","embeddable":true,"href":"https:\/\/sindaopcpb.org.br\/index.php\/wp-json\/wp\/v2\/tags?post=29063"}],"curies":[{"name":"wp","href":"https:\/\/api.w.org\/{rel}","templated":true}]}}